{"id":205061,"date":"2025-06-26T05:52:09","date_gmt":"2025-06-26T05:52:09","guid":{"rendered":"https:\/\/www.europesays.com\/fr\/205061\/"},"modified":"2025-06-26T05:52:09","modified_gmt":"2025-06-26T05:52:09","slug":"jardinier-bricoleur-garde-denfants-de-nombreux-postes-a-pourvoir-cet-ete-et-pas-que-en-ille-et-vilaine","status":"publish","type":"post","link":"https:\/\/www.europesays.com\/fr\/205061\/","title":{"rendered":"Jardinier, bricoleur, garde d&rsquo;enfants\u2026 De nombreux postes \u00e0 pourvoir cet \u00e9t\u00e9 (et pas que) en Ille-et-Vilaine"},"content":{"rendered":"<p>            Par<br \/>\n        <strong><br \/>\n            <a href=\"https:\/\/actu.fr\/auteur\/redaction-rennes\" title=\"Consulter tous les articles de R\u00e9daction Rennes\" rel=\"nofollow noopener\" target=\"_blank\">R\u00e9daction Rennes<\/a><br \/>\n        <\/strong><\/p>\n<p>        Publi\u00e9 le<\/p>\n<p>            26 juin 2025 \u00e0 6h36        <\/p>\n<p>L\u2019APEF, du groupe Oui Care, lance une campagne de <strong>recrutement<\/strong> partout en France. Dans le d\u00e9partement d\u2019Ille-et-Vilaine, 40 postes sont \u00e0 pourvoir dans le domaine des services \u00e0 la personne : <strong>auxiliaires de vie, jardiniers(\u00e8res), bricoleurs(ses), garde d\u2019enfants\u2026<\/strong><\/p>\n<p>Divers profils recherch\u00e9s<\/p>\n<p class=\" wall-content\">\u00ab\u00a0L\u2019objectif ? R\u00e9pondre<strong> aux besoins saisonniers<\/strong> (locations d\u2019\u00e9t\u00e9, rentr\u00e9e scolaire\u2026) tout en offrant <strong>de vraies perspectives d\u2019emploi<\/strong> dans un secteur en pleine croissance\u00a0\u00bb, indique le groupe via un communiqu\u00e9 de presse.<\/p>\n<p class=\" wall-content\"><strong>Plusieurs profils<\/strong> sont recherch\u00e9s :<\/p>\n<ul class=\" wall-content\">\n<li><strong>des \u00e9tudiants(es)<\/strong> : tous niveaux d\u2019\u00e9tudes, \u00ab\u00a0motivation et bienveillance exig\u00e9es\u00a0\u00bb ;<\/li>\n<li><strong> des professionnels(les)<\/strong> du secteur : exp\u00e9rience appr\u00e9ci\u00e9e, mais non obligatoire, \u00ab\u00a0reconversions bienvenues\u00a0\u00bb ;\u00a0<\/li>\n<li><strong>des demandeurs(ses)<\/strong> d\u2019emploi en qu\u00eate de sens.<\/li>\n<\/ul>\n<p class=\" wall-content\">La formation et l\u2019accompagnement seront pris en charge par l\u2019APEF.<\/p>\n<p>Vid\u00e9os : en ce moment sur ActuUne p\u00e9nurie<\/p>\n<p class=\" wall-content\">Le secteur des services \u00e0 la personne est en effet \u00ab\u00a0face \u00e0 <strong>une p\u00e9nurie de 500 000 emplois d\u2019ici \u00e0 2030\u2033,<\/strong> pr\u00e9cise l\u2019APEF.\u00a0<\/p>\n<p class=\" wall-content\">Au total, en France, cette ann\u00e9e, plus de 1 000 postes sont \u00e0 pourvoir cet \u00e9t\u00e9, soit une dizaine de postes (CDD ou CDI) par agence (au nombre de 127) sont disponibles.<\/p>\n<p class=\" wall-content\">En Ille-et-Vilaine, l\u2019APEF recrute dans les agences de <strong>Rennes, Bruz, Redon<\/strong> et <strong>Saint-Malo.<\/strong><\/p>\n<p>Comment candidater ?<\/p>\n<p class=\" wall-content\">Les candidats(es) int\u00e9ress\u00e9s(\u00e9es) peuvent d\u00e9poser leur <strong>CV<\/strong> aupr\u00e8s d\u2019une agence APEF<br \/>et \u00e9changer directement avec les \u00e9quipes sur place.<\/p>\n<p class=\" wall-content\">Il est \u00e9galement possible de postuler <strong>en ligne<\/strong>\u00a0via la page d\u00e9di\u00e9e : Candidature spontan\u00e9e \u2013 APEF Recrute (c\u2019est <a href=\"https:\/\/www.apefrecrute.fr\/rejoignez-nous#\/\" rel=\"nofollow noopener\" target=\"_blank\">ici<\/a>).<\/p>\n<p class=\" wall-content\">Suivez toute l\u2019actualit\u00e9 de vos villes et m\u00e9dias favoris en vous inscrivant \u00e0 <a href=\"https:\/\/moncompte.actu.fr\" title=\"D\u00e9couvez Mon Actu\" rel=\"nofollow noopener\" data-trk=\"{&quot;cta&quot;:{&quot;action&quot;:&quot;https:\\\/\\\/moncompte.actu.fr&quot;,&quot;category&quot;:&quot;mon compte&quot;,&quot;from&quot;:&quot;article footer&quot;,&quot;name&quot;:&quot;Mon actu&quot;,&quot;type&quot;:&quot;cta&quot;}}\" target=\"_blank\">Mon Actu<\/a>.<\/p>\n","protected":false},"excerpt":{"rendered":"Par R\u00e9daction Rennes Publi\u00e9 le 26 juin 2025 \u00e0 6h36 L\u2019APEF, du groupe Oui Care, lance une campagne&hellip;\n","protected":false},"author":2,"featured_media":205062,"comment_status":"","ping_status":"","sticky":false,"template":"","format":"standard","meta":{"footnotes":""},"categories":[2821],"tags":[1111,11,829,33,341,1777,674,1011,27,12,584,25],"class_list":{"0":"post-205061","1":"post","2":"type-post","3":"status-publish","4":"format-standard","5":"has-post-thumbnail","7":"category-rennes","8":"tag-actu","9":"tag-actualites","10":"tag-bretagne","11":"tag-economie","12":"tag-emploi","13":"tag-eu","14":"tag-europe","15":"tag-fr","16":"tag-france","17":"tag-news","18":"tag-rennes","19":"tag-republique-francaise"},"share_on_mastodon":{"url":"https:\/\/pubeurope.com\/@fr\/114748112507852889","error":""},"_links":{"self":[{"href":"https:\/\/www.europesays.com\/fr\/wp-json\/wp\/v2\/posts\/205061","targetHints":{"allow":["GET"]}}],"collection":[{"href":"https:\/\/www.europesays.com\/fr\/wp-json\/wp\/v2\/posts"}],"about":[{"href":"https:\/\/www.europesays.com\/fr\/wp-json\/wp\/v2\/types\/post"}],"author":[{"embeddable":true,"href":"https:\/\/www.europesays.com\/fr\/wp-json\/wp\/v2\/users\/2"}],"replies":[{"embeddable":true,"href":"https:\/\/www.europesays.com\/fr\/wp-json\/wp\/v2\/comments?post=205061"}],"version-history":[{"count":0,"href":"https:\/\/www.europesays.com\/fr\/wp-json\/wp\/v2\/posts\/205061\/revisions"}],"wp:featuredmedia":[{"embeddable":true,"href":"https:\/\/www.europesays.com\/fr\/wp-json\/wp\/v2\/media\/205062"}],"wp:attachment":[{"href":"https:\/\/www.europesays.com\/fr\/wp-json\/wp\/v2\/media?parent=205061"}],"wp:term":[{"taxonomy":"category","embeddable":true,"href":"https:\/\/www.europesays.com\/fr\/wp-json\/wp\/v2\/categories?post=205061"},{"taxonomy":"post_tag","embeddable":true,"href":"https:\/\/www.europesays.com\/fr\/wp-json\/wp\/v2\/tags?post=205061"}],"curies":[{"name":"wp","href":"https:\/\/api.w.org\/{rel}","templated":true}]}}