{"id":205065,"date":"2025-06-26T05:54:10","date_gmt":"2025-06-26T05:54:10","guid":{"rendered":"https:\/\/www.europesays.com\/fr\/205065\/"},"modified":"2025-06-26T05:54:10","modified_gmt":"2025-06-26T05:54:10","slug":"strasbourg-luminiscence-spectacle-immersif-a-decouvrir-fin-aout-a-la-cathedrale","status":"publish","type":"post","link":"https:\/\/www.europesays.com\/fr\/205065\/","title":{"rendered":"Strasbourg. Luminiscence, spectacle immersif \u00e0 d\u00e9couvrir fin ao\u00fbt \u00e0 la cath\u00e9drale"},"content":{"rendered":"<p>\u201cLuminiscence\u201d a \u00e9t\u00e9 con\u00e7u par une start-up, Lotchi et les Ateliers BK. Le spectacle est voulu immersif, \u00e0\u00a0360\u00b0. Gr\u00e2ce \u00e0 une mod\u00e9lisation en 3D de la cath\u00e9drale de Strasbourg, il est possible de projeter des images et tableaux sur tous ses reliefs, la nef, les arches, les piliers, transfigur\u00e9s par un dispositif de vid\u00e9o mapping. Pour accompagner ce r\u00e9cit imag\u00e9 en quatre actes, dans lequel est immerg\u00e9 le spectateur, un ch\u0153ur en live est annonc\u00e9.<\/p>\n<p>  On peut s\u2019inscrire en ligne avant l\u2019ouverture officielle de la billetterie le 2\u00a0juillet<\/p>\n<p>Cet \u00e9t\u00e9, des repr\u00e9sentations sont programm\u00e9es \u00e0 Nice, Reims, Perpignan, La\u00a0Rochelle, Aix-en-Provence, mais aussi \u00e0 San Sebastian en Espagne et M\u00fcnster en Allemagne. Une s\u00e9rie de dates sont pr\u00e9vues\u00a0\u00e0 la cath\u00e9drale de Strasbourg \u00e0 partir du 29\u00a0ao\u00fbt.<\/p>\n<p>Une liste d\u2019attente est ouverte jusqu\u2019au 2\u00a0juillet \u00e0 12\u00a0h via un partenaire en charge de la billetterie, Fever, qui s\u2019occupe par ailleurs des concerts \u201c\u00e0 la bougie\u201d Candlelight. Elle doit permettre d\u2019acc\u00e9der \u00e0 l\u2019achat de billets en avant-premi\u00e8re, avec une petite ristourne, sachant que les premiers prix sont annonc\u00e9s \u00e0 23\u00a0\u20ac. L\u2019entr\u00e9e est libre pour les enfants de 4 ans et moins, accept\u00e9s sur les genoux des parents.<\/p>\n<p class=\"note\">Dur\u00e9e\u00a0: 60 minutes. Renseignements\u00a0: <a href=\"https:\/\/luminiscence.com\/strasbourg\/\" target=\"_blank\" rel=\"nofollow noopener\">luminiscence.com\/strasbourg<\/a><\/p>\n","protected":false},"excerpt":{"rendered":"\u201cLuminiscence\u201d a \u00e9t\u00e9 con\u00e7u par une start-up, Lotchi et les Ateliers BK. Le spectacle est voulu immersif, \u00e0\u00a0360\u00b0.&hellip;\n","protected":false},"author":2,"featured_media":205066,"comment_status":"","ping_status":"","sticky":false,"template":"","format":"standard","meta":{"footnotes":""},"categories":[2820],"tags":[1111,11,2389,1687,1777,674,107,1011,27,775,873,12,2661,25,3140,640],"class_list":{"0":"post-205065","1":"post","2":"type-post","3":"status-publish","4":"format-standard","5":"has-post-thumbnail","7":"category-strasbourg","8":"tag-actu","9":"tag-actualites","10":"tag-alsace","11":"tag-culture-loisirs","12":"tag-eu","13":"tag-europe","14":"tag-fil-info","15":"tag-fr","16":"tag-france","17":"tag-grand-est","18":"tag-musique","19":"tag-news","20":"tag-patrimoine-culturel","21":"tag-republique-francaise","22":"tag-spectacle","23":"tag-strasbourg"},"share_on_mastodon":{"url":"https:\/\/pubeurope.com\/@fr\/114748120300261212","error":""},"_links":{"self":[{"href":"https:\/\/www.europesays.com\/fr\/wp-json\/wp\/v2\/posts\/205065","targetHints":{"allow":["GET"]}}],"collection":[{"href":"https:\/\/www.europesays.com\/fr\/wp-json\/wp\/v2\/posts"}],"about":[{"href":"https:\/\/www.europesays.com\/fr\/wp-json\/wp\/v2\/types\/post"}],"author":[{"embeddable":true,"href":"https:\/\/www.europesays.com\/fr\/wp-json\/wp\/v2\/users\/2"}],"replies":[{"embeddable":true,"href":"https:\/\/www.europesays.com\/fr\/wp-json\/wp\/v2\/comments?post=205065"}],"version-history":[{"count":0,"href":"https:\/\/www.europesays.com\/fr\/wp-json\/wp\/v2\/posts\/205065\/revisions"}],"wp:featuredmedia":[{"embeddable":true,"href":"https:\/\/www.europesays.com\/fr\/wp-json\/wp\/v2\/media\/205066"}],"wp:attachment":[{"href":"https:\/\/www.europesays.com\/fr\/wp-json\/wp\/v2\/media?parent=205065"}],"wp:term":[{"taxonomy":"category","embeddable":true,"href":"https:\/\/www.europesays.com\/fr\/wp-json\/wp\/v2\/categories?post=205065"},{"taxonomy":"post_tag","embeddable":true,"href":"https:\/\/www.europesays.com\/fr\/wp-json\/wp\/v2\/tags?post=205065"}],"curies":[{"name":"wp","href":"https:\/\/api.w.org\/{rel}","templated":true}]}}