{"id":205067,"date":"2025-06-26T05:55:10","date_gmt":"2025-06-26T05:55:10","guid":{"rendered":"https:\/\/www.europesays.com\/fr\/205067\/"},"modified":"2025-06-26T05:55:10","modified_gmt":"2025-06-26T05:55:10","slug":"strasbourg-un-incendie-maitrise-au-3e-etage-dun-immeuble-pas-de-victime","status":"publish","type":"post","link":"https:\/\/www.europesays.com\/fr\/205067\/","title":{"rendered":"Strasbourg. Un incendie ma\u00eetris\u00e9 au 3e \u00e9tage d&rsquo;un immeuble, pas de victime"},"content":{"rendered":"<p>Les sapeurs-pompiers du Bas-Rhin sont intervenus mercredi matin vers 5h45 pour un feu d&rsquo;appartement au 3\u00e8me \u00e9tage d&rsquo;un b\u00e2timent comportant 5 \u00e9tages, au 16 avenue Fran\u00e7ois Mitterrand. A l&rsquo;arriv\u00e9e des secours, plusieurs personnes se manifestaient aux fen\u00eatres et balcons et ont \u00e9t\u00e9 \u00e9vacu\u00e9es par les secours sur place. L&rsquo;incendie a rapidement \u00e9t\u00e9 ma\u00eetris\u00e9, et le bilan actuel ne fait pas \u00e9tat de victime.<\/p>\n","protected":false},"excerpt":{"rendered":"Les sapeurs-pompiers du Bas-Rhin sont intervenus mercredi matin vers 5h45 pour un feu d&rsquo;appartement au 3\u00e8me \u00e9tage d&rsquo;un&hellip;\n","protected":false},"author":2,"featured_media":205068,"comment_status":"","ping_status":"","sticky":false,"template":"","format":"standard","meta":{"footnotes":""},"categories":[2820],"tags":[1111,11,2880,1777,674,274,107,1011,27,775,1310,12,25,640],"class_list":{"0":"post-205067","1":"post","2":"type-post","3":"status-publish","4":"format-standard","5":"has-post-thumbnail","7":"category-strasbourg","8":"tag-actu","9":"tag-actualites","10":"tag-edition-strasbourg","11":"tag-eu","12":"tag-europe","13":"tag-faits-divers-justice","14":"tag-fil-info","15":"tag-fr","16":"tag-france","17":"tag-grand-est","18":"tag-incendie","19":"tag-news","20":"tag-republique-francaise","21":"tag-strasbourg"},"share_on_mastodon":{"url":"https:\/\/pubeurope.com\/@fr\/114748124266891256","error":""},"_links":{"self":[{"href":"https:\/\/www.europesays.com\/fr\/wp-json\/wp\/v2\/posts\/205067","targetHints":{"allow":["GET"]}}],"collection":[{"href":"https:\/\/www.europesays.com\/fr\/wp-json\/wp\/v2\/posts"}],"about":[{"href":"https:\/\/www.europesays.com\/fr\/wp-json\/wp\/v2\/types\/post"}],"author":[{"embeddable":true,"href":"https:\/\/www.europesays.com\/fr\/wp-json\/wp\/v2\/users\/2"}],"replies":[{"embeddable":true,"href":"https:\/\/www.europesays.com\/fr\/wp-json\/wp\/v2\/comments?post=205067"}],"version-history":[{"count":0,"href":"https:\/\/www.europesays.com\/fr\/wp-json\/wp\/v2\/posts\/205067\/revisions"}],"wp:featuredmedia":[{"embeddable":true,"href":"https:\/\/www.europesays.com\/fr\/wp-json\/wp\/v2\/media\/205068"}],"wp:attachment":[{"href":"https:\/\/www.europesays.com\/fr\/wp-json\/wp\/v2\/media?parent=205067"}],"wp:term":[{"taxonomy":"category","embeddable":true,"href":"https:\/\/www.europesays.com\/fr\/wp-json\/wp\/v2\/categories?post=205067"},{"taxonomy":"post_tag","embeddable":true,"href":"https:\/\/www.europesays.com\/fr\/wp-json\/wp\/v2\/tags?post=205067"}],"curies":[{"name":"wp","href":"https:\/\/api.w.org\/{rel}","templated":true}]}}