{"id":205073,"date":"2025-06-26T05:58:09","date_gmt":"2025-06-26T05:58:09","guid":{"rendered":"https:\/\/www.europesays.com\/fr\/205073\/"},"modified":"2025-06-26T05:58:09","modified_gmt":"2025-06-26T05:58:09","slug":"des-composteurs-dans-les-23-communes-pour-trier-les-dechets-alimentaires","status":"publish","type":"post","link":"https:\/\/www.europesays.com\/fr\/205073\/","title":{"rendered":"des composteurs dans les 23 communes pour trier les d\u00e9chets alimentaires"},"content":{"rendered":"<p>            Par<br \/>\n        <strong><br \/>\n            <a href=\"https:\/\/actu.fr\/auteur\/laure-gentil\" title=\"Consulter tous les articles de Laure Gentil\" target=\"_blank\" rel=\"noopener\">Laure Gentil<\/a><br \/>\n        <\/strong><\/p>\n<p>        Publi\u00e9 le<\/p>\n<p>            26 juin 2025 \u00e0 7h32        <\/p>\n<p>Depuis 2023,<strong> Nantes M\u00e9tropole<\/strong> a d\u00e9ploy\u00e9<a href=\"https:\/\/actu.fr\/pays-de-la-loire\/nantes_44109\/nantes-un-seau-a-compost-dans-chaque-foyer-d-ici-2026-voici-comment-ca-marche_47213625.html\" target=\"_blank\" rel=\"noopener\"> 2\u2009500 points de collecte des d\u00e9chets alimentaires<\/a>. Selon la collectivit\u00e9, ces d\u00e9chets \u00ab\u2009repr\u00e9sentent pr\u00e8s d\u2019un tiers du contenu des poubelles d\u2019ordures\u2009\u00bb et leur tri \u00ab\u2009constitue donc un levier majeur de r\u00e9duction des ordures m\u00e9nag\u00e8res incin\u00e9r\u00e9es et leur valorisation contribue \u00e0 la pr\u00e9servation de la qualit\u00e9 des sols agricoles\u2009\u00bb.<\/p>\n<p class=\" wall-content\">En septembre prochain et d\u2019ici fin 2027, \u00ab\u2009une deuxi\u00e8me phase de d\u00e9ploiement\u2009\u00bb est pr\u00e9vue sur les<strong> 23\u00a0communes de la M\u00e9tropole<\/strong>. Trois dispositifs seront propos\u00e9s\u2009: le compostage individuel, le compostage collectif et les points de collecte.<\/p>\n<p class=\" wall-content\">Le but pour la M\u00e9tropole est de<strong> r\u00e9duire de\u00a020\u2009% par habitant les d\u00e9chets m\u00e9nagers<\/strong> par rapport \u00e0 2010 et atteindre \u00ab\u2009un<strong> taux de valorisation mati\u00e8re\u00a0de 65\u2009%\u2009\u00bb<\/strong> \u00e0 l\u2019horizon 2030.<\/p>\n<p>\u00ab\u2009Un geste concret\u2009\u00bb<\/p>\n<p class=\" wall-content\">Selon Mahel Coppey, vice-pr\u00e9sidente de Nantes M\u00e9tropole d\u00e9l\u00e9gu\u00e9e aux d\u00e9chets, l\u2019\u00e9conomie circulaire et l\u2019\u00e9conomie sociale et solidaire, il s\u2019agit d\u2019un \u00ab\u2009geste concret, \u00e0 la port\u00e9e de tous et de toutes, pour r\u00e9duire nos d\u00e9chets et contribuer \u00e0 pr\u00e9server la qualit\u00e9 des sols agricoles\u2009\u00bb.<\/p>\n<ul class=\" wall-content\">\n<li><strong>2\u2009100 points de collecte<\/strong> seront install\u00e9s entre septembre\u00a02025 et avril\u00a02026 dans les zones \u00e0 forte densit\u00e9 urbaine (105\u2009000 foyers concern\u00e9s)\u2009;<\/li>\n<li><strong>400 composteurs collectifs<\/strong>, accessibles 24h\/24 et 7J\/7 seront d\u00e9ploy\u00e9s durant deux ans (en fonction des validations des bailleurs sociaux et copropri\u00e9t\u00e9s) pour les logements collectifs situ\u00e9s dans des zones \u00e0 plus faible densit\u00e9 urbaine (12\u2009000 foyers concern\u00e9s)\u2009;<\/li>\n<li><strong>25\u2009000 composteurs individuels (de 150 litres ou 300 litres)<\/strong> seront distribu\u00e9s gratuitement pendant un an (avec inscription pr\u00e9alable en ligne) pour les personnes habitant dans des maisons ou des petits collectifs (moins de 15 logements) disposant d\u2019un jardin ou d\u2019un espace ext\u00e9rieur et situ\u00e9s dans des zones \u00e0 plus faible densit\u00e9 urbaine (25\u2009000 foyers concern\u00e9s). Le<a href=\"https:\/\/formulaires.eservices-metropole.nantes.fr\/dechets-poubelles\/rendez-vous-composteur-individuel\/\" target=\"_blank\" rel=\"noopener\"> planning de prise de rendez-vous en ligne pour la distribution de composteurs individuels <\/a>d\u00e8s le mois de septembre est ouvert \u00e0 partir de ce mercredi 25\u00a0juin 2025 (100 stands par mois).<\/li>\n<\/ul>\n<p>Vid\u00e9os : en ce moment sur Actu<\/p>\n<p class=\" wall-content\">Des <strong>courriers<\/strong> seront adress\u00e9s aux habitantes et aux habitants pour les informer du dispositif qui les concerne et du <strong>calendrier d\u2019installation ou de distribution<\/strong>.<\/p>\n<p class=\" wall-content\">Suivez toute l\u2019actualit\u00e9 de vos villes et m\u00e9dias favoris en vous inscrivant \u00e0 <a href=\"https:\/\/moncompte.actu.fr\" title=\"D\u00e9couvez Mon Actu\" rel=\"nofollow noopener\" data-trk=\"{&quot;cta&quot;:{&quot;action&quot;:&quot;https:\\\/\\\/moncompte.actu.fr&quot;,&quot;category&quot;:&quot;mon compte&quot;,&quot;from&quot;:&quot;article footer&quot;,&quot;name&quot;:&quot;Mon actu&quot;,&quot;type&quot;:&quot;cta&quot;}}\" target=\"_blank\">Mon Actu<\/a>.<\/p>\n","protected":false},"excerpt":{"rendered":"Par Laure Gentil Publi\u00e9 le 26 juin 2025 \u00e0 7h32 Depuis 2023, Nantes M\u00e9tropole a d\u00e9ploy\u00e9 2\u2009500 points&hellip;\n","protected":false},"author":2,"featured_media":205074,"comment_status":"","ping_status":"","sticky":false,"template":"","format":"standard","meta":{"footnotes":""},"categories":[2818],"tags":[1111,11,3008,1777,674,1011,27,766,12,2636,52,25,15097],"class_list":{"0":"post-205073","1":"post","2":"type-post","3":"status-publish","4":"format-standard","5":"has-post-thumbnail","7":"category-nantes","8":"tag-actu","9":"tag-actualites","10":"tag-dechets","11":"tag-eu","12":"tag-europe","13":"tag-fr","14":"tag-france","15":"tag-nantes","16":"tag-news","17":"tag-pays-de-la-loire","18":"tag-planete","19":"tag-republique-francaise","20":"tag-solutions"},"share_on_mastodon":{"url":"https:\/\/pubeurope.com\/@fr\/114748136084178768","error":""},"_links":{"self":[{"href":"https:\/\/www.europesays.com\/fr\/wp-json\/wp\/v2\/posts\/205073","targetHints":{"allow":["GET"]}}],"collection":[{"href":"https:\/\/www.europesays.com\/fr\/wp-json\/wp\/v2\/posts"}],"about":[{"href":"https:\/\/www.europesays.com\/fr\/wp-json\/wp\/v2\/types\/post"}],"author":[{"embeddable":true,"href":"https:\/\/www.europesays.com\/fr\/wp-json\/wp\/v2\/users\/2"}],"replies":[{"embeddable":true,"href":"https:\/\/www.europesays.com\/fr\/wp-json\/wp\/v2\/comments?post=205073"}],"version-history":[{"count":0,"href":"https:\/\/www.europesays.com\/fr\/wp-json\/wp\/v2\/posts\/205073\/revisions"}],"wp:featuredmedia":[{"embeddable":true,"href":"https:\/\/www.europesays.com\/fr\/wp-json\/wp\/v2\/media\/205074"}],"wp:attachment":[{"href":"https:\/\/www.europesays.com\/fr\/wp-json\/wp\/v2\/media?parent=205073"}],"wp:term":[{"taxonomy":"category","embeddable":true,"href":"https:\/\/www.europesays.com\/fr\/wp-json\/wp\/v2\/categories?post=205073"},{"taxonomy":"post_tag","embeddable":true,"href":"https:\/\/www.europesays.com\/fr\/wp-json\/wp\/v2\/tags?post=205073"}],"curies":[{"name":"wp","href":"https:\/\/api.w.org\/{rel}","templated":true}]}}