{"id":205075,"date":"2025-06-26T05:59:34","date_gmt":"2025-06-26T05:59:34","guid":{"rendered":"https:\/\/www.europesays.com\/fr\/205075\/"},"modified":"2025-06-26T05:59:34","modified_gmt":"2025-06-26T05:59:34","slug":"football-mercato-le-fc-nantes-tient-sa-premiere-recrue-sport","status":"publish","type":"post","link":"https:\/\/www.europesays.com\/fr\/205075\/","title":{"rendered":"Football. Mercato\u00a0: le FC Nantes tient sa premi\u00e8re recrue . Sport"},"content":{"rendered":"<p>Apr\u00e8s le d\u00e9part de plusieurs cadres, <a href=\"https:\/\/nantes.maville.com\/sport\/detail_-football.-mercato-apres-le-fc-nantes-direction-le-stade-de-reims-pour-nicolas-pallois-_52716-6870842_actu.Htm\" target=\"_blank\" rel=\"noopener\">Nicolas Pallois (vers Reims),<\/a> <a href=\"https:\/\/nantes.maville.com\/sport\/detail_-fc-nantes.-mercato-moses-simon-file-au-paris-fc-_52716-6859610_actu.Htm\" target=\"_blank\" rel=\"noopener\">Moses Simon (Paris FC),<\/a> <a href=\"https:\/\/nantes.maville.com\/sport\/detail_-fc-nantes.-mercato-douglas-augusto-va-partir-en-russie-_8-6867290_actu.Htm\" target=\"_blank\" rel=\"noopener\">Douglas Augusto (Krasnodar)<\/a> et <a href=\"https:\/\/nantes.maville.com\/sport\/detail_-fc-nantes.-mercato-le-capitaine-des-canaris-sur-le-point-de-partir-lui-aussi-_8-6870826_actu.Htm\" target=\"_blank\" rel=\"noopener\">Pedro Chirivella (Panathina\u00efkos),<\/a> le FC Nantes tient enfin sa premi\u00e8re recrue.<\/p>\n<p>Selon Ouest-France, une information que nous sommes en mesure de confirmer, le d\u00e9fenseur central droitier (qui peut d\u00e9panner au\u00a0poste de milieu d\u00e9fensif) Uros Radakovic va rejoindre les bords de l\u2019Erdre, une fois qu\u2019il aura satisfait \u00e0 la visite m\u00e9dicale ce lundi 30\u00a0juin 2025.<\/p>\n<p>Ancien co\u00e9quipier de Samuel Moutoussamy<\/p>\n<p>Le solide Serbe (1,94\u00a0m) va s\u2019engager pour deux saisons avec les Canaris. Form\u00e9 \u00e0 l\u2019Etoile Rouge de Belgrade, c\u2019est un v\u00e9ritable globe-trotter puisqu\u2019il a d\u00e9j\u00e0 \u00e9volu\u00e9 dans de tr\u00e8s nombreux clubs\u00a0: Bologne, Novara, Olomouc, Sparta Prague, Orenburg, Astana, Wisla Cracovie, Arsenal Tula, Ankarag\u00fcc\u00fc et donc Sivasspor.<\/p>\n<p>Il \u00e9voluait la saison derni\u00e8re en Turquie, \u00e0 Sivasspor o\u00f9 il \u00e9tait co\u00e9quipier d\u2019un ancien Canari, Samuel Moutoussamy. Il a \u00e9t\u00e9 lib\u00e9r\u00e9 de son contrat par le 17e de S\u00fcperLig et rel\u00e9gu\u00e9 en 2e\u00a0division. Il a particip\u00e9 cette saison \u00e0 29\u00a0rencontres de championnat pour quatre buts.<\/p>\n<p>\u00a0<\/p>\n","protected":false},"excerpt":{"rendered":"Apr\u00e8s le d\u00e9part de plusieurs cadres, Nicolas Pallois (vers Reims), Moses Simon (Paris FC), Douglas Augusto (Krasnodar) et&hellip;\n","protected":false},"author":2,"featured_media":205076,"comment_status":"","ping_status":"","sticky":false,"template":"","format":"standard","meta":{"footnotes":""},"categories":[2818],"tags":[1111,11,3809,1465,1777,674,63,1011,27,1792,1922,766,12,2636,25,479,517,1470],"class_list":{"0":"post-205075","1":"post","2":"type-post","3":"status-publish","4":"format-standard","5":"has-post-thumbnail","7":"category-nantes","8":"tag-actu","9":"tag-actualites","10":"tag-ball","11":"tag-basket","12":"tag-eu","13":"tag-europe","14":"tag-football","15":"tag-fr","16":"tag-france","17":"tag-handball","18":"tag-info","19":"tag-nantes","20":"tag-news","21":"tag-pays-de-la-loire","22":"tag-republique-francaise","23":"tag-rugby","24":"tag-sport","25":"tag-volley"},"share_on_mastodon":{"url":"https:\/\/pubeurope.com\/@fr\/114748140028833051","error":""},"_links":{"self":[{"href":"https:\/\/www.europesays.com\/fr\/wp-json\/wp\/v2\/posts\/205075","targetHints":{"allow":["GET"]}}],"collection":[{"href":"https:\/\/www.europesays.com\/fr\/wp-json\/wp\/v2\/posts"}],"about":[{"href":"https:\/\/www.europesays.com\/fr\/wp-json\/wp\/v2\/types\/post"}],"author":[{"embeddable":true,"href":"https:\/\/www.europesays.com\/fr\/wp-json\/wp\/v2\/users\/2"}],"replies":[{"embeddable":true,"href":"https:\/\/www.europesays.com\/fr\/wp-json\/wp\/v2\/comments?post=205075"}],"version-history":[{"count":0,"href":"https:\/\/www.europesays.com\/fr\/wp-json\/wp\/v2\/posts\/205075\/revisions"}],"wp:featuredmedia":[{"embeddable":true,"href":"https:\/\/www.europesays.com\/fr\/wp-json\/wp\/v2\/media\/205076"}],"wp:attachment":[{"href":"https:\/\/www.europesays.com\/fr\/wp-json\/wp\/v2\/media?parent=205075"}],"wp:term":[{"taxonomy":"category","embeddable":true,"href":"https:\/\/www.europesays.com\/fr\/wp-json\/wp\/v2\/categories?post=205075"},{"taxonomy":"post_tag","embeddable":true,"href":"https:\/\/www.europesays.com\/fr\/wp-json\/wp\/v2\/tags?post=205075"}],"curies":[{"name":"wp","href":"https:\/\/api.w.org\/{rel}","templated":true}]}}