{"id":205081,"date":"2025-06-26T06:02:13","date_gmt":"2025-06-26T06:02:13","guid":{"rendered":"https:\/\/www.europesays.com\/fr\/205081\/"},"modified":"2025-06-26T06:02:13","modified_gmt":"2025-06-26T06:02:13","slug":"un-supermarche-venu-du-futur-sinstalle-a-toulouse","status":"publish","type":"post","link":"https:\/\/www.europesays.com\/fr\/205081\/","title":{"rendered":"un supermarch\u00e9 venu du futur s\u2019installe \u00e0 Toulouse"},"content":{"rendered":"<p>            Par<br \/>\n        <strong><br \/>\n            <a href=\"https:\/\/actu.fr\/auteur\/lea-afonso\" title=\"Consulter tous les articles de L\u00e9a Afonso\" target=\"_blank\" rel=\"noopener\">L\u00e9a Afonso<\/a><br \/>\n        <\/strong><\/p>\n<p>        Publi\u00e9 le<\/p>\n<p>            26 juin 2025 \u00e0 7h12        <\/p>\n<p>Un Astra B612, un FrigoSobre ou encore une Grap\u2019do\u2026 Ces noms ne vous disent peut-\u00eatre rien aujourd\u2019hui, mais ils pourraient bien faire partie de notre quotidien dans un futur proche. \u00c0 <a href=\"https:\/\/actu.fr\/toulouse\/\" target=\"_blank\" rel=\"noopener\">Toulouse<\/a>, une boutique \u00e9ph\u00e9m\u00e8re install\u00e9e dans un semi-remorque sur les all\u00e9es Jules-Guesde propose aux passants de faire un bond dans le temps\u2009:<strong> faire ses courses comme en 2050<\/strong>. Bienvenue chez \u00ab<strong>\u2009Fiction 2050<\/strong>\u2009\u00bb, une initiative originale port\u00e9e par l\u2019association <a href=\"https:\/\/www.instantscience.fr\/\" target=\"_blank\" rel=\"noopener\">Instant Sciences<\/a>.<\/p>\n<p>Faire ses courses\u2026 mais en 2050\u2009!<\/p>\n<p class=\" wall-content\">D\u00e8s les premi\u00e8res secondes dans ce \u00ab\u2009supermarch\u00e9 du futur\u2009\u00bb, le d\u00e9paysement est total. Rayons remplis de <strong>p\u00e2tes \u00e0 base d\u2019insectes, de sucettes de mille-pattes, de grappes d\u2019eau comestibles<\/strong>, objets connect\u00e9s aux allures futuristes\u2026 Tout semble tout droit sorti d\u2019un film de science-fiction.<\/p>\n<p>    <img   decoding=\"async\" loading=\"lazy\" src=\"https:\/\/www.europesays.com\/fr\/wp-content\/uploads\/2025\/06\/boutique-fiction-2050-3-960x640.jpg\" alt=\"Un FrigoSobre, qui permettra de r\u00e9frig\u00e9rer les aliments sans utilisation de l'\u00e9lectricit\u00e9.\" width=\"960\" height=\"640\"\/><br \/>\n    Un FrigoSobre, qui permettra de r\u00e9frig\u00e9rer les aliments sans utilisation de l\u2019\u00e9lectricit\u00e9. (\u00a9L\u00e9a Afonso \/ Actu Toulouse)<\/p>\n<p class=\" wall-content\">Ici, pas de caisse traditionnelle\u2009: les visiteurs scannent des QR codes correspondant aux produits, s\u00e9lectionnent entre 5 et 10 articles, valident leur panier sur leur smartphone\u2026 et paient directement en ligne. Une fois leur \u00ab\u2009ticket de caisse\u2009\u00bb en poche, ils remportent un <strong>voyage immersif<\/strong> dans l\u2019un des quatre <strong>sc\u00e9narios de futurs imagin\u00e9s par l\u2019ADEME<\/strong> (Agence de la transition \u00e9cologique).<\/p>\n<p class=\" wall-content\">\u00ab\u2009Tout cela n\u2019est bien s\u00fbr qu\u2019une mise en sc\u00e8ne, mais elle permet une vraie prise de conscience\u2009\u00bb, explique Damien, m\u00e9diateur scientifique sur le projet.<\/p>\n<p>Dans quel futur vivrons-nous\u2009?<\/p>\n<p class=\" wall-content\">L\u2019objectif de la boutique Fiction 2050\u2009?<strong> Faire r\u00e9fl\u00e9chir \u00e0 notre avenir<\/strong> commun \u00e0 travers un plusieurs aspects. \u00ab\u2009Alimentaire, mobilit\u00e9, logement, sant\u00e9\u2009\u00bb, cite Lucas, co-chef de projet.<\/p>\n<p class=\" wall-content\">\u00ab\u2009L\u2019id\u00e9e est de<strong> sensibiliser de mani\u00e8re ludique \u00e0 des enjeux tr\u00e8s s\u00e9rieux<\/strong>. Apr\u00e8s l\u2019exp\u00e9rience, les visiteurs d\u00e9couvrent les quatre futurs imagin\u00e9s par l\u2019Ademe\u2009\u00bb, pr\u00e9cise-t-il. Ces quatre sc\u00e9narios sont\u2009:<\/p>\n<ul class=\" wall-content\">\n<li>La <strong>g\u00e9n\u00e9ration frugale<\/strong>\u2009: \u00ab\u2009l\u00e0 o\u00f9 on va r\u00e9orienter notre mode de consommation\u2009\u00bb ;<\/li>\n<li>Les <strong>coop\u00e9rations territoriales<\/strong>\u2009: \u00ab\u2009avec une logique de coop\u00e9ration entre la petite et moyenne \u00e9chelle en France\u2009\u00bb ;<\/li>\n<li>Les <strong>technologies vertes<\/strong>\u2009: \u00ab\u2009ax\u00e9e sur le fait qu\u2019on arriverait \u00e0 d\u00e9carbonater et inventer des nouvelles technologies qui \u00e9mettraient moins de CO2\u2009\u00bb ;<\/li>\n<li>Le <strong>pari r\u00e9parateur<\/strong>\u2009: \u00ab\u2009c\u2019est le plus risqu\u00e9, celui de faire le pari qu\u2019on arriverait \u00e0 maintenir les m\u00eames modes de consommations d\u2019aujourd\u2019hui mais en trouvant des solutions pour compenser nos \u00e9missions d\u2019effet de serre\u2009\u00bb.<\/li>\n<\/ul>\n<p>    <img   decoding=\"async\" loading=\"lazy\" src=\"https:\/\/www.europesays.com\/fr\/wp-content\/uploads\/2025\/06\/boutique-fiction-2050-4-960x640.jpg\" alt=\"Un parcours ludique qui am\u00e8ne aux quatre futurs imagin\u00e9s par l'Ademe.\" width=\"960\" height=\"640\"\/><br \/>\n    Un parcours ludique qui am\u00e8ne aux quatre futurs imagin\u00e9s par l\u2019Ademe.Une id\u00e9e \u00e0 partir d\u2019un constat<\/p>\n<p class=\" wall-content\">\u00ab\u2009L\u2019id\u00e9e de Fiction 2050 est partie du <strong>6e rapport du Giec<\/strong>, qui dit que l\u2019on fait face \u00e0 une urgence climatique et que si l\u2019on ne fait rien, \u00e7a va impacter notre quotidien. C\u2019est un bloc de catastrophes qui peut nous arriver\u2009\u00bb, soutient Lucas.<\/p>\n<p class=\" wall-content\">Alors l\u2019association Instant Sciences, accompagn\u00e9e du <strong>comit\u00e9 scientifique<\/strong> constitu\u00e9 de chercheurs qui \u00e9voluent dans divers domaines, a d\u00e9cid\u00e9 de bouger les choses et de cr\u00e9er ces <strong>45 objets atypiques vou\u00e9s \u00e0 la sensibilisation<\/strong>. \u00ab\u2009Certains sont purement invent\u00e9s \u00e0 partir de recherches actuelles, d\u2019autres existent d\u00e9j\u00e0 et sont transport\u00e9s dans le futur\u2009\u00bb, poursuit le m\u00e9diateur scientifique.<\/p>\n<p class=\" wall-content\"><a href=\"https:\/\/www.instagram.com\/p\/DLU7Yr4siyM\/embed\" title=\"Ouvrir le lien sur Instagram\" target=\"_blank\" rel=\"noopener\">Visualiser le contenu sur Instagram<\/a><\/p>\n<p>Une tourn\u00e9e en Occitanie<\/p>\n<p class=\" wall-content\">\u00c9ph\u00e9m\u00e8re pour Toulouse peut-\u00eatre, mais pas pour l\u2019Occitanie. Un <strong>tour<\/strong> dans chaque <strong>d\u00e9partement de la r\u00e9gion<\/strong> attend Fiction 2050. \u00ab\u2009Nous allons partir en tourn\u00e9e, financ\u00e9e par la R\u00e9gion et passer dans chaque d\u00e9partement jusqu\u2019en 2027. On reviendra \u00e0 Toulouse sans doute d\u00e9but janvier\u00a02026 pour proposer de nouveaux produits\u2009\u00bb, termine le co-chef de projet.<\/p>\n<p class=\" wall-content\">Rendez-vous jusqu\u2019au samedi 28 juin \u00e0 Toulouse, puis prochain rendez-vous le 6 ao\u00fbt \u00e0 Palavas-les-Flots dans l\u2019H\u00e9rault pour une immersion dans le futur\u2009!<\/p>\n<p class=\" wall-content\">Suivez toute l\u2019actualit\u00e9 de vos villes et m\u00e9dias favoris en vous inscrivant \u00e0 <a href=\"https:\/\/moncompte.actu.fr\" title=\"D\u00e9couvez Mon Actu\" rel=\"nofollow noopener\" data-trk=\"{&quot;cta&quot;:{&quot;action&quot;:&quot;https:\\\/\\\/moncompte.actu.fr&quot;,&quot;category&quot;:&quot;mon compte&quot;,&quot;from&quot;:&quot;article footer&quot;,&quot;name&quot;:&quot;Mon actu&quot;,&quot;type&quot;:&quot;cta&quot;}}\" target=\"_blank\">Mon Actu<\/a>.<\/p>\n<p>                    <script async src=\"\/\/www.instagram.com\/embed.js\"><\/script><\/p>\n","protected":false},"excerpt":{"rendered":"Par L\u00e9a Afonso Publi\u00e9 le 26 juin 2025 \u00e0 7h12 Un Astra B612, un FrigoSobre ou encore une&hellip;\n","protected":false},"author":2,"featured_media":205082,"comment_status":"","ping_status":"","sticky":false,"template":"","format":"standard","meta":{"footnotes":""},"categories":[2816],"tags":[1111,11,130,51,1777,674,1011,27,12,2680,25,2631,2312],"class_list":{"0":"post-205081","1":"post","2":"type-post","3":"status-publish","4":"format-standard","5":"has-post-thumbnail","7":"category-toulouse","8":"tag-actu","9":"tag-actualites","10":"tag-consommation","11":"tag-ecologie","12":"tag-eu","13":"tag-europe","14":"tag-fr","15":"tag-france","16":"tag-news","17":"tag-occitanie","18":"tag-republique-francaise","19":"tag-sciences-technologie","20":"tag-toulouse"},"share_on_mastodon":{"url":"https:\/\/pubeurope.com\/@fr\/114748151862678255","error":""},"_links":{"self":[{"href":"https:\/\/www.europesays.com\/fr\/wp-json\/wp\/v2\/posts\/205081","targetHints":{"allow":["GET"]}}],"collection":[{"href":"https:\/\/www.europesays.com\/fr\/wp-json\/wp\/v2\/posts"}],"about":[{"href":"https:\/\/www.europesays.com\/fr\/wp-json\/wp\/v2\/types\/post"}],"author":[{"embeddable":true,"href":"https:\/\/www.europesays.com\/fr\/wp-json\/wp\/v2\/users\/2"}],"replies":[{"embeddable":true,"href":"https:\/\/www.europesays.com\/fr\/wp-json\/wp\/v2\/comments?post=205081"}],"version-history":[{"count":0,"href":"https:\/\/www.europesays.com\/fr\/wp-json\/wp\/v2\/posts\/205081\/revisions"}],"wp:featuredmedia":[{"embeddable":true,"href":"https:\/\/www.europesays.com\/fr\/wp-json\/wp\/v2\/media\/205082"}],"wp:attachment":[{"href":"https:\/\/www.europesays.com\/fr\/wp-json\/wp\/v2\/media?parent=205081"}],"wp:term":[{"taxonomy":"category","embeddable":true,"href":"https:\/\/www.europesays.com\/fr\/wp-json\/wp\/v2\/categories?post=205081"},{"taxonomy":"post_tag","embeddable":true,"href":"https:\/\/www.europesays.com\/fr\/wp-json\/wp\/v2\/tags?post=205081"}],"curies":[{"name":"wp","href":"https:\/\/api.w.org\/{rel}","templated":true}]}}