{"id":205088,"date":"2025-06-26T06:07:11","date_gmt":"2025-06-26T06:07:11","guid":{"rendered":"https:\/\/www.europesays.com\/fr\/205088\/"},"modified":"2025-06-26T06:07:11","modified_gmt":"2025-06-26T06:07:11","slug":"la-piscine-de-bougainville-pour-2027-la-bombardiere-coincee-dans-les-tuyaux","status":"publish","type":"post","link":"https:\/\/www.europesays.com\/fr\/205088\/","title":{"rendered":"la piscine de Bougainville pour\u00a02027, la Bombardi\u00e8re coinc\u00e9e dans les tuyaux"},"content":{"rendered":"<p>Port\u00e9 par la Ville et Eurom\u00e9diterran\u00e9e, ce projet \u00e0 19\u00a0millions d\u2019euros (contre les 14\u00a0millions d\u2019euros annonc\u00e9s au d\u00e9part) a \u00e9t\u00e9 confi\u00e9 aux architectes de l\u2019atelier Raum. Le cabinet nantais pr\u00e9voit une halle ouverte sur le parc, dot\u00e9e d\u2019un bassin sportif de cinq couloirs, d\u2019un autre d\u2019apprentissage, d\u2019une pataugeoire avec jeux, ainsi que d\u2019un solarium v\u00e9g\u00e9talis\u00e9. Les travaux de cette piscine g\u00e9r\u00e9e en r\u00e9gie doivent d\u00e9buter \u00e0 la fin octobre\u00a02025.<\/p>\n<p>Pas de nouvelles de la Bombardi\u00e8re avant\u00a02026<\/p>\n<p>La Ville mise cependant aussi sur l\u2019existant et sur un \u00e9quipement ferm\u00e9 depuis\u00a02019. \u00c0 la\u00a0Bombardi\u00e8re (12e), elle souhaite remettre en \u00e9tat ce bassin, avec un budget de 300\u00a0000\u00a0euros vot\u00e9 en f\u00e9vrier dernier pour le lancement d\u2019\u00e9tudes. \u00ab\u00a0L\u2019objectif est de mener ces \u00e9tudes d\u00e8s le premier semestre\u00a02025\u00a0\u00bb, expliquait S\u00e9bastien Jibrayel, alors adjoint au maire (PS) au sport (le maire lui a depuis retir\u00e9 ses d\u00e9l\u00e9gations <a href=\"https:\/\/www.laprovence.com\/article\/faits-divers-justice\/1969777037511\/marseille-la-garde-a-vue-pour-des-violences-de-l-adjoint-au-maire-sebastien-jibrayel-et-de-son-pere-henri-prolongee\" target=\"_blank\" rel=\"noopener\">dans l\u2019attente de son jugement<\/a>), qui tablait sur une enveloppe de 4 \u00e0 7\u00a0millions d\u2019euros (financ\u00e9e par la Ville et l\u2019Agence nationale du sport) pour remettre en eau la Bombardi\u00e8re. Mais sans adjoint au sport, la ligne devient plus floue. <a href=\"https:\/\/www.laprovence.com\/article\/region\/1461691690176215\/cet-ete-a-marseille-6-bassins-seront-ouverts-au-public-a-la-piscine-vallier\" target=\"_blank\" rel=\"noopener\">La Ville \u00e9voque d\u00e9sormais un grand \u00ab\u00a0plan nager \u00e0 Marseille\u00a0\u00bb<\/a>, dont fait partie la Bombardi\u00e8re, qui doit d\u00e9buter\u2026 en\u00a02026, repoussant encore une fois la programmation de la r\u00e9habilitation du bassin du 12e arrondissement.<\/p>\n","protected":false},"excerpt":{"rendered":"Port\u00e9 par la Ville et Eurom\u00e9diterran\u00e9e, ce projet \u00e0 19\u00a0millions d\u2019euros (contre les 14\u00a0millions d\u2019euros annonc\u00e9s au d\u00e9part)&hellip;\n","protected":false},"author":2,"featured_media":205089,"comment_status":"","ping_status":"","sticky":false,"template":"","format":"standard","meta":{"footnotes":""},"categories":[2814],"tags":[17,1111,11,34397,34395,34398,1446,1777,674,1011,27,884,12,5922,34396,882,16,25],"class_list":{"0":"post-205088","1":"post","2":"type-post","3":"status-publish","4":"format-standard","5":"has-post-thumbnail","7":"category-marseille","8":"tag-17","9":"tag-actu","10":"tag-actualites","11":"tag-bombardiere","12":"tag-bougainville","13":"tag-coincee","14":"tag-dans","15":"tag-eu","16":"tag-europe","17":"tag-fr","18":"tag-france","19":"tag-marseille","20":"tag-news","21":"tag-piscine","22":"tag-pour-2027","23":"tag-provence-alpes-cote-dazur","24":"tag-region","25":"tag-republique-francaise"},"share_on_mastodon":{"url":"https:\/\/pubeurope.com\/@fr\/114748171448934964","error":""},"_links":{"self":[{"href":"https:\/\/www.europesays.com\/fr\/wp-json\/wp\/v2\/posts\/205088","targetHints":{"allow":["GET"]}}],"collection":[{"href":"https:\/\/www.europesays.com\/fr\/wp-json\/wp\/v2\/posts"}],"about":[{"href":"https:\/\/www.europesays.com\/fr\/wp-json\/wp\/v2\/types\/post"}],"author":[{"embeddable":true,"href":"https:\/\/www.europesays.com\/fr\/wp-json\/wp\/v2\/users\/2"}],"replies":[{"embeddable":true,"href":"https:\/\/www.europesays.com\/fr\/wp-json\/wp\/v2\/comments?post=205088"}],"version-history":[{"count":0,"href":"https:\/\/www.europesays.com\/fr\/wp-json\/wp\/v2\/posts\/205088\/revisions"}],"wp:featuredmedia":[{"embeddable":true,"href":"https:\/\/www.europesays.com\/fr\/wp-json\/wp\/v2\/media\/205089"}],"wp:attachment":[{"href":"https:\/\/www.europesays.com\/fr\/wp-json\/wp\/v2\/media?parent=205088"}],"wp:term":[{"taxonomy":"category","embeddable":true,"href":"https:\/\/www.europesays.com\/fr\/wp-json\/wp\/v2\/categories?post=205088"},{"taxonomy":"post_tag","embeddable":true,"href":"https:\/\/www.europesays.com\/fr\/wp-json\/wp\/v2\/tags?post=205088"}],"curies":[{"name":"wp","href":"https:\/\/api.w.org\/{rel}","templated":true}]}}