{"id":205090,"date":"2025-06-26T06:08:08","date_gmt":"2025-06-26T06:08:08","guid":{"rendered":"https:\/\/www.europesays.com\/fr\/205090\/"},"modified":"2025-06-26T06:08:08","modified_gmt":"2025-06-26T06:08:08","slug":"lyon-un-dealer-presume-qui-convoyait-de-la-drogue-a-trottinette-interpelle","status":"publish","type":"post","link":"https:\/\/www.europesays.com\/fr\/205090\/","title":{"rendered":"Lyon : un dealer pr\u00e9sum\u00e9, qui convoyait de la drogue \u00e0 trottinette, interpell\u00e9"},"content":{"rendered":"<p>Un homme, soup\u00e7onn\u00e9 de transporter de la drogue \u00e0 trottinette entre La Guilloti\u00e8re et Jean-Mac\u00e9 \u00e0 Lyon, a \u00e9t\u00e9 interpell\u00e9 ce lundi 23 juin. Chez lui, les policiers ont mis la main sur environ 6 kilos de produits stup\u00e9fiants.<\/p>\n<p>Il est soup\u00e7onn\u00e9 d&rsquo;avoir <b>utilis\u00e9 sa trottinette pour transporter de la drogue<\/b> : un homme de 30 ans a \u00e9t\u00e9 contr\u00f4l\u00e9 par les policiers lundi, alors qu&rsquo;il sortait de chez lui \u00e0 Lyon.<\/p>\n<p>Il avait en sa possession <b>quelques grammes de drogue<\/b>, dont il a tent\u00e9 de se d\u00e9barrasser \u00e0 la vue des forces de l&rsquo;ordre.<\/p>\n<p>Montant estim\u00e9 de la marchandise : 55.000 euros<\/p>\n<p>\u00c0 son domicile, les agents ont mis la main sur pr\u00e8s de <b>6 kilos de stup\u00e9fiants<\/b>.<br \/>Montant estim\u00e9 de la marchandise :<b> 55.000 euros<\/b>.<\/p>\n<p>Ils ont \u00e9galement saisi pr\u00e8s de <b>3.000 euros en liquide et une arme de poing.<\/b><\/p>\n<p>Le suspect a \u00e9t\u00e9 pr\u00e9sent\u00e9 ce mercredi 25 juin au parquet en vue d&rsquo;une comparution imm\u00e9diate, d&rsquo;apr\u00e8s <a class=\"url\" href=\"https:\/\/c.leprogres.fr\/faits-divers-justice\/2025\/06\/25\/plus-de-6-kilos-de-cannabis-et-une-arme-decouverts-chez-le-dealer-a-trottinette\" target=\"_blank\" rel=\"noopener\">Le Progr\u00e8s<\/a>.<\/p>\n<p><\/p>\n","protected":false},"excerpt":{"rendered":"Un homme, soup\u00e7onn\u00e9 de transporter de la drogue \u00e0 trottinette entre La Guilloti\u00e8re et Jean-Mac\u00e9 \u00e0 Lyon, a&hellip;\n","protected":false},"author":2,"featured_media":205091,"comment_status":"","ping_status":"","sticky":false,"template":"","format":"standard","meta":{"footnotes":""},"categories":[1889],"tags":[1111,11,2430,1052,1777,674,1011,27,6174,2428,12,1072,25,10084,1097,15740],"class_list":{"0":"post-205090","1":"post","2":"type-post","3":"status-publish","4":"format-standard","5":"has-post-thumbnail","7":"category-lyon","8":"tag-actu","9":"tag-actualites","10":"tag-auvergne-rhone-alpes","11":"tag-drogue","12":"tag-eu","13":"tag-europe","14":"tag-fr","15":"tag-france","16":"tag-guillotire","17":"tag-lyon","18":"tag-news","19":"tag-police","20":"tag-republique-francaise","21":"tag-stupfiants","22":"tag-trafic","23":"tag-trottinette"},"share_on_mastodon":{"url":"https:\/\/pubeurope.com\/@fr\/114748175476770994","error":""},"_links":{"self":[{"href":"https:\/\/www.europesays.com\/fr\/wp-json\/wp\/v2\/posts\/205090","targetHints":{"allow":["GET"]}}],"collection":[{"href":"https:\/\/www.europesays.com\/fr\/wp-json\/wp\/v2\/posts"}],"about":[{"href":"https:\/\/www.europesays.com\/fr\/wp-json\/wp\/v2\/types\/post"}],"author":[{"embeddable":true,"href":"https:\/\/www.europesays.com\/fr\/wp-json\/wp\/v2\/users\/2"}],"replies":[{"embeddable":true,"href":"https:\/\/www.europesays.com\/fr\/wp-json\/wp\/v2\/comments?post=205090"}],"version-history":[{"count":0,"href":"https:\/\/www.europesays.com\/fr\/wp-json\/wp\/v2\/posts\/205090\/revisions"}],"wp:featuredmedia":[{"embeddable":true,"href":"https:\/\/www.europesays.com\/fr\/wp-json\/wp\/v2\/media\/205091"}],"wp:attachment":[{"href":"https:\/\/www.europesays.com\/fr\/wp-json\/wp\/v2\/media?parent=205090"}],"wp:term":[{"taxonomy":"category","embeddable":true,"href":"https:\/\/www.europesays.com\/fr\/wp-json\/wp\/v2\/categories?post=205090"},{"taxonomy":"post_tag","embeddable":true,"href":"https:\/\/www.europesays.com\/fr\/wp-json\/wp\/v2\/tags?post=205090"}],"curies":[{"name":"wp","href":"https:\/\/api.w.org\/{rel}","templated":true}]}}