{"id":205092,"date":"2025-06-26T06:09:53","date_gmt":"2025-06-26T06:09:53","guid":{"rendered":"https:\/\/www.europesays.com\/fr\/205092\/"},"modified":"2025-06-26T06:09:53","modified_gmt":"2025-06-26T06:09:53","slug":"obseques-de-bernard-lacombe-une-part-de-lol-sen-va-avec-toi","status":"publish","type":"post","link":"https:\/\/www.europesays.com\/fr\/205092\/","title":{"rendered":"Obs\u00e8ques de Bernard Lacombe. \u00ab Une part de l\u2019OL s\u2019en va avec toi \u00bb"},"content":{"rendered":"<p>\t\t\t\t<img loading=\"lazy\" decoding=\"async\" width=\"900\" height=\"542\" src=\"data:image\/svg+xml,%3Csvg%20xmlns=\" http:=\"\" alt=\"\" title=\"01 \u2013 Sortie \u00e9glise \u2013 Obs\u00e8ques Bernard Lacombe \u00a9 Margaux Nourry \u2013 Lyon People copie\" class=\"wp-image-161321\" data-lazy- data-lazy- data-lazy-src=\"https:\/\/www.europesays.com\/fr\/wp-content\/uploads\/2025\/06\/01-Sortie-eglise-Obseques-Bernard-Lacombe-\u00a9-Margaux-Nourry-Lyon-People-copie.jpg\"\/><\/p>\n<p style=\"font-weight: 400;\"><strong>Texte\u00a0: Morgan Couturier \u2013<\/strong> Au lendemain de l\u2019annonce de la rel\u00e9gation de l\u2019OL en deuxi\u00e8me division, Lyon a eu la peine additionnelle de dire adieu \u00e0 Bernard Lacombe, ce mercredi 25 juin 2025. En l\u2019\u00e9glise Saint-Louis de Fontaines-sur-Sa\u00f4ne, ils furent ainsi nombreux, anciens partenaires, joueurs, amis et supporters \u00e0 pleurer celui qui fut pour beaucoup, un \u00ab rep\u00e8re \u00bb.<\/p>\n<p style=\"font-weight: 400;\">C\u2019\u00e9tait un moment que l\u2019on redoutait, comme l\u2019eut rapidement d\u00e9crit son \u00ab\u00a0ami et fr\u00e8re\u00a0\u00bb, <strong>Jean-Michel Aulas<\/strong>. Un triste spectacle, comme ces matchs perdus sous les yeux de cette esth\u00e8te du beau jeu. H\u00e9las, en ce mercredi 25 juin, il fut, malgr\u00e9 lui, l\u2019acteur principal de ce tableau, d\u00e9pourvu de buts et de sourires, mais avec les pleurs en plus.<\/p>\n<p><a href=\"https:\/\/www.lyonpeople.com\/?attachment_id=161315\" rel=\"attachment wp-att-161315 noopener\" target=\"_blank\"><img loading=\"lazy\" decoding=\"async\" aria-describedby=\"caption-attachment-161315\" class=\"wp-image-161315 size-full\" src=\"data:image\/svg+xml,%3Csvg%20xmlns=\" http:=\"\" alt=\"\" width=\"900\" height=\"568\" data-lazy- data-lazy- data-lazy-src=\"https:\/\/www.europesays.com\/fr\/wp-content\/uploads\/2025\/06\/21734.jpg\"\/><\/a><\/p>\n<p id=\"caption-attachment-161315\" class=\"wp-caption-text\">Guy Genet, l\u2019intendant collector de l\u2019OL, rev\u00eat le cercueil du maillot frapp\u00e9 du num\u00e9ro 9<\/p>\n<p style=\"font-weight: 400;\">D\u00e8s lors, m\u00eame <strong>Gr\u00e9gory Coupet<\/strong>, d\u2019ordinaire rude gaillard, ne sut retenir ses larmes sur le parvis, lorsque la cha\u00eene du club lui demanda de d\u00e9crire son Bernard. \u00ab\u00a0C\u2019\u00e9tait un guide\u00a0\u00bb, exposa-t-il simplement, la voix chancelante, aux antipodes de sa joie de vivre habituelle.<\/p>\n<p style=\"font-weight: 400;\">Et si les fortes chaleurs se sont charg\u00e9es de s\u00e9cher ces pluies de sanglots, l\u2019assembl\u00e9e dut se r\u00e9soudre n\u00e9anmoins \u00e0 prendre la mesure de l\u2019instant. \u00c0 savoir accepter le d\u00e9part de \u00ab\u00a0ce grand monsieur\u00a0\u00bb, comme l\u2019eut d\u00e9crit le sympathique et passionn\u00e9 pr\u00eatre <strong>R\u00e9gis Charre<\/strong>.<\/p>\n<p><strong>\u00a0<\/strong><strong>\u00ab\u00a0<\/strong><strong>Tu aimais profond\u00e9ment Lyon\u00a0\u00bb<\/strong><\/p>\n<p style=\"font-weight: 400;\">Au diable les derniers instants compliqu\u00e9s, pass\u00e9s la m\u00e9moire chancelante du c\u00f4t\u00e9 de l\u2019h\u00f4pital d\u2019Albigny, nombreux furent les proches de Bernard Lacombe \u00e0 venir rendre un dernier hommage \u00e0 \u00ab ce footballeur hors norme \u00bb, ce \u00ab d\u00e9tecteur de talent hors pair \u00bb qui eut \u00ab cette g\u00e9n\u00e9rosit\u00e9 de faire grandir les autres \u00bb.<\/p>\n<p><a href=\"https:\/\/www.lyonpeople.com\/?attachment_id=161318\" rel=\"attachment wp-att-161318 noopener\" target=\"_blank\"><img loading=\"lazy\" decoding=\"async\" aria-describedby=\"caption-attachment-161318\" class=\"size-full wp-image-161318\" src=\"data:image\/svg+xml,%3Csvg%20xmlns=\" http:=\"\" alt=\"\" width=\"900\" height=\"562\" data-lazy- data-lazy- data-lazy-src=\"https:\/\/www.europesays.com\/fr\/wp-content\/uploads\/2025\/06\/21737-1.jpg\"\/><\/a><\/p>\n<p id=\"caption-attachment-161318\" class=\"wp-caption-text\">Jean-Michel Aulas pleure \u00ab\u00a0\u00a0\u00bbplus qu\u2019un ami\u00a0\u00bb.<\/p>\n<p style=\"font-weight: 400;\">De fait, si les supporters, conscients de son influence sur la r\u00e9ussite de leur club, n\u2019ont jamais cess\u00e9 d\u2019honorer sa m\u00e9moire, nombreux furent les gloires du ballon rond \u00e0 faire le d\u00e9placement. Ceux de sa g\u00e9n\u00e9ration, de <strong>Jacques Santini<\/strong> \u00e0 <strong>Raymond Domenech<\/strong>, en passant par <strong>Rolland Courbis<\/strong>, son ami <strong>Fleury Di Nallo<\/strong>, <strong>Luis Fernandez<\/strong>, <strong>Marius Tr\u00e9sor<\/strong>, le St\u00e9phanois <strong>Dominique Rocheteau<\/strong>, <strong>Alain Cav\u00e9glia<\/strong>, <strong>R\u00e9mi Garde<\/strong>\u00a0ou <strong>Bruno G\u00e9n\u00e9sio<\/strong>.<\/p>\n<p style=\"font-weight: 400;\">Puis vint sa g\u00e9n\u00e9ration dor\u00e9e, celle des titres et des grandes \u00e9pop\u00e9es. Le Br\u00e9silien <strong>Sonny Anderson<\/strong>, accompagn\u00e9 de <strong>J\u00e9r\u00e9mie Br\u00e9chet<\/strong>, avait d\u2019ailleurs fait office de premier arriv\u00e9. Lui succ\u00e9d\u00e8rent ses amis, les l\u00e9gendes des ann\u00e9es 2000 que sont\u00a0<strong>Florent Laville<\/strong>, <strong>Pierre Laigle<\/strong>, <strong>Cris<\/strong> ou <strong>Steed Malbranque<\/strong>.<\/p>\n<p><a href=\"https:\/\/www.lyonpeople.com\/actualites-lyon\/lyon-le-double-reniement-de-gregory-doucet-aux-obseques-de-bernard-lacombe-2025-06-25.html\" target=\"_blank\" rel=\"noopener\"><strong>&gt; Lire aussi : le double reniement de Gr\u00e9gory Doucet aux obs\u00e8ques de Bernard Lacombe<\/strong><\/a><\/p>\n<p style=\"font-weight: 400;\">Le tout, accompagn\u00e9 de quelques noms plus contemporains, \u00e0 l\u2019instar de <strong>Baf\u00e9timbi Gomis<\/strong>, <strong>Cl\u00e9ment Grenier <\/strong>ou <strong>Maxime Gonalons<\/strong>. \u00ab\u00a0Avec les jeunes, tu ne flattais pas, tu transmettais. Tu voulais qu\u2019ils comprennent ce que veut dire l\u2019effort. Le travail et toujours le travail\u00a0\u00bb, avoua Jean-Michel Aulas.<\/p>\n<p><strong>\u00ab\u00a0Tu es pour nous le lion dans toute sa splendeur et le lion ne meurt jamais\u00a0\u00bb<\/strong><\/p>\n<p style=\"font-weight: 400;\">Du balcon du Ciel, Bernard Lacombe aura s\u00fbrement not\u00e9 l\u2019absence de son ami <strong>Serge Bex<\/strong>, malheureusement clo\u00eetr\u00e9 \u00e0 son domicile, mais aussi et surtout des repr\u00e9sentants du board de l\u2019OL (\u00e0 l\u2019exception de <strong>Pierre Bideau)<\/strong> et de l\u2019effectif actuel, il est vrai en vacances. Ou encore la d\u00e9cision de son petit prot\u00e9g\u00e9, <strong>Karim Benzema<\/strong>, de ne pas p\u00e9n\u00e9trer dans l\u2019\u00e9glise.<\/p>\n<p style=\"font-weight: 400;\">Peut-\u00eatre est-ce une preuve qu\u2019avec son d\u00e9c\u00e8s, une \u00ab\u00a0part de l\u2019OL s\u2019en va avec lui\u00a0\u00bb. \u00ab\u00a0En te perdant, je perds plus qu\u2019un ami\u00a0\u00bb, rappela d\u2019ailleurs l\u2019ancien pr\u00e9sident de l\u2019OL fort d\u2019une \u00ab\u00a0amiti\u00e9 rare\u00a0\u00bb de 37 ans. Avant de poursuivre\u00a0: \u00ab\u00a0Tu aimais profond\u00e9ment Lyon, le Lyon populaire, le Lyon du travail bien fait et des promesses tenues\u00a0\u00bb.<\/p>\n<p style=\"font-weight: 400;\"><a href=\"https:\/\/www.lyonpeople.com\/?attachment_id=161319\" rel=\"attachment wp-att-161319 noopener\" target=\"_blank\"><img loading=\"lazy\" decoding=\"async\" class=\"alignnone size-full wp-image-161319\" src=\"data:image\/svg+xml,%3Csvg%20xmlns=\" http:=\"\" alt=\"\" width=\"900\" height=\"498\" data-lazy- data-lazy- data-lazy-src=\"https:\/\/www.europesays.com\/fr\/wp-content\/uploads\/2025\/06\/20250625_145006.jpg\"\/><\/a><\/p>\n<p style=\"font-weight: 400;\">Dans son sillage, son <strong>Jean-Yves Delorme <\/strong>(photo ci-dessus), dirigeant de Parcs et Sports, eut d\u2019ailleurs bien du mal \u00e0 accepter cette sentence, ce dernier se demandant \u00ab comment dire adieu \u00e0 celui avec qui j\u2019ai partag\u00e9 tant de rires pendant ces ann\u00e9es \u00bb.<\/p>\n<p style=\"font-weight: 400;\">La raison\u00a0? \u00ab\u00a0Bernard Lacombe a eu \u00ab\u00a0cette g\u00e9n\u00e9rosit\u00e9 de faire grandir les autres\u00a0\u00bb, dixit le p\u00e8re <strong>Fran\u00e7ois<\/strong>, en r\u00e9f\u00e9rence \u00e0 l\u2019engagement de l\u2019ancien buteur de l\u2019\u00c9quipe de France en faveur du Docteur Clown. Mieux, il fut un \u00ab\u00a0guide\u00a0\u00bb pour sa famille, son \u00e9pouse <strong>Mireille<\/strong> et ses enfants, <strong>Arnaud<\/strong> et <strong>S\u00e9bastien<\/strong>.<\/p>\n<p style=\"font-weight: 400;\"><img loading=\"lazy\" decoding=\"async\" class=\" wp-image-161404 alignleft\" src=\"data:image\/svg+xml,%3Csvg%20xmlns=\" http:=\"\" alt=\"\" width=\"161\" height=\"140\" data-lazy-src=\"https:\/\/www.europesays.com\/fr\/wp-content\/uploads\/2025\/06\/Pascale-Felix.jpg\"\/>\u00ab\u00a0Tu pars avec l\u2019OL grav\u00e9 sur le c\u0153ur. Ton puissant caract\u00e8re n\u2019emp\u00eachait pas l\u2019\u00e9motion. Tu es pour nous le lion dans toute sa splendeur et le lion ne meurt jamais\u00a0\u00bb, t\u00e9moigna <strong>Pascale F\u00e9lix<\/strong>, assistante historique de JMA et compagne d\u2019<strong>Olivier Blanc<\/strong>, ex dircom de l\u2019OL \u00e0 l\u2019heure de prononcer le discours des enfants.<\/p>\n<p style=\"font-weight: 400;\">H\u00e9las, Lyon dut bel et bien se r\u00e9soudre \u00e0 voir son dirigeant s\u2019envoler. \u00c0 rejoindre le ciel, o\u00f9 l\u2019on veut \u00ab\u00a0bien croire qu\u2019il y a\u00a0une pelouse bien tondue et un ballon qui l\u2019attendent\u00a0\u00bb. Alors dans une ultime salve d\u2019applaudissements, les mots les plus simples furent aussi les plus forts\u00a0: \u00ab\u00a0au revoir Bernard\u00a0\u00bb\u00a0!<\/p>\n<p>\u00a0<\/p>\n<p style=\"font-weight: 400; text-align: center;\"><strong>\u00c9glise Saint-Louis<br \/>Fontaines-sur-Sa\u00f4ne (69)<br \/>Mercredi 25 juin 2025<\/strong><\/p>\n<p>                                <a href=\"https:\/\/www.europesays.com\/fr\/wp-content\/uploads\/2025\/06\/01-Obse\u0300ques-Bernard-Lacombe-\u00a9-Margaux-Nourry-Lyon-People.jpg\" title=\"1. J\u00e9r\u00e9mie Br\u00e9chet en discussion avec son ex-co\u00e9quipier, Sonny Anderson\" data-rl_title=\"1. J\u00e9r\u00e9mie Br\u00e9chet en discussion avec son ex-co\u00e9quipier, Sonny Anderson\" class=\"rl-gallery-link\" data-rl_caption=\"\" data-rel=\"lightbox-gallery-bGlnaHRib3gtZ2FsbGVyeS0w\" data-rl_><img loading=\"lazy\" decoding=\"async\" width=\"900\" height=\"600\" src=\"data:image\/svg+xml,%3Csvg%20xmlns=\" http:=\"\" class=\"attachment-large size-large\" alt=\"\" aria-describedby=\"gallery--161324\" data-lazy- data-lazy- data-lazy-src=\"https:\/\/www.europesays.com\/fr\/wp-content\/uploads\/2025\/06\/01-Obse\u0300ques-Bernard-Lacombe-\u00a9-Margaux-Nourry-Lyon-People.jpg\"\/><\/a><\/p>\n<p>\n                                1. J\u00e9r\u00e9mie Br\u00e9chet en discussion avec son ex-co\u00e9quipier, Sonny Anderson<\/p>\n<p>                                <a href=\"https:\/\/www.europesays.com\/fr\/wp-content\/uploads\/2025\/06\/02-Maire-de-De\u0301cines-Obse\u0300ques-Bernard-Lacombe-\u00a9-Margaux-Nourry-Lyon-People.jpg\" title=\"2. La maire de D\u00e9cines-Charpieu, Laurence Fautra\" data-rl_title=\"2. La maire de D\u00e9cines-Charpieu, Laurence Fautra\" class=\"rl-gallery-link\" data-rl_caption=\"\" data-rel=\"lightbox-gallery-bGlnaHRib3gtZ2FsbGVyeS0w\" data-rl_><img loading=\"lazy\" decoding=\"async\" width=\"900\" height=\"643\" src=\"data:image\/svg+xml,%3Csvg%20xmlns=\" http:=\"\" class=\"attachment-large size-large\" alt=\"\" aria-describedby=\"gallery--161325\" data-lazy- data-lazy- data-lazy-src=\"https:\/\/www.europesays.com\/fr\/wp-content\/uploads\/2025\/06\/02-Maire-de-De\u0301cines-Obse\u0300ques-Bernard-Lacombe-\u00a9-Margaux-Nourry-Lyon-People.jpg\"\/><\/a><\/p>\n<p>\n                                2. La maire de D\u00e9cines-Charpieu, Laurence Fautra<\/p>\n<p><br style=\"clear: both\"\/><\/p>\n<p>                                <a href=\"https:\/\/www.europesays.com\/fr\/wp-content\/uploads\/2025\/06\/03-Franck-Hernandez-Obse\u0300ques-Bernard-Lacombe-\u00a9-Margaux-Nourry-Lyon-People.jpg\" title=\"3. Partenaire de l\u2019OL, Franck Hernandez est venu accompagner le dernier voyage de Bernard Lacombe\" data-rl_title=\"3. Partenaire de l\u2019OL, Franck Hernandez est venu accompagner le dernier voyage de Bernard Lacombe\" class=\"rl-gallery-link\" data-rl_caption=\"\" data-rel=\"lightbox-gallery-bGlnaHRib3gtZ2FsbGVyeS0w\" data-rl_><img loading=\"lazy\" decoding=\"async\" width=\"900\" height=\"600\" src=\"data:image\/svg+xml,%3Csvg%20xmlns=\" http:=\"\" class=\"attachment-large size-large\" alt=\"\" aria-describedby=\"gallery--161326\" data-lazy- data-lazy- data-lazy-src=\"https:\/\/www.europesays.com\/fr\/wp-content\/uploads\/2025\/06\/03-Franck-Hernandez-Obse\u0300ques-Bernard-Lacombe-\u00a9-Margaux-Nourry-Lyon-People.jpg\"\/><\/a><\/p>\n<p>\n                                3. Partenaire de l\u2019OL, Franck Hernandez est venu accompagner le dernier voyage de Bernard Lacombe<\/p>\n<p>                                <a href=\"https:\/\/www.europesays.com\/fr\/wp-content\/uploads\/2025\/06\/04-Obse\u0300ques-Bernard-Lacombe-\u00a9-Margaux-Nourry-Lyon-People.jpg\" title=\"4. Le journaliste Ga\u00ebl Berger (OL TV) et l\u2019ancien entra\u00eeneur Rolland Courbis\" data-rl_title=\"4. Le journaliste Ga\u00ebl Berger (OL TV) et l\u2019ancien entra\u00eeneur Rolland Courbis\" class=\"rl-gallery-link\" data-rl_caption=\"\" data-rel=\"lightbox-gallery-bGlnaHRib3gtZ2FsbGVyeS0w\" data-rl_><img loading=\"lazy\" decoding=\"async\" width=\"900\" height=\"600\" src=\"data:image\/svg+xml,%3Csvg%20xmlns=\" http:=\"\" class=\"attachment-large size-large\" alt=\"\" aria-describedby=\"gallery--161327\" data-lazy- data-lazy- data-lazy-src=\"https:\/\/www.europesays.com\/fr\/wp-content\/uploads\/2025\/06\/04-Obse\u0300ques-Bernard-Lacombe-\u00a9-Margaux-Nourry-Lyon-People.jpg\"\/><\/a><\/p>\n<p>\n                                4. Le journaliste Ga\u00ebl Berger (OL TV) et l\u2019ancien entra\u00eeneur Rolland Courbis<\/p>\n<p><br style=\"clear: both\"\/><\/p>\n<p>                                <a href=\"https:\/\/www.europesays.com\/fr\/wp-content\/uploads\/2025\/06\/05-Obse\u0300ques-Bernard-Lacombe-\u00a9-Margaux-Nourry-Lyon-People.jpg\" title=\"5. L\u2019ancien s\u00e9lectionneur de l\u2019\u00c9quipe de France et entra\u00eeneur de l\u2019OL, Jacques Santini.\" data-rl_title=\"5. L\u2019ancien s\u00e9lectionneur de l\u2019\u00c9quipe de France et entra\u00eeneur de l\u2019OL, Jacques Santini.\" class=\"rl-gallery-link\" data-rl_caption=\"\" data-rel=\"lightbox-gallery-bGlnaHRib3gtZ2FsbGVyeS0w\" data-rl_><img loading=\"lazy\" decoding=\"async\" width=\"900\" height=\"600\" src=\"data:image\/svg+xml,%3Csvg%20xmlns=\" http:=\"\" class=\"attachment-large size-large\" alt=\"\" aria-describedby=\"gallery--161328\" data-lazy- data-lazy- data-lazy-src=\"https:\/\/www.europesays.com\/fr\/wp-content\/uploads\/2025\/06\/05-Obse\u0300ques-Bernard-Lacombe-\u00a9-Margaux-Nourry-Lyon-People.jpg\"\/><\/a><\/p>\n<p>\n                                5. L\u2019ancien s\u00e9lectionneur de l\u2019\u00c9quipe de France et entra\u00eeneur de l\u2019OL, Jacques Santini. <\/p>\n<p>                                <a href=\"https:\/\/www.europesays.com\/fr\/wp-content\/uploads\/2025\/06\/06-Obse\u0300ques-Bernard-Lacombe-\u00a9-Margaux-Nourry-Lyon-People.jpg\" title=\"6. La signature des registres\" data-rl_title=\"6. La signature des registres\" class=\"rl-gallery-link\" data-rl_caption=\"\" data-rel=\"lightbox-gallery-bGlnaHRib3gtZ2FsbGVyeS0w\" data-rl_><img loading=\"lazy\" decoding=\"async\" width=\"900\" height=\"600\" src=\"data:image\/svg+xml,%3Csvg%20xmlns=\" http:=\"\" class=\"attachment-large size-large\" alt=\"\" aria-describedby=\"gallery--161329\" data-lazy- data-lazy- data-lazy-src=\"https:\/\/www.europesays.com\/fr\/wp-content\/uploads\/2025\/06\/06-Obse\u0300ques-Bernard-Lacombe-\u00a9-Margaux-Nourry-Lyon-People.jpg\"\/><\/a><\/p>\n<p>\n                                6. La signature des registres<\/p>\n<p><br style=\"clear: both\"\/><\/p>\n<p>                                <a href=\"https:\/\/www.europesays.com\/fr\/wp-content\/uploads\/2025\/06\/07-Obse\u0300ques-Bernard-Lacombe-\u00a9-Margaux-Nourry-Lyon-People.jpg\" title=\"7. Bon nombre de supporters historiques ont fait le d\u00e9placement pour rendre hommage \u00e0 leur regrett\u00e9 dirigeant.\" data-rl_title=\"7. Bon nombre de supporters historiques ont fait le d\u00e9placement pour rendre hommage \u00e0 leur regrett\u00e9 dirigeant.\" class=\"rl-gallery-link\" data-rl_caption=\"\" data-rel=\"lightbox-gallery-bGlnaHRib3gtZ2FsbGVyeS0w\" data-rl_><img loading=\"lazy\" decoding=\"async\" width=\"900\" height=\"600\" src=\"data:image\/svg+xml,%3Csvg%20xmlns=\" http:=\"\" class=\"attachment-large size-large\" alt=\"\" aria-describedby=\"gallery--161330\" data-lazy- data-lazy- data-lazy-src=\"https:\/\/www.europesays.com\/fr\/wp-content\/uploads\/2025\/06\/07-Obse\u0300ques-Bernard-Lacombe-\u00a9-Margaux-Nourry-Lyon-People.jpg\"\/><\/a><\/p>\n<p>\n                                7. Bon nombre de supporters historiques ont fait le d\u00e9placement pour rendre hommage \u00e0 leur regrett\u00e9 dirigeant. <\/p>\n<p>                                <a href=\"https:\/\/www.europesays.com\/fr\/wp-content\/uploads\/2025\/06\/08-Entre\u0301e-e\u0301glise-Obse\u0300ques-Bernard-Lacombe-\u00a9-Margaux-Nourry-Lyon-People.jpg\" title=\"8. L&#039;\u00e9glise Saint Denis\" data-rl_title=\"8. L&#039;\u00e9glise Saint Denis\" class=\"rl-gallery-link\" data-rl_caption=\"\" data-rel=\"lightbox-gallery-bGlnaHRib3gtZ2FsbGVyeS0w\" data-rl_><img loading=\"lazy\" decoding=\"async\" width=\"900\" height=\"600\" src=\"data:image\/svg+xml,%3Csvg%20xmlns=\" http:=\"\" class=\"attachment-large size-large\" alt=\"\" aria-describedby=\"gallery--161331\" data-lazy- data-lazy- data-lazy-src=\"https:\/\/www.europesays.com\/fr\/wp-content\/uploads\/2025\/06\/08-Entre\u0301e-e\u0301glise-Obse\u0300ques-Bernard-Lacombe-\u00a9-Margaux-Nourry-Lyon-People.jpg\"\/><\/a><\/p>\n<p>\n                                8. L\u2019\u00e9glise Saint Denis<\/p>\n<p><br style=\"clear: both\"\/><\/p>\n<p>                                <a href=\"https:\/\/www.europesays.com\/fr\/wp-content\/uploads\/2025\/06\/09-Supporters-Obse\u0300ques-Bernard-Lacombe-\u00a9-Margaux-Nourry-Lyon-People.jpg\" title=\"9. Entre 200 et 300 supporters ont assist\u00e9 \u00e0 la c\u00e9r\u00e9monie sur le parvis\" data-rl_title=\"9. Entre 200 et 300 supporters ont assist\u00e9 \u00e0 la c\u00e9r\u00e9monie sur le parvis\" class=\"rl-gallery-link\" data-rl_caption=\"\" data-rel=\"lightbox-gallery-bGlnaHRib3gtZ2FsbGVyeS0w\" data-rl_><img loading=\"lazy\" decoding=\"async\" width=\"900\" height=\"600\" src=\"data:image\/svg+xml,%3Csvg%20xmlns=\" http:=\"\" class=\"attachment-large size-large\" alt=\"\" aria-describedby=\"gallery--161333\" data-lazy- data-lazy- data-lazy-src=\"https:\/\/www.europesays.com\/fr\/wp-content\/uploads\/2025\/06\/09-Supporters-Obse\u0300ques-Bernard-Lacombe-\u00a9-Margaux-Nourry-Lyon-People.jpg\"\/><\/a><\/p>\n<p>\n                                9. Entre 200 et 300 supporters ont assist\u00e9 \u00e0 la c\u00e9r\u00e9monie sur le parvis<\/p>\n<p>                                <a href=\"https:\/\/www.europesays.com\/fr\/wp-content\/uploads\/2025\/06\/10-Pre\u0302tre-Obse\u0300ques-Bernard-Lacombe-\u00a9-Margaux-Nourry-Lyon-People.jpg\" title=\"10. Le p\u00e8re R\u00e9gis Charre\" data-rl_title=\"10. Le p\u00e8re R\u00e9gis Charre\" class=\"rl-gallery-link\" data-rl_caption=\"\" data-rel=\"lightbox-gallery-bGlnaHRib3gtZ2FsbGVyeS0w\" data-rl_><img loading=\"lazy\" decoding=\"async\" width=\"900\" height=\"600\" src=\"data:image\/svg+xml,%3Csvg%20xmlns=\" http:=\"\" class=\"attachment-large size-large\" alt=\"\" aria-describedby=\"gallery--161334\" data-lazy- data-lazy- data-lazy-src=\"https:\/\/www.europesays.com\/fr\/wp-content\/uploads\/2025\/06\/10-Pre\u0302tre-Obse\u0300ques-Bernard-Lacombe-\u00a9-Margaux-Nourry-Lyon-People.jpg\"\/><\/a><\/p>\n<p>\n                                10. Le p\u00e8re R\u00e9gis Charre<\/p>\n<p><br style=\"clear: both\"\/><\/p>\n<p>                                <a href=\"https:\/\/www.europesays.com\/fr\/wp-content\/uploads\/2025\/06\/11-Obse\u0300ques-Bernard-Lacombe-\u00a9-Margaux-Nourry-Lyon-People.jpg\" title=\"11. Samuel Soulier, adjoint au maire du 6e arrondissement de Lyon\" data-rl_title=\"11. Samuel Soulier, adjoint au maire du 6e arrondissement de Lyon\" class=\"rl-gallery-link\" data-rl_caption=\"\" data-rel=\"lightbox-gallery-bGlnaHRib3gtZ2FsbGVyeS0w\" data-rl_><img loading=\"lazy\" decoding=\"async\" width=\"900\" height=\"600\" src=\"data:image\/svg+xml,%3Csvg%20xmlns=\" http:=\"\" class=\"attachment-large size-large\" alt=\"\" aria-describedby=\"gallery--161335\" data-lazy- data-lazy- data-lazy-src=\"https:\/\/www.europesays.com\/fr\/wp-content\/uploads\/2025\/06\/11-Obse\u0300ques-Bernard-Lacombe-\u00a9-Margaux-Nourry-Lyon-People.jpg\"\/><\/a><\/p>\n<p>\n                                11. Samuel Soulier, adjoint au maire du 6e arrondissement de Lyon<\/p>\n<p>                                <a href=\"https:\/\/www.europesays.com\/fr\/wp-content\/uploads\/2025\/06\/12-Obse\u0300ques-Bernard-Lacombe-\u00a9-Margaux-Nourry-Lyon-People.jpg\" title=\"12. L\u2019arriv\u00e9e des proches de Bernard Lacombe\" data-rl_title=\"12. L\u2019arriv\u00e9e des proches de Bernard Lacombe\" class=\"rl-gallery-link\" data-rl_caption=\"\" data-rel=\"lightbox-gallery-bGlnaHRib3gtZ2FsbGVyeS0w\" data-rl_><img loading=\"lazy\" decoding=\"async\" width=\"900\" height=\"600\" src=\"data:image\/svg+xml,%3Csvg%20xmlns=\" http:=\"\" class=\"attachment-large size-large\" alt=\"\" aria-describedby=\"gallery--161336\" data-lazy- data-lazy- data-lazy-src=\"https:\/\/www.europesays.com\/fr\/wp-content\/uploads\/2025\/06\/12-Obse\u0300ques-Bernard-Lacombe-\u00a9-Margaux-Nourry-Lyon-People.jpg\"\/><\/a><\/p>\n<p>\n                                12. L\u2019arriv\u00e9e des proches de Bernard Lacombe<\/p>\n<p><br style=\"clear: both\"\/><\/p>\n<p>                                <a href=\"https:\/\/www.europesays.com\/fr\/wp-content\/uploads\/2025\/06\/13-Obse\u0300ques-Bernard-Lacombe-\u00a9-Margaux-Nourry-Lyon-People.jpg\" title=\"13. Fleury Di Nallo, le petit prince de Gerland\" data-rl_title=\"13. Fleury Di Nallo, le petit prince de Gerland\" class=\"rl-gallery-link\" data-rl_caption=\"\" data-rel=\"lightbox-gallery-bGlnaHRib3gtZ2FsbGVyeS0w\" data-rl_><img loading=\"lazy\" decoding=\"async\" width=\"900\" height=\"600\" src=\"data:image\/svg+xml,%3Csvg%20xmlns=\" http:=\"\" class=\"attachment-large size-large\" alt=\"\" aria-describedby=\"gallery--161337\" data-lazy- data-lazy- data-lazy-src=\"https:\/\/www.europesays.com\/fr\/wp-content\/uploads\/2025\/06\/13-Obse\u0300ques-Bernard-Lacombe-\u00a9-Margaux-Nourry-Lyon-People.jpg\"\/><\/a><\/p>\n<p>\n                                13. Fleury Di Nallo, le petit prince de Gerland<\/p>\n<p>                                <a href=\"https:\/\/www.europesays.com\/fr\/wp-content\/uploads\/2025\/06\/14-Marc-Fraysse-Obse\u0300ques-Bernard-Lacombe-\u00a9-Margaux-Nourry-Lyon-People.jpg\" title=\"14. L\u2019ancien d\u00e9put\u00e9, Marc Fraysse en compagnie de son ami, Andr\u00e9 Soulier et de son petit-fils Samuel.\" data-rl_title=\"14. L\u2019ancien d\u00e9put\u00e9, Marc Fraysse en compagnie de son ami, Andr\u00e9 Soulier et de son petit-fils Samuel.\" class=\"rl-gallery-link\" data-rl_caption=\"\" data-rel=\"lightbox-gallery-bGlnaHRib3gtZ2FsbGVyeS0w\" data-rl_><img loading=\"lazy\" decoding=\"async\" width=\"900\" height=\"600\" src=\"data:image\/svg+xml,%3Csvg%20xmlns=\" http:=\"\" class=\"attachment-large size-large\" alt=\"\" aria-describedby=\"gallery--161338\" data-lazy- data-lazy- data-lazy-src=\"https:\/\/www.europesays.com\/fr\/wp-content\/uploads\/2025\/06\/14-Marc-Fraysse-Obse\u0300ques-Bernard-Lacombe-\u00a9-Margaux-Nourry-Lyon-People.jpg\"\/><\/a><\/p>\n<p>\n                                14. L\u2019ancien d\u00e9put\u00e9, Marc Fraysse en compagnie de son ami, Andr\u00e9 Soulier et de son petit-fils Samuel. <\/p>\n<p><br style=\"clear: both\"\/><\/p>\n<p>                                <a href=\"https:\/\/www.europesays.com\/fr\/wp-content\/uploads\/2025\/06\/15-Marc-Fraysse-Obse\u0300ques-Bernard-Lacombe-\u00a9-Margaux-Nourry-Lyon-People.jpg\" title=\"15. Le p\u00e8re R\u00e9gis Charre en discussion avec l\u2019ancien d\u00e9put\u00e9 Marc Fraysse, Andr\u00e9 et Samuel Soulier.\" data-rl_title=\"15. Le p\u00e8re R\u00e9gis Charre en discussion avec l\u2019ancien d\u00e9put\u00e9 Marc Fraysse, Andr\u00e9 et Samuel Soulier.\" class=\"rl-gallery-link\" data-rl_caption=\"\" data-rel=\"lightbox-gallery-bGlnaHRib3gtZ2FsbGVyeS0w\" data-rl_><img loading=\"lazy\" decoding=\"async\" width=\"900\" height=\"600\" src=\"data:image\/svg+xml,%3Csvg%20xmlns=\" http:=\"\" class=\"attachment-large size-large\" alt=\"\" aria-describedby=\"gallery--161339\" data-lazy- data-lazy- data-lazy-src=\"https:\/\/www.europesays.com\/fr\/wp-content\/uploads\/2025\/06\/15-Marc-Fraysse-Obse\u0300ques-Bernard-Lacombe-\u00a9-Margaux-Nourry-Lyon-People.jpg\"\/><\/a><\/p>\n<p>\n                                15. Le p\u00e8re R\u00e9gis Charre en discussion avec l\u2019ancien d\u00e9put\u00e9 Marc Fraysse, Andr\u00e9 et Samuel Soulier. <\/p>\n<p>                                <a href=\"https:\/\/www.europesays.com\/fr\/wp-content\/uploads\/2025\/06\/16-Obse\u0300ques-Bernard-Lacombe-\u00a9-Margaux-Nourry-Lyon-People.jpg\" title=\"16. Florian Maurice, ex-attaquant de l\u2019OL\" data-rl_title=\"16. Florian Maurice, ex-attaquant de l\u2019OL\" class=\"rl-gallery-link\" data-rl_caption=\"\" data-rel=\"lightbox-gallery-bGlnaHRib3gtZ2FsbGVyeS0w\" data-rl_><img loading=\"lazy\" decoding=\"async\" width=\"900\" height=\"600\" src=\"data:image\/svg+xml,%3Csvg%20xmlns=\" http:=\"\" class=\"attachment-large size-large\" alt=\"\" aria-describedby=\"gallery--161340\" data-lazy- data-lazy- data-lazy-src=\"https:\/\/www.europesays.com\/fr\/wp-content\/uploads\/2025\/06\/16-Obse\u0300ques-Bernard-Lacombe-\u00a9-Margaux-Nourry-Lyon-People.jpg\"\/><\/a><\/p>\n<p>\n                                16. Florian Maurice, ex-attaquant de l\u2019OL <\/p>\n<p><br style=\"clear: both\"\/><\/p>\n<p>                                <a href=\"https:\/\/www.europesays.com\/fr\/wp-content\/uploads\/2025\/06\/17-Entre\u0301e-Aulas-Obse\u0300ques-Bernard-Lacombe-\u00a9-Margaux-Nourry-Lyon-People.jpg\" title=\"17. L\u2019arriv\u00e9e de Jean-Michel Aulas\" data-rl_title=\"17. L\u2019arriv\u00e9e de Jean-Michel Aulas\" class=\"rl-gallery-link\" data-rl_caption=\"\" data-rel=\"lightbox-gallery-bGlnaHRib3gtZ2FsbGVyeS0w\" data-rl_><img loading=\"lazy\" decoding=\"async\" width=\"900\" height=\"600\" src=\"data:image\/svg+xml,%3Csvg%20xmlns=\" http:=\"\" class=\"attachment-large size-large\" alt=\"\" aria-describedby=\"gallery--161341\" data-lazy- data-lazy- data-lazy-src=\"https:\/\/www.europesays.com\/fr\/wp-content\/uploads\/2025\/06\/17-Entre\u0301e-Aulas-Obse\u0300ques-Bernard-Lacombe-\u00a9-Margaux-Nourry-Lyon-People.jpg\"\/><\/a><\/p>\n<p>\n                                17. L\u2019arriv\u00e9e de Jean-Michel Aulas <\/p>\n<p>                                <a href=\"https:\/\/www.europesays.com\/fr\/wp-content\/uploads\/2025\/06\/18-Obse\u0300ques-Bernard-Lacombe-\u00a9-Margaux-Nourry-Lyon-People.jpg\" title=\"18. Patrick Iliou (GL events) et ancien secr\u00e9taire g\u00e9n\u00e9ral d\u2019OL Groupe\" data-rl_title=\"18. Patrick Iliou (GL events) et ancien secr\u00e9taire g\u00e9n\u00e9ral d\u2019OL Groupe\" class=\"rl-gallery-link\" data-rl_caption=\"\" data-rel=\"lightbox-gallery-bGlnaHRib3gtZ2FsbGVyeS0w\" data-rl_><img loading=\"lazy\" decoding=\"async\" width=\"900\" height=\"600\" src=\"data:image\/svg+xml,%3Csvg%20xmlns=\" http:=\"\" class=\"attachment-large size-large\" alt=\"\" aria-describedby=\"gallery--161342\" data-lazy- data-lazy- data-lazy-src=\"https:\/\/www.europesays.com\/fr\/wp-content\/uploads\/2025\/06\/18-Obse\u0300ques-Bernard-Lacombe-\u00a9-Margaux-Nourry-Lyon-People.jpg\"\/><\/a><\/p>\n<p>\n                                18. Patrick Iliou (GL events) et ancien secr\u00e9taire g\u00e9n\u00e9ral d\u2019OL Groupe<\/p>\n<p><br style=\"clear: both\"\/><\/p>\n<p>                                <a href=\"https:\/\/www.europesays.com\/fr\/wp-content\/uploads\/2025\/06\/19-Obse\u0300ques-Bernard-Lacombe-\u00a9-Margaux-Nourry-Lyon-People.jpg\" title=\"19. Fleury Di Nallo accompagn\u00e9 de l\u2019ancien d\u00e9put\u00e9 et secr\u00e9taire d\u2019Etat charg\u00e9 des Sports, Thierry Braillard\" data-rl_title=\"19. Fleury Di Nallo accompagn\u00e9 de l\u2019ancien d\u00e9put\u00e9 et secr\u00e9taire d\u2019Etat charg\u00e9 des Sports, Thierry Braillard\" class=\"rl-gallery-link\" data-rl_caption=\"\" data-rel=\"lightbox-gallery-bGlnaHRib3gtZ2FsbGVyeS0w\" data-rl_><img loading=\"lazy\" decoding=\"async\" width=\"900\" height=\"600\" src=\"data:image\/svg+xml,%3Csvg%20xmlns=\" http:=\"\" class=\"attachment-large size-large\" alt=\"\" aria-describedby=\"gallery--161343\" data-lazy- data-lazy- data-lazy-src=\"https:\/\/www.europesays.com\/fr\/wp-content\/uploads\/2025\/06\/19-Obse\u0300ques-Bernard-Lacombe-\u00a9-Margaux-Nourry-Lyon-People.jpg\"\/><\/a><\/p>\n<p>\n                                19. Fleury Di Nallo accompagn\u00e9 de l\u2019ancien d\u00e9put\u00e9 et secr\u00e9taire d\u2019Etat charg\u00e9 des Sports, Thierry Braillard <\/p>\n<p>                                <a href=\"https:\/\/www.europesays.com\/fr\/wp-content\/uploads\/2025\/06\/20-Obse\u0300ques-Bernard-Lacombe-\u00a9-Margaux-Nourry-Lyon-People.jpg\" title=\"20. L\u2019ancien s\u00e9lectionneur de l\u2019\u00c9quipe de France et entra\u00eeneur de l\u2019OL, Jacques Santini.\" data-rl_title=\"20. L\u2019ancien s\u00e9lectionneur de l\u2019\u00c9quipe de France et entra\u00eeneur de l\u2019OL, Jacques Santini.\" class=\"rl-gallery-link\" data-rl_caption=\"\" data-rel=\"lightbox-gallery-bGlnaHRib3gtZ2FsbGVyeS0w\" data-rl_><img loading=\"lazy\" decoding=\"async\" width=\"900\" height=\"600\" src=\"data:image\/svg+xml,%3Csvg%20xmlns=\" http:=\"\" class=\"attachment-large size-large\" alt=\"\" aria-describedby=\"gallery--161344\" data-lazy- data-lazy- data-lazy-src=\"https:\/\/www.europesays.com\/fr\/wp-content\/uploads\/2025\/06\/20-Obse\u0300ques-Bernard-Lacombe-\u00a9-Margaux-Nourry-Lyon-People.jpg\"\/><\/a><\/p>\n<p>\n                                20. L\u2019ancien s\u00e9lectionneur de l\u2019\u00c9quipe de France et entra\u00eeneur de l\u2019OL, Jacques Santini.<\/p>\n<p><br style=\"clear: both\"\/><\/p>\n<p>                                <a href=\"https:\/\/www.europesays.com\/fr\/wp-content\/uploads\/2025\/06\/21-Obse\u0300ques-Bernard-Lacombe-\u00a9-Margaux-Nourry-Lyon-People.jpg\" title=\"21. Luis Fernandez, ex-co\u00e9quipier de Bernard Lacombe\" data-rl_title=\"21. Luis Fernandez, ex-co\u00e9quipier de Bernard Lacombe\" class=\"rl-gallery-link\" data-rl_caption=\"\" data-rel=\"lightbox-gallery-bGlnaHRib3gtZ2FsbGVyeS0w\" data-rl_><img loading=\"lazy\" decoding=\"async\" width=\"900\" height=\"642\" src=\"data:image\/svg+xml,%3Csvg%20xmlns=\" http:=\"\" class=\"attachment-large size-large\" alt=\"\" aria-describedby=\"gallery--161345\" data-lazy- data-lazy- data-lazy-src=\"https:\/\/www.europesays.com\/fr\/wp-content\/uploads\/2025\/06\/21-Obse\u0300ques-Bernard-Lacombe-\u00a9-Margaux-Nourry-Lyon-People.jpg\"\/><\/a><\/p>\n<p>\n                                21. Luis Fernandez, ex-co\u00e9quipier de Bernard Lacombe<\/p>\n<p>                                <a href=\"https:\/\/www.europesays.com\/fr\/wp-content\/uploads\/2025\/06\/22-Christophe-Marguin-Obse\u0300ques-Bernard-Lacombe-\u00a9-Margaux-Nourry-Lyon-People.jpg\" title=\"22. Christophe Marguin, pr\u00e9sident des Toques Blanches Lyonnaises\" data-rl_title=\"22. Christophe Marguin, pr\u00e9sident des Toques Blanches Lyonnaises\" class=\"rl-gallery-link\" data-rl_caption=\"\" data-rel=\"lightbox-gallery-bGlnaHRib3gtZ2FsbGVyeS0w\" data-rl_><img loading=\"lazy\" decoding=\"async\" width=\"900\" height=\"600\" src=\"data:image\/svg+xml,%3Csvg%20xmlns=\" http:=\"\" class=\"attachment-large size-large\" alt=\"\" aria-describedby=\"gallery--161346\" data-lazy- data-lazy- data-lazy-src=\"https:\/\/www.europesays.com\/fr\/wp-content\/uploads\/2025\/06\/22-Christophe-Marguin-Obse\u0300ques-Bernard-Lacombe-\u00a9-Margaux-Nourry-Lyon-People.jpg\"\/><\/a><\/p>\n<p>\n                                22. Christophe Marguin, pr\u00e9sident des Toques Blanches Lyonnaises<\/p>\n<p><br style=\"clear: both\"\/><\/p>\n<p>                                <a href=\"https:\/\/www.europesays.com\/fr\/wp-content\/uploads\/2025\/06\/23-Christophe-Marguin-Obse\u0300ques-Bernard-Lacombe-\u00a9-Margaux-Nourry-Lyon-People.jpg\" title=\"23. Christophe Marguin, pr\u00e9sident des Toques Blanches Lyonnaises accueilli par le pr\u00eatre R\u00e9gis Charre\" data-rl_title=\"23. Christophe Marguin, pr\u00e9sident des Toques Blanches Lyonnaises accueilli par le pr\u00eatre R\u00e9gis Charre\" class=\"rl-gallery-link\" data-rl_caption=\"\" data-rel=\"lightbox-gallery-bGlnaHRib3gtZ2FsbGVyeS0w\" data-rl_><img loading=\"lazy\" decoding=\"async\" width=\"900\" height=\"600\" src=\"data:image\/svg+xml,%3Csvg%20xmlns=\" http:=\"\" class=\"attachment-large size-large\" alt=\"\" aria-describedby=\"gallery--161347\" data-lazy- data-lazy- data-lazy-src=\"https:\/\/www.europesays.com\/fr\/wp-content\/uploads\/2025\/06\/23-Christophe-Marguin-Obse\u0300ques-Bernard-Lacombe-\u00a9-Margaux-Nourry-Lyon-People.jpg\"\/><\/a><\/p>\n<p>\n                                23. Christophe Marguin, pr\u00e9sident des Toques Blanches Lyonnaises accueilli par le pr\u00eatre R\u00e9gis Charre<\/p>\n<p>                                <a href=\"https:\/\/www.europesays.com\/fr\/wp-content\/uploads\/2025\/06\/24-Obse\u0300ques-Bernard-Lacombe-\u00a9-Margaux-Nourry-Lyon-People.jpg\" title=\"24. Ren\u00e9 Girard\" data-rl_title=\"24. Ren\u00e9 Girard\" class=\"rl-gallery-link\" data-rl_caption=\"\" data-rel=\"lightbox-gallery-bGlnaHRib3gtZ2FsbGVyeS0w\" data-rl_><img loading=\"lazy\" decoding=\"async\" width=\"900\" height=\"600\" src=\"data:image\/svg+xml,%3Csvg%20xmlns=\" http:=\"\" class=\"attachment-large size-large\" alt=\"\" aria-describedby=\"gallery--161348\" data-lazy- data-lazy- data-lazy-src=\"https:\/\/www.europesays.com\/fr\/wp-content\/uploads\/2025\/06\/24-Obse\u0300ques-Bernard-Lacombe-\u00a9-Margaux-Nourry-Lyon-People.jpg\"\/><\/a><\/p>\n<p>\n                                24. Ren\u00e9 Girard <\/p>\n<p><br style=\"clear: both\"\/><\/p>\n<p>                                <a href=\"https:\/\/www.europesays.com\/fr\/wp-content\/uploads\/2025\/06\/25-Obse\u0300ques-Bernard-Lacombe-\u00a9-Margaux-Nourry-Lyon-People.jpg\" title=\"25. Sonny Anderson\" data-rl_title=\"25. Sonny Anderson\" class=\"rl-gallery-link\" data-rl_caption=\"\" data-rel=\"lightbox-gallery-bGlnaHRib3gtZ2FsbGVyeS0w\" data-rl_><img loading=\"lazy\" decoding=\"async\" width=\"900\" height=\"600\" src=\"data:image\/svg+xml,%3Csvg%20xmlns=\" http:=\"\" class=\"attachment-large size-large\" alt=\"\" aria-describedby=\"gallery--161349\" data-lazy- data-lazy- data-lazy-src=\"https:\/\/www.europesays.com\/fr\/wp-content\/uploads\/2025\/06\/25-Obse\u0300ques-Bernard-Lacombe-\u00a9-Margaux-Nourry-Lyon-People.jpg\"\/><\/a><\/p>\n<p>\n                                25. Sonny Anderson<\/p>\n<p>                                <a href=\"https:\/\/www.europesays.com\/fr\/wp-content\/uploads\/2025\/06\/26-Obse\u0300ques-Bernard-Lacombe-\u00a9-Margaux-Nourry-Lyon-People.jpg\" title=\"26. L\u2019arriv\u00e9e de Marco Chopin et de l\u2019ancien s\u00e9lectionneur des Bleus, Raymond Domenech\" data-rl_title=\"26. L\u2019arriv\u00e9e de Marco Chopin et de l\u2019ancien s\u00e9lectionneur des Bleus, Raymond Domenech\" class=\"rl-gallery-link\" data-rl_caption=\"\" data-rel=\"lightbox-gallery-bGlnaHRib3gtZ2FsbGVyeS0w\" data-rl_><img loading=\"lazy\" decoding=\"async\" width=\"900\" height=\"600\" src=\"data:image\/svg+xml,%3Csvg%20xmlns=\" http:=\"\" class=\"attachment-large size-large\" alt=\"\" aria-describedby=\"gallery--161350\" data-lazy- data-lazy- data-lazy-src=\"https:\/\/www.europesays.com\/fr\/wp-content\/uploads\/2025\/06\/26-Obse\u0300ques-Bernard-Lacombe-\u00a9-Margaux-Nourry-Lyon-People.jpg\"\/><\/a><\/p>\n<p>\n                                26. L\u2019arriv\u00e9e de Marco Chopin et de l\u2019ancien s\u00e9lectionneur des Bleus, Raymond Domenech <\/p>\n<p><br style=\"clear: both\"\/><\/p>\n<p>                                <a href=\"https:\/\/www.europesays.com\/fr\/wp-content\/uploads\/2025\/06\/27-Obse\u0300ques-Bernard-Lacombe-\u00a9-Margaux-Nourry-Lyon-People.jpg\" title=\"27. Mont\u00e9e des marches pour l\u2019ancien entra\u00eeneur de l\u2019OL, Raymond Domenech\" data-rl_title=\"27. Mont\u00e9e des marches pour l\u2019ancien entra\u00eeneur de l\u2019OL, Raymond Domenech\" class=\"rl-gallery-link\" data-rl_caption=\"\" data-rel=\"lightbox-gallery-bGlnaHRib3gtZ2FsbGVyeS0w\" data-rl_><img loading=\"lazy\" decoding=\"async\" width=\"900\" height=\"600\" src=\"data:image\/svg+xml,%3Csvg%20xmlns=\" http:=\"\" class=\"attachment-large size-large\" alt=\"\" aria-describedby=\"gallery--161351\" data-lazy- data-lazy- data-lazy-src=\"https:\/\/www.europesays.com\/fr\/wp-content\/uploads\/2025\/06\/27-Obse\u0300ques-Bernard-Lacombe-\u00a9-Margaux-Nourry-Lyon-People.jpg\"\/><\/a><\/p>\n<p>\n                                27. Mont\u00e9e des marches pour l\u2019ancien entra\u00eeneur de l\u2019OL, Raymond Domenech<\/p>\n<p>                                <a href=\"https:\/\/www.europesays.com\/fr\/wp-content\/uploads\/2025\/06\/28-Obse\u0300ques-Bernard-Lacombe-\u00a9-Margaux-Nourry-Lyon-People.jpg\" title=\"28. L\u2019ancien d\u00e9fenseur J\u00e9r\u00e9mie Br\u00e9chet\" data-rl_title=\"28. L\u2019ancien d\u00e9fenseur J\u00e9r\u00e9mie Br\u00e9chet\" class=\"rl-gallery-link\" data-rl_caption=\"\" data-rel=\"lightbox-gallery-bGlnaHRib3gtZ2FsbGVyeS0w\" data-rl_><img loading=\"lazy\" decoding=\"async\" width=\"900\" height=\"600\" src=\"data:image\/svg+xml,%3Csvg%20xmlns=\" http:=\"\" class=\"attachment-large size-large\" alt=\"\" aria-describedby=\"gallery--161352\" data-lazy- data-lazy- data-lazy-src=\"https:\/\/www.europesays.com\/fr\/wp-content\/uploads\/2025\/06\/28-Obse\u0300ques-Bernard-Lacombe-\u00a9-Margaux-Nourry-Lyon-People.jpg\"\/><\/a><\/p>\n<p>\n                                28. L\u2019ancien d\u00e9fenseur J\u00e9r\u00e9mie Br\u00e9chet <\/p>\n<p><br style=\"clear: both\"\/><\/p>\n<p>                                <a href=\"https:\/\/www.europesays.com\/fr\/wp-content\/uploads\/2025\/06\/29-Obse\u0300ques-Bernard-Lacombe-\u00a9-Margaux-Nourry-Lyon-People.jpg\" title=\"29. L\u2019ancien gardien de but, R\u00e9my Vercoutre\" data-rl_title=\"29. L\u2019ancien gardien de but, R\u00e9my Vercoutre\" class=\"rl-gallery-link\" data-rl_caption=\"\" data-rel=\"lightbox-gallery-bGlnaHRib3gtZ2FsbGVyeS0w\" data-rl_><img loading=\"lazy\" decoding=\"async\" width=\"900\" height=\"600\" src=\"data:image\/svg+xml,%3Csvg%20xmlns=\" http:=\"\" class=\"attachment-large size-large\" alt=\"\" aria-describedby=\"gallery--161353\" data-lazy- data-lazy- data-lazy-src=\"https:\/\/www.europesays.com\/fr\/wp-content\/uploads\/2025\/06\/29-Obse\u0300ques-Bernard-Lacombe-\u00a9-Margaux-Nourry-Lyon-People.jpg\"\/><\/a><\/p>\n<p>\n                                29. L\u2019ancien gardien de but, R\u00e9my Vercoutre <\/p>\n<p>                                <a href=\"https:\/\/www.europesays.com\/fr\/wp-content\/uploads\/2025\/06\/30-Obse\u0300ques-Bernard-Lacombe-\u00a9-Margaux-Nourry-Lyon-People.jpg\" title=\"30. R\u00e9my Vercoutre\" data-rl_title=\"30. R\u00e9my Vercoutre\" class=\"rl-gallery-link\" data-rl_caption=\"\" data-rel=\"lightbox-gallery-bGlnaHRib3gtZ2FsbGVyeS0w\" data-rl_><img loading=\"lazy\" decoding=\"async\" width=\"900\" height=\"600\" src=\"data:image\/svg+xml,%3Csvg%20xmlns=\" http:=\"\" class=\"attachment-large size-large\" alt=\"\" aria-describedby=\"gallery--161354\" data-lazy- data-lazy- data-lazy-src=\"https:\/\/www.europesays.com\/fr\/wp-content\/uploads\/2025\/06\/30-Obse\u0300ques-Bernard-Lacombe-\u00a9-Margaux-Nourry-Lyon-People.jpg\"\/><\/a><\/p>\n<p>\n                                30. R\u00e9my Vercoutre <\/p>\n<p><br style=\"clear: both\"\/><\/p>\n<p>                                <a href=\"https:\/\/www.europesays.com\/fr\/wp-content\/uploads\/2025\/06\/31-Obse\u0300ques-Bernard-Lacombe-\u00a9-Margaux-Nourry-Lyon-People.jpg\" title=\"31. Baf\u00e9timbi Gomis\" data-rl_title=\"31. Baf\u00e9timbi Gomis\" class=\"rl-gallery-link\" data-rl_caption=\"\" data-rel=\"lightbox-gallery-bGlnaHRib3gtZ2FsbGVyeS0w\" data-rl_><img loading=\"lazy\" decoding=\"async\" width=\"900\" height=\"600\" src=\"data:image\/svg+xml,%3Csvg%20xmlns=\" http:=\"\" class=\"attachment-large size-large\" alt=\"\" aria-describedby=\"gallery--161355\" data-lazy- data-lazy- data-lazy-src=\"https:\/\/www.europesays.com\/fr\/wp-content\/uploads\/2025\/06\/31-Obse\u0300ques-Bernard-Lacombe-\u00a9-Margaux-Nourry-Lyon-People.jpg\"\/><\/a><\/p>\n<p>\n                                31. Baf\u00e9timbi Gomis<\/p>\n<p>                                <a href=\"https:\/\/www.europesays.com\/fr\/wp-content\/uploads\/2025\/06\/32-Obse\u0300ques-Bernard-Lacombe-\u00a9-Margaux-Nourry-Lyon-People.jpg\" title=\"32. L&#039;ancien gardien Gr\u00e9gory Coupet\" data-rl_title=\"32. L&#039;ancien gardien Gr\u00e9gory Coupet\" class=\"rl-gallery-link\" data-rl_caption=\"\" data-rel=\"lightbox-gallery-bGlnaHRib3gtZ2FsbGVyeS0w\" data-rl_><img loading=\"lazy\" decoding=\"async\" width=\"900\" height=\"600\" src=\"data:image\/svg+xml,%3Csvg%20xmlns=\" http:=\"\" class=\"attachment-large size-large\" alt=\"\" aria-describedby=\"gallery--161356\" data-lazy- data-lazy- data-lazy-src=\"https:\/\/www.europesays.com\/fr\/wp-content\/uploads\/2025\/06\/32-Obse\u0300ques-Bernard-Lacombe-\u00a9-Margaux-Nourry-Lyon-People.jpg\"\/><\/a><\/p>\n<p>\n                                32. L\u2019ancien gardien Gr\u00e9gory Coupet <\/p>\n<p><br style=\"clear: both\"\/><\/p>\n<p>                                <a href=\"https:\/\/www.europesays.com\/fr\/wp-content\/uploads\/2025\/06\/33-Bruno-Bernard-Obse\u0300ques-Bernard-Lacombe-\u00a9-Margaux-Nourry-Lyon-People.jpg\" title=\"33. Bruno Bernard, pr\u00e9sident de la M\u00e9tropole de Lyon et grand amateur de l\u2019OL\" data-rl_title=\"33. Bruno Bernard, pr\u00e9sident de la M\u00e9tropole de Lyon et grand amateur de l\u2019OL\" class=\"rl-gallery-link\" data-rl_caption=\"\" data-rel=\"lightbox-gallery-bGlnaHRib3gtZ2FsbGVyeS0w\" data-rl_><img loading=\"lazy\" decoding=\"async\" width=\"900\" height=\"600\" src=\"data:image\/svg+xml,%3Csvg%20xmlns=\" http:=\"\" class=\"attachment-large size-large\" alt=\"\" aria-describedby=\"gallery--161357\" data-lazy- data-lazy- data-lazy-src=\"https:\/\/www.europesays.com\/fr\/wp-content\/uploads\/2025\/06\/33-Bruno-Bernard-Obse\u0300ques-Bernard-Lacombe-\u00a9-Margaux-Nourry-Lyon-People.jpg\"\/><\/a><\/p>\n<p>\n                                33. Bruno Bernard, pr\u00e9sident de la M\u00e9tropole de Lyon et grand amateur de l\u2019OL <\/p>\n<p>                                <a href=\"https:\/\/www.europesays.com\/fr\/wp-content\/uploads\/2025\/06\/34-Gre\u0301gory-Doucet-Obse\u0300ques-Bernard-Lacombe-\u00a9-Margaux-Nourry-Lyon-People.jpg\" title=\"34. Gr\u00e9gory Doucet n&#039;est manifestement pas venu en v\u00e9lo\u2026\" data-rl_title=\"34. Gr\u00e9gory Doucet n&#039;est manifestement pas venu en v\u00e9lo\u2026\" class=\"rl-gallery-link\" data-rl_caption=\"\" data-rel=\"lightbox-gallery-bGlnaHRib3gtZ2FsbGVyeS0w\" data-rl_><img loading=\"lazy\" decoding=\"async\" width=\"900\" height=\"643\" src=\"data:image\/svg+xml,%3Csvg%20xmlns=\" http:=\"\" class=\"attachment-large size-large\" alt=\"\" aria-describedby=\"gallery--161358\" data-lazy- data-lazy- data-lazy-src=\"https:\/\/www.europesays.com\/fr\/wp-content\/uploads\/2025\/06\/34-Gre\u0301gory-Doucet-Obse\u0300ques-Bernard-Lacombe-\u00a9-Margaux-Nourry-Lyon-People.jpg\"\/><\/a><\/p>\n<p>\n                                34. Gr\u00e9gory Doucet n\u2019est manifestement pas venu en v\u00e9lo\u2026 <\/p>\n<p><br style=\"clear: both\"\/><\/p>\n<p>                                <a href=\"https:\/\/www.europesays.com\/fr\/wp-content\/uploads\/2025\/06\/35-Gre\u0301gory-Doucet-Obse\u0300ques-Bernard-Lacombe-\u00a9-Margaux-Nourry-Lyon-People.jpg\" title=\"35. Gr\u00e9gory Doucet, accompagn\u00e9 de son adjointe aux sports, Julie Nublat-Faure\" data-rl_title=\"35. Gr\u00e9gory Doucet, accompagn\u00e9 de son adjointe aux sports, Julie Nublat-Faure\" class=\"rl-gallery-link\" data-rl_caption=\"\" data-rel=\"lightbox-gallery-bGlnaHRib3gtZ2FsbGVyeS0w\" data-rl_><img loading=\"lazy\" decoding=\"async\" width=\"900\" height=\"600\" src=\"data:image\/svg+xml,%3Csvg%20xmlns=\" http:=\"\" class=\"attachment-large size-large\" alt=\"\" aria-describedby=\"gallery--161359\" data-lazy- data-lazy- data-lazy-src=\"https:\/\/www.europesays.com\/fr\/wp-content\/uploads\/2025\/06\/35-Gre\u0301gory-Doucet-Obse\u0300ques-Bernard-Lacombe-\u00a9-Margaux-Nourry-Lyon-People.jpg\"\/><\/a><\/p>\n<p>\n                                35. Gr\u00e9gory Doucet, accompagn\u00e9 de son adjointe aux sports, Julie Nublat-Faure<\/p>\n<p>                                <a href=\"https:\/\/www.europesays.com\/fr\/wp-content\/uploads\/2025\/06\/36-Obse\u0300ques-Bernard-Lacombe-\u00a9-Margaux-Nourry-Lyon-People.jpg\" title=\"36. Des supporters ont essay\u00e9 de p\u00e9n\u00e9trer dans l&#039;\u00e9glise mais seuls les proches \u00e9taient invit\u00e9s \u00e0 regagner l\u2019\u00e9glise.\" data-rl_title=\"36. Des supporters ont essay\u00e9 de p\u00e9n\u00e9trer dans l&#039;\u00e9glise mais seuls les proches \u00e9taient invit\u00e9s \u00e0 regagner l\u2019\u00e9glise.\" class=\"rl-gallery-link\" data-rl_caption=\"\" data-rel=\"lightbox-gallery-bGlnaHRib3gtZ2FsbGVyeS0w\" data-rl_><img loading=\"lazy\" decoding=\"async\" width=\"900\" height=\"600\" src=\"data:image\/svg+xml,%3Csvg%20xmlns=\" http:=\"\" class=\"attachment-large size-large\" alt=\"\" aria-describedby=\"gallery--161360\" data-lazy- data-lazy- data-lazy-src=\"https:\/\/www.europesays.com\/fr\/wp-content\/uploads\/2025\/06\/36-Obse\u0300ques-Bernard-Lacombe-\u00a9-Margaux-Nourry-Lyon-People.jpg\"\/><\/a><\/p>\n<p>\n                                36. Des supporters ont essay\u00e9 de p\u00e9n\u00e9trer dans l\u2019\u00e9glise mais seuls les proches \u00e9taient invit\u00e9s \u00e0 regagner l\u2019\u00e9glise. <\/p>\n<p><br style=\"clear: both\"\/><\/p>\n<p>                                <a href=\"https:\/\/www.europesays.com\/fr\/wp-content\/uploads\/2025\/06\/37-Wendie-Renard-Obse\u0300ques-Bernard-Lacombe-\u00a9-Margaux-Nourry-Lyon-People.jpg\" title=\"37. Wendie Renard, capitaine d\u2019OL Lyonnes\" data-rl_title=\"37. Wendie Renard, capitaine d\u2019OL Lyonnes\" class=\"rl-gallery-link\" data-rl_caption=\"\" data-rel=\"lightbox-gallery-bGlnaHRib3gtZ2FsbGVyeS0w\" data-rl_><img loading=\"lazy\" decoding=\"async\" width=\"900\" height=\"600\" src=\"data:image\/svg+xml,%3Csvg%20xmlns=\" http:=\"\" class=\"attachment-large size-large\" alt=\"\" aria-describedby=\"gallery--161361\" data-lazy- data-lazy- data-lazy-src=\"https:\/\/www.europesays.com\/fr\/wp-content\/uploads\/2025\/06\/37-Wendie-Renard-Obse\u0300ques-Bernard-Lacombe-\u00a9-Margaux-Nourry-Lyon-People.jpg\"\/><\/a><\/p>\n<p>\n                                37. Wendie Renard, capitaine d\u2019OL Lyonnes<\/p>\n<p>                                <a href=\"https:\/\/www.europesays.com\/fr\/wp-content\/uploads\/2025\/06\/38-Entre\u0301e-cercueil-Obse\u0300ques-Bernard-Lacombe-\u00a9-Margaux-Nourry-Lyon-People.jpg\" title=\"38. L\u2019arriv\u00e9e du cercueil\" data-rl_title=\"38. L\u2019arriv\u00e9e du cercueil\" class=\"rl-gallery-link\" data-rl_caption=\"\" data-rel=\"lightbox-gallery-bGlnaHRib3gtZ2FsbGVyeS0w\" data-rl_><img loading=\"lazy\" decoding=\"async\" width=\"900\" height=\"600\" src=\"data:image\/svg+xml,%3Csvg%20xmlns=\" http:=\"\" class=\"attachment-large size-large\" alt=\"\" aria-describedby=\"gallery--161362\" data-lazy- data-lazy- data-lazy-src=\"https:\/\/www.europesays.com\/fr\/wp-content\/uploads\/2025\/06\/38-Entre\u0301e-cercueil-Obse\u0300ques-Bernard-Lacombe-\u00a9-Margaux-Nourry-Lyon-People.jpg\"\/><\/a><\/p>\n<p>\n                                38. L\u2019arriv\u00e9e du cercueil <\/p>\n<p><br style=\"clear: both\"\/><\/p>\n<p>                                <a href=\"https:\/\/www.europesays.com\/fr\/wp-content\/uploads\/2025\/06\/39-Entre\u0301e-cercueil-Obse\u0300ques-Bernard-Lacombe-\u00a9-Margaux-Nourry-Lyon-People.jpg\" title=\"39.\" data-rl_title=\"39.\" class=\"rl-gallery-link\" data-rl_caption=\"\" data-rel=\"lightbox-gallery-bGlnaHRib3gtZ2FsbGVyeS0w\" data-rl_><img loading=\"lazy\" decoding=\"async\" width=\"900\" height=\"600\" src=\"data:image\/svg+xml,%3Csvg%20xmlns=\" http:=\"\" class=\"attachment-large size-large\" alt=\"\" aria-describedby=\"gallery--161363\" data-lazy- data-lazy- data-lazy-src=\"https:\/\/www.europesays.com\/fr\/wp-content\/uploads\/2025\/06\/39-Entre\u0301e-cercueil-Obse\u0300ques-Bernard-Lacombe-\u00a9-Margaux-Nourry-Lyon-People.jpg\"\/><\/a><\/p>\n<p>\n                                39. <\/p>\n<p>                                <a href=\"https:\/\/www.europesays.com\/fr\/wp-content\/uploads\/2025\/06\/40-Entre\u0301e-cercueil-Obse\u0300ques-Bernard-Lacombe-\u00a9-Margaux-Nourry-Lyon-People.jpg\" title=\"40.\" data-rl_title=\"40.\" class=\"rl-gallery-link\" data-rl_caption=\"\" data-rel=\"lightbox-gallery-bGlnaHRib3gtZ2FsbGVyeS0w\" data-rl_><img loading=\"lazy\" decoding=\"async\" width=\"900\" height=\"600\" src=\"data:image\/svg+xml,%3Csvg%20xmlns=\" http:=\"\" class=\"attachment-large size-large\" alt=\"\" aria-describedby=\"gallery--161365\" data-lazy- data-lazy- data-lazy-src=\"https:\/\/www.europesays.com\/fr\/wp-content\/uploads\/2025\/06\/40-Entre\u0301e-cercueil-Obse\u0300ques-Bernard-Lacombe-\u00a9-Margaux-Nourry-Lyon-People.jpg\"\/><\/a><\/p>\n<p>\n                                40. <\/p>\n<p><br style=\"clear: both\"\/><\/p>\n<p>                                <a href=\"https:\/\/www.europesays.com\/fr\/wp-content\/uploads\/2025\/06\/41-Entre\u0301e-cercueil-Obse\u0300ques-Bernard-Lacombe-\u00a9-Margaux-Nourry-Lyon-People.jpg\" title=\"41.\" data-rl_title=\"41.\" class=\"rl-gallery-link\" data-rl_caption=\"\" data-rel=\"lightbox-gallery-bGlnaHRib3gtZ2FsbGVyeS0w\" data-rl_><img loading=\"lazy\" decoding=\"async\" width=\"900\" height=\"600\" src=\"data:image\/svg+xml,%3Csvg%20xmlns=\" http:=\"\" class=\"attachment-large size-large\" alt=\"\" aria-describedby=\"gallery--161366\" data-lazy- data-lazy- data-lazy-src=\"https:\/\/www.europesays.com\/fr\/wp-content\/uploads\/2025\/06\/41-Entre\u0301e-cercueil-Obse\u0300ques-Bernard-Lacombe-\u00a9-Margaux-Nourry-Lyon-People.jpg\"\/><\/a><\/p>\n<p>\n                                41. <\/p>\n<p>                                <a href=\"https:\/\/www.europesays.com\/fr\/wp-content\/uploads\/2025\/06\/42-Entre\u0301e-cercueil-Obse\u0300ques-Bernard-Lacombe-\u00a9-Margaux-Nourry-Lyon-People.jpg\" title=\"42.\" data-rl_title=\"42.\" class=\"rl-gallery-link\" data-rl_caption=\"\" data-rel=\"lightbox-gallery-bGlnaHRib3gtZ2FsbGVyeS0w\" data-rl_><img loading=\"lazy\" decoding=\"async\" width=\"600\" height=\"900\" src=\"data:image\/svg+xml,%3Csvg%20xmlns=\" http:=\"\" class=\"attachment-large size-large\" alt=\"\" aria-describedby=\"gallery--161367\" data-lazy- data-lazy- data-lazy-src=\"https:\/\/www.europesays.com\/fr\/wp-content\/uploads\/2025\/06\/42-Entre\u0301e-cercueil-Obse\u0300ques-Bernard-Lacombe-\u00a9-Margaux-Nourry-Lyon-People.jpg\"\/><\/a><\/p>\n<p>\n                                42. <\/p>\n<p><br style=\"clear: both\"\/><\/p>\n<p>                                <a href=\"https:\/\/www.europesays.com\/fr\/wp-content\/uploads\/2025\/06\/43-Supporters-Obse\u0300ques-Bernard-Lacombe-\u00a9-Margaux-Nourry-Lyon-People.jpg\" title=\"43.\" data-rl_title=\"43.\" class=\"rl-gallery-link\" data-rl_caption=\"\" data-rel=\"lightbox-gallery-bGlnaHRib3gtZ2FsbGVyeS0w\" data-rl_><img loading=\"lazy\" decoding=\"async\" width=\"900\" height=\"600\" src=\"data:image\/svg+xml,%3Csvg%20xmlns=\" http:=\"\" class=\"attachment-large size-large\" alt=\"\" aria-describedby=\"gallery--161368\" data-lazy- data-lazy- data-lazy-src=\"https:\/\/www.europesays.com\/fr\/wp-content\/uploads\/2025\/06\/43-Supporters-Obse\u0300ques-Bernard-Lacombe-\u00a9-Margaux-Nourry-Lyon-People.jpg\"\/><\/a><\/p>\n<p>\n                                43. <\/p>\n<p>                                <a href=\"https:\/\/www.europesays.com\/fr\/wp-content\/uploads\/2025\/06\/44-Supporter-Obse\u0300ques-Bernard-Lacombe-\u00a9-Margaux-Nourry-Lyon-People.jpg\" title=\"44.\" data-rl_title=\"44.\" class=\"rl-gallery-link\" data-rl_caption=\"\" data-rel=\"lightbox-gallery-bGlnaHRib3gtZ2FsbGVyeS0w\" data-rl_><img loading=\"lazy\" decoding=\"async\" width=\"900\" height=\"600\" src=\"data:image\/svg+xml,%3Csvg%20xmlns=\" http:=\"\" class=\"attachment-large size-large\" alt=\"\" aria-describedby=\"gallery--161369\" data-lazy- data-lazy- data-lazy-src=\"https:\/\/www.europesays.com\/fr\/wp-content\/uploads\/2025\/06\/44-Supporter-Obse\u0300ques-Bernard-Lacombe-\u00a9-Margaux-Nourry-Lyon-People.jpg\"\/><\/a><\/p>\n<p>\n                                44. <\/p>\n<p><br style=\"clear: both\"\/><\/p>\n<p>                                <a href=\"https:\/\/www.europesays.com\/fr\/wp-content\/uploads\/2025\/06\/45-Supporters-Obse\u0300ques-Bernard-Lacombe-\u00a9-Margaux-Nourry-Lyon-People.jpg\" title=\"45. On dit que Juninho \u00e9tait de la partie mais le milieu de terrain ne s\u2019est jamais montr\u00e9 au public.\" data-rl_title=\"45. On dit que Juninho \u00e9tait de la partie mais le milieu de terrain ne s\u2019est jamais montr\u00e9 au public.\" class=\"rl-gallery-link\" data-rl_caption=\"\" data-rel=\"lightbox-gallery-bGlnaHRib3gtZ2FsbGVyeS0w\" data-rl_><img loading=\"lazy\" decoding=\"async\" width=\"900\" height=\"600\" src=\"data:image\/svg+xml,%3Csvg%20xmlns=\" http:=\"\" class=\"attachment-large size-large\" alt=\"\" aria-describedby=\"gallery--161371\" data-lazy- data-lazy- data-lazy-src=\"https:\/\/www.europesays.com\/fr\/wp-content\/uploads\/2025\/06\/45-Supporters-Obse\u0300ques-Bernard-Lacombe-\u00a9-Margaux-Nourry-Lyon-People.jpg\"\/><\/a><\/p>\n<p>\n                                45. On dit que Juninho \u00e9tait de la partie mais le milieu de terrain ne s\u2019est jamais montr\u00e9 au public. <\/p>\n<p>                                <a href=\"https:\/\/www.europesays.com\/fr\/wp-content\/uploads\/2025\/06\/48-Obse\u0300ques-Bernard-Lacombe-\u00a9-Margaux-Nourry-Lyon-People.jpg\" title=\"46. Dominique Rocheteau\" data-rl_title=\"46. Dominique Rocheteau\" class=\"rl-gallery-link\" data-rl_caption=\"\" data-rel=\"lightbox-gallery-bGlnaHRib3gtZ2FsbGVyeS0w\" data-rl_><img loading=\"lazy\" decoding=\"async\" width=\"900\" height=\"600\" src=\"data:image\/svg+xml,%3Csvg%20xmlns=\" http:=\"\" class=\"attachment-large size-large\" alt=\"\" aria-describedby=\"gallery--161373\" data-lazy- data-lazy- data-lazy-src=\"https:\/\/www.europesays.com\/fr\/wp-content\/uploads\/2025\/06\/48-Obse\u0300ques-Bernard-Lacombe-\u00a9-Margaux-Nourry-Lyon-People.jpg\"\/><\/a><\/p>\n<p>\n                                46. Dominique Rocheteau<\/p>\n<p><br style=\"clear: both\"\/><\/p>\n<p>                                <a href=\"https:\/\/www.europesays.com\/fr\/wp-content\/uploads\/2025\/06\/49-Obse\u0300ques-Bernard-Lacombe-\u00a9-Margaux-Nourry-Lyon-People.jpg\" title=\"47. Luis Fernandez\" data-rl_title=\"47. Luis Fernandez\" class=\"rl-gallery-link\" data-rl_caption=\"\" data-rel=\"lightbox-gallery-bGlnaHRib3gtZ2FsbGVyeS0w\" data-rl_><img loading=\"lazy\" decoding=\"async\" width=\"900\" height=\"600\" src=\"data:image\/svg+xml,%3Csvg%20xmlns=\" http:=\"\" class=\"attachment-large size-large\" alt=\"\" aria-describedby=\"gallery--161374\" data-lazy- data-lazy- data-lazy-src=\"https:\/\/www.europesays.com\/fr\/wp-content\/uploads\/2025\/06\/49-Obse\u0300ques-Bernard-Lacombe-\u00a9-Margaux-Nourry-Lyon-People.jpg\"\/><\/a><\/p>\n<p>\n                                47. Luis Fernandez<\/p>\n<p>                                <a href=\"https:\/\/www.europesays.com\/fr\/wp-content\/uploads\/2025\/06\/50-Sortie-e\u0301glise-Obse\u0300ques-Bernard-Lacombe-\u00a9-Margaux-Nourry-Lyon-People.jpg\" title=\"48. Fin de la c\u00e9r\u00e9monie.\" data-rl_title=\"48. Fin de la c\u00e9r\u00e9monie.\" class=\"rl-gallery-link\" data-rl_caption=\"\" data-rel=\"lightbox-gallery-bGlnaHRib3gtZ2FsbGVyeS0w\" data-rl_><img loading=\"lazy\" decoding=\"async\" width=\"900\" height=\"600\" src=\"data:image\/svg+xml,%3Csvg%20xmlns=\" http:=\"\" class=\"attachment-large size-large\" alt=\"\" aria-describedby=\"gallery--161375\" data-lazy- data-lazy- data-lazy-src=\"https:\/\/www.europesays.com\/fr\/wp-content\/uploads\/2025\/06\/50-Sortie-e\u0301glise-Obse\u0300ques-Bernard-Lacombe-\u00a9-Margaux-Nourry-Lyon-People.jpg\"\/><\/a><\/p>\n<p>\n                                48. Fin de la c\u00e9r\u00e9monie. <\/p>\n<p><br style=\"clear: both\"\/><\/p>\n<p>                                <a href=\"https:\/\/www.europesays.com\/fr\/wp-content\/uploads\/2025\/06\/51-Sortie-e\u0301glise-Obse\u0300ques-Bernard-Lacombe-\u00a9-Margaux-Nourry-Lyon-People.jpg\" title=\"49. Dernier hommage au num\u00e9ro 9 de l\u2019OL\" data-rl_title=\"49. Dernier hommage au num\u00e9ro 9 de l\u2019OL\" class=\"rl-gallery-link\" data-rl_caption=\"\" data-rel=\"lightbox-gallery-bGlnaHRib3gtZ2FsbGVyeS0w\" data-rl_><img loading=\"lazy\" decoding=\"async\" width=\"900\" height=\"600\" src=\"data:image\/svg+xml,%3Csvg%20xmlns=\" http:=\"\" class=\"attachment-large size-large\" alt=\"\" aria-describedby=\"gallery--161376\" data-lazy- data-lazy- data-lazy-src=\"https:\/\/www.europesays.com\/fr\/wp-content\/uploads\/2025\/06\/51-Sortie-e\u0301glise-Obse\u0300ques-Bernard-Lacombe-\u00a9-Margaux-Nourry-Lyon-People.jpg\"\/><\/a><\/p>\n<p>\n                                49. Dernier hommage au num\u00e9ro 9 de l\u2019OL <\/p>\n<p>                                <a href=\"https:\/\/www.europesays.com\/fr\/wp-content\/uploads\/2025\/06\/52-Sortie-e\u0301glise-Obse\u0300ques-Bernard-Lacombe-\u00a9-Margaux-Nourry-Lyon-People.jpg\" title=\"50.\" data-rl_title=\"50.\" class=\"rl-gallery-link\" data-rl_caption=\"\" data-rel=\"lightbox-gallery-bGlnaHRib3gtZ2FsbGVyeS0w\" data-rl_><img loading=\"lazy\" decoding=\"async\" width=\"900\" height=\"542\" src=\"data:image\/svg+xml,%3Csvg%20xmlns=\" http:=\"\" class=\"attachment-large size-large\" alt=\"\" aria-describedby=\"gallery--161377\" data-lazy- data-lazy- data-lazy-src=\"https:\/\/www.europesays.com\/fr\/wp-content\/uploads\/2025\/06\/52-Sortie-e\u0301glise-Obse\u0300ques-Bernard-Lacombe-\u00a9-Margaux-Nourry-Lyon-People.jpg\"\/><\/a><\/p>\n<p>\n                                50. <\/p>\n<p><br style=\"clear: both\"\/><\/p>\n<p>                                <a href=\"https:\/\/www.europesays.com\/fr\/wp-content\/uploads\/2025\/06\/53-Sortie-e\u0301glise-Obse\u0300ques-Bernard-Lacombe-\u00a9-Margaux-Nourry-Lyon-People.jpg\" title=\"51.\" data-rl_title=\"51.\" class=\"rl-gallery-link\" data-rl_caption=\"\" data-rel=\"lightbox-gallery-bGlnaHRib3gtZ2FsbGVyeS0w\" data-rl_><img loading=\"lazy\" decoding=\"async\" width=\"900\" height=\"600\" src=\"data:image\/svg+xml,%3Csvg%20xmlns=\" http:=\"\" class=\"attachment-large size-large\" alt=\"\" aria-describedby=\"gallery--161378\" data-lazy- data-lazy- data-lazy-src=\"https:\/\/www.europesays.com\/fr\/wp-content\/uploads\/2025\/06\/53-Sortie-e\u0301glise-Obse\u0300ques-Bernard-Lacombe-\u00a9-Margaux-Nourry-Lyon-People.jpg\"\/><\/a><\/p>\n<p>\n                                51. <\/p>\n<p>                                <a href=\"https:\/\/www.europesays.com\/fr\/wp-content\/uploads\/2025\/06\/54-Sortie-e\u0301glise-Obse\u0300ques-Bernard-Lacombe-\u00a9-Margaux-Nourry-Lyon-People.jpg\" title=\"52.\" data-rl_title=\"52.\" class=\"rl-gallery-link\" data-rl_caption=\"\" data-rel=\"lightbox-gallery-bGlnaHRib3gtZ2FsbGVyeS0w\" data-rl_><img loading=\"lazy\" decoding=\"async\" width=\"900\" height=\"600\" src=\"data:image\/svg+xml,%3Csvg%20xmlns=\" http:=\"\" class=\"attachment-large size-large\" alt=\"\" aria-describedby=\"gallery--161379\" data-lazy- data-lazy- data-lazy-src=\"https:\/\/www.europesays.com\/fr\/wp-content\/uploads\/2025\/06\/54-Sortie-e\u0301glise-Obse\u0300ques-Bernard-Lacombe-\u00a9-Margaux-Nourry-Lyon-People.jpg\"\/><\/a><\/p>\n<p>\n                                52. <\/p>\n<p><br style=\"clear: both\"\/><\/p>\n<p>                                <a href=\"https:\/\/www.europesays.com\/fr\/wp-content\/uploads\/2025\/06\/55-Sortie-e\u0301glise-Obse\u0300ques-Bernard-Lacombe-\u00a9-Margaux-Nourry-Lyon-People.jpg\" title=\"53.\" data-rl_title=\"53.\" class=\"rl-gallery-link\" data-rl_caption=\"\" data-rel=\"lightbox-gallery-bGlnaHRib3gtZ2FsbGVyeS0w\" data-rl_><img loading=\"lazy\" decoding=\"async\" width=\"900\" height=\"600\" src=\"data:image\/svg+xml,%3Csvg%20xmlns=\" http:=\"\" class=\"attachment-large size-large\" alt=\"\" aria-describedby=\"gallery--161380\" data-lazy- data-lazy- data-lazy-src=\"https:\/\/www.europesays.com\/fr\/wp-content\/uploads\/2025\/06\/55-Sortie-e\u0301glise-Obse\u0300ques-Bernard-Lacombe-\u00a9-Margaux-Nourry-Lyon-People.jpg\"\/><\/a><\/p>\n<p>\n                                53. <\/p>\n<p>                                <a href=\"https:\/\/www.europesays.com\/fr\/wp-content\/uploads\/2025\/06\/56-Famille-Obse\u0300ques-Bernard-Lacombe-\u00a9-Margaux-Nourry-Lyon-People.jpg\" title=\"54.\" data-rl_title=\"54.\" class=\"rl-gallery-link\" data-rl_caption=\"\" data-rel=\"lightbox-gallery-bGlnaHRib3gtZ2FsbGVyeS0w\" data-rl_><img loading=\"lazy\" decoding=\"async\" width=\"900\" height=\"600\" src=\"data:image\/svg+xml,%3Csvg%20xmlns=\" http:=\"\" class=\"attachment-large size-large\" alt=\"\" aria-describedby=\"gallery--161381\" data-lazy- data-lazy- data-lazy-src=\"https:\/\/www.europesays.com\/fr\/wp-content\/uploads\/2025\/06\/56-Famille-Obse\u0300ques-Bernard-Lacombe-\u00a9-Margaux-Nourry-Lyon-People.jpg\"\/><\/a><\/p>\n<p>\n                                54. <\/p>\n<p><br style=\"clear: both\"\/><\/p>\n<p>                                <a href=\"https:\/\/www.europesays.com\/fr\/wp-content\/uploads\/2025\/06\/57-Famille-Obse\u0300ques-Bernard-Lacombe-\u00a9-Margaux-Nourry-Lyon-People.jpg\" title=\"55. La famille de Bernard Lacombe\" data-rl_title=\"55. La famille de Bernard Lacombe\" class=\"rl-gallery-link\" data-rl_caption=\"\" data-rel=\"lightbox-gallery-bGlnaHRib3gtZ2FsbGVyeS0w\" data-rl_><img loading=\"lazy\" decoding=\"async\" width=\"600\" height=\"900\" src=\"data:image\/svg+xml,%3Csvg%20xmlns=\" http:=\"\" class=\"attachment-large size-large\" alt=\"\" aria-describedby=\"gallery--161382\" data-lazy- data-lazy- data-lazy-src=\"https:\/\/www.europesays.com\/fr\/wp-content\/uploads\/2025\/06\/57-Famille-Obse\u0300ques-Bernard-Lacombe-\u00a9-Margaux-Nourry-Lyon-People.jpg\"\/><\/a><\/p>\n<p>\n                                55.  La famille de Bernard Lacombe<\/p>\n<p>                                <a href=\"https:\/\/www.europesays.com\/fr\/wp-content\/uploads\/2025\/06\/58-Aulas-Obse\u0300ques-Bernard-Lacombe-\u00a9-Margaux-Nourry-Lyon-People.jpg\" title=\"56. Jean-Michel Aulas\" data-rl_title=\"56. Jean-Michel Aulas\" class=\"rl-gallery-link\" data-rl_caption=\"\" data-rel=\"lightbox-gallery-bGlnaHRib3gtZ2FsbGVyeS0w\" data-rl_><img loading=\"lazy\" decoding=\"async\" width=\"900\" height=\"600\" src=\"data:image\/svg+xml,%3Csvg%20xmlns=\" http:=\"\" class=\"attachment-large size-large\" alt=\"\" aria-describedby=\"gallery--161383\" data-lazy- data-lazy- data-lazy-src=\"https:\/\/www.europesays.com\/fr\/wp-content\/uploads\/2025\/06\/58-Aulas-Obse\u0300ques-Bernard-Lacombe-\u00a9-Margaux-Nourry-Lyon-People.jpg\"\/><\/a><\/p>\n<p>\n                                56. Jean-Michel Aulas<\/p>\n<p><br style=\"clear: both\"\/><\/p>\n<p>                                <a href=\"https:\/\/www.europesays.com\/fr\/wp-content\/uploads\/2025\/06\/59-Aulas-Obse\u0300ques-Bernard-Lacombe-\u00a9-Margaux-Nourry-Lyon-People.jpg\" title=\"57. Jean-Michel Aulas les yeux vers le ciel pour un dernier adieu \u00e0 son ami\" data-rl_title=\"57. Jean-Michel Aulas les yeux vers le ciel pour un dernier adieu \u00e0 son ami\" class=\"rl-gallery-link\" data-rl_caption=\"\" data-rel=\"lightbox-gallery-bGlnaHRib3gtZ2FsbGVyeS0w\" data-rl_><img loading=\"lazy\" decoding=\"async\" width=\"600\" height=\"900\" src=\"data:image\/svg+xml,%3Csvg%20xmlns=\" http:=\"\" class=\"attachment-large size-large\" alt=\"\" aria-describedby=\"gallery--161384\" data-lazy- data-lazy- data-lazy-src=\"https:\/\/www.europesays.com\/fr\/wp-content\/uploads\/2025\/06\/59-Aulas-Obse\u0300ques-Bernard-Lacombe-\u00a9-Margaux-Nourry-Lyon-People.jpg\"\/><\/a><\/p>\n<p>\n                                57. Jean-Michel Aulas les yeux vers le ciel pour un dernier adieu \u00e0 son ami <\/p>\n<p>                                <a href=\"https:\/\/www.europesays.com\/fr\/wp-content\/uploads\/2025\/06\/60-Sortie-de\u0301glise-Obse\u0300ques-Bernard-Lacombe-\u00a9-Margaux-Nourry-Lyon-People.jpg\" title=\"58. Jean-Michel Aulas accompagn\u00e9 de Gilbert Giorgi\" data-rl_title=\"58. Jean-Michel Aulas accompagn\u00e9 de Gilbert Giorgi\" class=\"rl-gallery-link\" data-rl_caption=\"\" data-rel=\"lightbox-gallery-bGlnaHRib3gtZ2FsbGVyeS0w\" data-rl_><img loading=\"lazy\" decoding=\"async\" width=\"900\" height=\"600\" src=\"data:image\/svg+xml,%3Csvg%20xmlns=\" http:=\"\" class=\"attachment-large size-large\" alt=\"\" aria-describedby=\"gallery--161385\" data-lazy- data-lazy- data-lazy-src=\"https:\/\/www.europesays.com\/fr\/wp-content\/uploads\/2025\/06\/60-Sortie-de\u0301glise-Obse\u0300ques-Bernard-Lacombe-\u00a9-Margaux-Nourry-Lyon-People.jpg\"\/><\/a><\/p>\n<p>\n                                58. Jean-Michel Aulas accompagn\u00e9 de Gilbert Giorgi <\/p>\n<p><br style=\"clear: both\"\/><\/p>\n<p>                                <a href=\"https:\/\/www.europesays.com\/fr\/wp-content\/uploads\/2025\/06\/61-Sortie-de\u0301glise-Obse\u0300ques-Bernard-Lacombe-\u00a9-Margaux-Nourry-Lyon-People.jpg\" title=\"59. Le p\u00e8re Fran\u00e7ois accompagn\u00e9 de Jean-Michel Aulas, Gilbert Giorgi et Baf\u00e9timbi Gomis\" data-rl_title=\"59. Le p\u00e8re Fran\u00e7ois accompagn\u00e9 de Jean-Michel Aulas, Gilbert Giorgi et Baf\u00e9timbi Gomis\" class=\"rl-gallery-link\" data-rl_caption=\"\" data-rel=\"lightbox-gallery-bGlnaHRib3gtZ2FsbGVyeS0w\" data-rl_><img loading=\"lazy\" decoding=\"async\" width=\"900\" height=\"600\" src=\"data:image\/svg+xml,%3Csvg%20xmlns=\" http:=\"\" class=\"attachment-large size-large\" alt=\"\" aria-describedby=\"gallery--161386\" data-lazy- data-lazy- data-lazy-src=\"https:\/\/www.europesays.com\/fr\/wp-content\/uploads\/2025\/06\/61-Sortie-de\u0301glise-Obse\u0300ques-Bernard-Lacombe-\u00a9-Margaux-Nourry-Lyon-People.jpg\"\/><\/a><\/p>\n<p>\n                                59. Le p\u00e8re Fran\u00e7ois accompagn\u00e9 de Jean-Michel Aulas, Gilbert Giorgi et Baf\u00e9timbi Gomis<\/p>\n<p>                                <a href=\"https:\/\/www.europesays.com\/fr\/wp-content\/uploads\/2025\/06\/62-Sortie-de\u0301glise-Obse\u0300ques-Bernard-Lacombe-\u00a9-Margaux-Nourry-Lyon-People.jpg\" title=\"60. R\u00e9mi Garde et Florian Maurice\" data-rl_title=\"60. R\u00e9mi Garde et Florian Maurice\" class=\"rl-gallery-link\" data-rl_caption=\"\" data-rel=\"lightbox-gallery-bGlnaHRib3gtZ2FsbGVyeS0w\" data-rl_><img loading=\"lazy\" decoding=\"async\" width=\"900\" height=\"643\" src=\"data:image\/svg+xml,%3Csvg%20xmlns=\" http:=\"\" class=\"attachment-large size-large\" alt=\"\" aria-describedby=\"gallery--161387\" data-lazy- data-lazy- data-lazy-src=\"https:\/\/www.europesays.com\/fr\/wp-content\/uploads\/2025\/06\/62-Sortie-de\u0301glise-Obse\u0300ques-Bernard-Lacombe-\u00a9-Margaux-Nourry-Lyon-People.jpg\"\/><\/a><\/p>\n<p>\n                                60. R\u00e9mi Garde et Florian Maurice <\/p>\n<p><br style=\"clear: both\"\/><\/p>\n<p>                                <a href=\"https:\/\/www.europesays.com\/fr\/wp-content\/uploads\/2025\/06\/63-Sortie-de\u0301glise-Obse\u0300ques-Bernard-Lacombe-\u00a9-Margaux-Nourry-Lyon-People.jpg\" title=\"61. Cl\u00e9ment Grenier\" data-rl_title=\"61. Cl\u00e9ment Grenier\" class=\"rl-gallery-link\" data-rl_caption=\"\" data-rel=\"lightbox-gallery-bGlnaHRib3gtZ2FsbGVyeS0w\" data-rl_><img loading=\"lazy\" decoding=\"async\" width=\"600\" height=\"900\" src=\"data:image\/svg+xml,%3Csvg%20xmlns=\" http:=\"\" class=\"attachment-large size-large\" alt=\"\" aria-describedby=\"gallery--161388\" data-lazy- data-lazy- data-lazy-src=\"https:\/\/www.europesays.com\/fr\/wp-content\/uploads\/2025\/06\/63-Sortie-de\u0301glise-Obse\u0300ques-Bernard-Lacombe-\u00a9-Margaux-Nourry-Lyon-People.jpg\"\/><\/a><\/p>\n<p>\n                                61. Cl\u00e9ment Grenier <\/p>\n<p>                                <a href=\"https:\/\/www.europesays.com\/fr\/wp-content\/uploads\/2025\/06\/64-Sortie-de\u0301glise-Obse\u0300ques-Bernard-Lacombe-\u00a9-Margaux-Nourry-Lyon-People.jpg\" title=\"62.\" data-rl_title=\"62.\" class=\"rl-gallery-link\" data-rl_caption=\"\" data-rel=\"lightbox-gallery-bGlnaHRib3gtZ2FsbGVyeS0w\" data-rl_><img loading=\"lazy\" decoding=\"async\" width=\"900\" height=\"600\" src=\"data:image\/svg+xml,%3Csvg%20xmlns=\" http:=\"\" class=\"attachment-large size-large\" alt=\"\" aria-describedby=\"gallery--161389\" data-lazy- data-lazy- data-lazy-src=\"https:\/\/www.europesays.com\/fr\/wp-content\/uploads\/2025\/06\/64-Sortie-de\u0301glise-Obse\u0300ques-Bernard-Lacombe-\u00a9-Margaux-Nourry-Lyon-People.jpg\"\/><\/a><\/p>\n<p>\n                                62. <\/p>\n<p><br style=\"clear: both\"\/><\/p>\n<p>                                <a href=\"https:\/\/www.europesays.com\/fr\/wp-content\/uploads\/2025\/06\/65-Sortie-de\u0301glise-Obse\u0300ques-Bernard-Lacombe-\u00a9-Margaux-Nourry-Lyon-People.jpg\" title=\"63. Sidney Govou et Sonny Anderson\" data-rl_title=\"63. Sidney Govou et Sonny Anderson\" class=\"rl-gallery-link\" data-rl_caption=\"\" data-rel=\"lightbox-gallery-bGlnaHRib3gtZ2FsbGVyeS0w\" data-rl_><img loading=\"lazy\" decoding=\"async\" width=\"900\" height=\"588\" src=\"data:image\/svg+xml,%3Csvg%20xmlns=\" http:=\"\" class=\"attachment-large size-large\" alt=\"\" aria-describedby=\"gallery--161390\" data-lazy- data-lazy- data-lazy-src=\"https:\/\/www.europesays.com\/fr\/wp-content\/uploads\/2025\/06\/65-Sortie-de\u0301glise-Obse\u0300ques-Bernard-Lacombe-\u00a9-Margaux-Nourry-Lyon-People.jpg\"\/><\/a><\/p>\n<p>\n                                63. Sidney Govou et Sonny Anderson <\/p>\n<p>                                <a href=\"https:\/\/www.europesays.com\/fr\/wp-content\/uploads\/2025\/06\/66-Sortie-de\u0301glise-Obse\u0300ques-Bernard-Lacombe-\u00a9-Margaux-Nourry-Lyon-People.jpg\" title=\"64. L\u2019ancien d\u00e9put\u00e9 et secr\u00e9taire d\u2019Etat charg\u00e9 des Sports, Thierry Braillard\" data-rl_title=\"64. L\u2019ancien d\u00e9put\u00e9 et secr\u00e9taire d\u2019Etat charg\u00e9 des Sports, Thierry Braillard\" class=\"rl-gallery-link\" data-rl_caption=\"\" data-rel=\"lightbox-gallery-bGlnaHRib3gtZ2FsbGVyeS0w\" data-rl_><img loading=\"lazy\" decoding=\"async\" width=\"900\" height=\"600\" src=\"data:image\/svg+xml,%3Csvg%20xmlns=\" http:=\"\" class=\"attachment-large size-large\" alt=\"\" aria-describedby=\"gallery--161391\" data-lazy- data-lazy- data-lazy-src=\"https:\/\/www.europesays.com\/fr\/wp-content\/uploads\/2025\/06\/66-Sortie-de\u0301glise-Obse\u0300ques-Bernard-Lacombe-\u00a9-Margaux-Nourry-Lyon-People.jpg\"\/><\/a><\/p>\n<p>\n                                64. L\u2019ancien d\u00e9put\u00e9 et secr\u00e9taire d\u2019Etat charg\u00e9 des Sports, Thierry Braillard <\/p>\n<p><br style=\"clear: both\"\/><\/p>\n<p>                                <a href=\"https:\/\/www.europesays.com\/fr\/wp-content\/uploads\/2025\/06\/67-Sortie-de\u0301glise-Obse\u0300ques-Bernard-Lacombe-\u00a9-Margaux-Nourry-Lyon-People.jpg\" title=\"65. Le Br\u00e9silien Cris et Cl\u00e9ment Grenier\" data-rl_title=\"65. Le Br\u00e9silien Cris et Cl\u00e9ment Grenier\" class=\"rl-gallery-link\" data-rl_caption=\"\" data-rel=\"lightbox-gallery-bGlnaHRib3gtZ2FsbGVyeS0w\" data-rl_><img loading=\"lazy\" decoding=\"async\" width=\"900\" height=\"600\" src=\"data:image\/svg+xml,%3Csvg%20xmlns=\" http:=\"\" class=\"attachment-large size-large\" alt=\"\" aria-describedby=\"gallery--161392\" data-lazy- data-lazy- data-lazy-src=\"https:\/\/www.europesays.com\/fr\/wp-content\/uploads\/2025\/06\/67-Sortie-de\u0301glise-Obse\u0300ques-Bernard-Lacombe-\u00a9-Margaux-Nourry-Lyon-People.jpg\"\/><\/a><\/p>\n<p>\n                                65. Le Br\u00e9silien Cris et Cl\u00e9ment Grenier <\/p>\n<p>                                <a href=\"https:\/\/www.europesays.com\/fr\/wp-content\/uploads\/2025\/06\/68-Obse\u0300ques-Bernard-Lacombe-\u00a9-Margaux-Nourry-Lyon-People.jpg\" title=\"66. Marius Tr\u00e9sor\" data-rl_title=\"66. Marius Tr\u00e9sor\" class=\"rl-gallery-link\" data-rl_caption=\"\" data-rel=\"lightbox-gallery-bGlnaHRib3gtZ2FsbGVyeS0w\" data-rl_><img loading=\"lazy\" decoding=\"async\" width=\"900\" height=\"600\" src=\"data:image\/svg+xml,%3Csvg%20xmlns=\" http:=\"\" class=\"attachment-large size-large\" alt=\"\" aria-describedby=\"gallery--161393\" data-lazy- data-lazy- data-lazy-src=\"https:\/\/www.europesays.com\/fr\/wp-content\/uploads\/2025\/06\/68-Obse\u0300ques-Bernard-Lacombe-\u00a9-Margaux-Nourry-Lyon-People.jpg\"\/><\/a><\/p>\n<p>\n                                66. Marius Tr\u00e9sor <\/p>\n<p><br style=\"clear: both\"\/><\/p>\n<p>                                <a href=\"https:\/\/www.europesays.com\/fr\/wp-content\/uploads\/2025\/06\/69-Sortie-de\u0301glise-Obse\u0300ques-Bernard-Lacombe-\u00a9-Margaux-Nourry-Lyon-People.jpg\" title=\"67. Gr\u00e9gory Coupet\" data-rl_title=\"67. Gr\u00e9gory Coupet\" class=\"rl-gallery-link\" data-rl_caption=\"\" data-rel=\"lightbox-gallery-bGlnaHRib3gtZ2FsbGVyeS0w\" data-rl_><img loading=\"lazy\" decoding=\"async\" width=\"900\" height=\"600\" src=\"data:image\/svg+xml,%3Csvg%20xmlns=\" http:=\"\" class=\"attachment-large size-large\" alt=\"\" aria-describedby=\"gallery--161394\" data-lazy- data-lazy- data-lazy-src=\"https:\/\/www.europesays.com\/fr\/wp-content\/uploads\/2025\/06\/69-Sortie-de\u0301glise-Obse\u0300ques-Bernard-Lacombe-\u00a9-Margaux-Nourry-Lyon-People.jpg\"\/><\/a><\/p>\n<p>\n                                67. Gr\u00e9gory Coupet<\/p>\n<p>                        <br style=\"clear: both\"\/><\/p>\n","protected":false},"excerpt":{"rendered":"Texte\u00a0: Morgan Couturier \u2013 Au lendemain de l\u2019annonce de la rel\u00e9gation de l\u2019OL en deuxi\u00e8me division, Lyon a&hellip;\n","protected":false},"author":2,"featured_media":205093,"comment_status":"","ping_status":"","sticky":false,"template":"","format":"standard","meta":{"footnotes":""},"categories":[1889],"tags":[4257,1111,47,11,2430,34222,1777,674,1011,27,5227,2428,12,978,25],"class_list":{"0":"post-205092","1":"post","2":"type-post","3":"status-publish","4":"format-standard","5":"has-post-thumbnail","7":"category-lyon","8":"tag-0top","9":"tag-actu","10":"tag-actualite","11":"tag-actualites","12":"tag-auvergne-rhone-alpes","13":"tag-bernard-lacombe","14":"tag-eu","15":"tag-europe","16":"tag-fr","17":"tag-france","18":"tag-jean-michel-aulas","19":"tag-lyon","20":"tag-news","21":"tag-olympique-lyonnais","22":"tag-republique-francaise"},"share_on_mastodon":{"url":"https:\/\/pubeurope.com\/@fr\/114748185283317221","error":""},"_links":{"self":[{"href":"https:\/\/www.europesays.com\/fr\/wp-json\/wp\/v2\/posts\/205092","targetHints":{"allow":["GET"]}}],"collection":[{"href":"https:\/\/www.europesays.com\/fr\/wp-json\/wp\/v2\/posts"}],"about":[{"href":"https:\/\/www.europesays.com\/fr\/wp-json\/wp\/v2\/types\/post"}],"author":[{"embeddable":true,"href":"https:\/\/www.europesays.com\/fr\/wp-json\/wp\/v2\/users\/2"}],"replies":[{"embeddable":true,"href":"https:\/\/www.europesays.com\/fr\/wp-json\/wp\/v2\/comments?post=205092"}],"version-history":[{"count":0,"href":"https:\/\/www.europesays.com\/fr\/wp-json\/wp\/v2\/posts\/205092\/revisions"}],"wp:featuredmedia":[{"embeddable":true,"href":"https:\/\/www.europesays.com\/fr\/wp-json\/wp\/v2\/media\/205093"}],"wp:attachment":[{"href":"https:\/\/www.europesays.com\/fr\/wp-json\/wp\/v2\/media?parent=205092"}],"wp:term":[{"taxonomy":"category","embeddable":true,"href":"https:\/\/www.europesays.com\/fr\/wp-json\/wp\/v2\/categories?post=205092"},{"taxonomy":"post_tag","embeddable":true,"href":"https:\/\/www.europesays.com\/fr\/wp-json\/wp\/v2\/tags?post=205092"}],"curies":[{"name":"wp","href":"https:\/\/api.w.org\/{rel}","templated":true}]}}