{"id":205094,"date":"2025-06-26T06:10:10","date_gmt":"2025-06-26T06:10:10","guid":{"rendered":"https:\/\/www.europesays.com\/fr\/205094\/"},"modified":"2025-06-26T06:10:10","modified_gmt":"2025-06-26T06:10:10","slug":"hema-action-gifi-pourquoi-les-magasins-discount-cartonnent-en-ile-de-france-mais-moins-a-paris","status":"publish","type":"post","link":"https:\/\/www.europesays.com\/fr\/205094\/","title":{"rendered":"Hema, Action, Gifi\u2026 Pourquoi les magasins discount cartonnent en \u00cele-de-France, mais moins \u00e0 Paris"},"content":{"rendered":"<p class=\"paragraph text_align_left lp-f-body-02\">Dans les mains de Lola et Izran, des carnets et des toiles. Crois\u00e9es ce mercredi 25 juin au rayon papeterie du <a href=\"https:\/\/www.leparisien.fr\/economie\/consommation\/discount-action-a-la-conquete-des-beaux-quartiers-26-04-2024-M4NX2J5WA5G7HAWXGYX7RBNPPQ.php\" target=\"_self\" rel=\"nofollow noopener\">magasin Action de la rue de Lourmel<\/a> \u00e0 Paris (<a href=\"https:\/\/www.leparisien.fr\/paris-75\/paris-75015\/\" target=\"_self\" rel=\"nofollow noopener\">XVe<\/a>), les deux amies ont leurs habitudes ici. \u00ab On vient tous les deux mois, surtout pour acheter des trucs cr\u00e9atifs. Ce n\u2019est pas tr\u00e8s cher et la qualit\u00e9 est bonne \u00bb, explique le duo. Latifa, cheffe d\u2019entreprise de 42 ans, est pour sa part venue se r\u00e9approvisionner en produits m\u00e9nagers et de d\u00e9coration au milieu des tr\u00e8s nombreux autres clients de l\u2019enseigne.<\/p>\n<p class=\"paragraph text_align_left lp-f-body-02\">Ce magasin Action fait partie des 960 bazars <a href=\"https:\/\/www.leparisien.fr\/info-paris-ile-de-france-oise\/\" target=\"_self\" rel=\"nofollow noopener\">d\u2019\u00cele-de-France<\/a> recens\u00e9s par la Chambre de commerce et d\u2019industrie (CCI) de la r\u00e9gion, qui publie ce jeudi 26 juin une \u00e9tude sur le sujet. Selon ce document, Paris est le seul d\u00e9partement francilien \u00e0 avoir vu son nombre de bazars, surtout des petits ind\u00e9pendants, diminuer entre 2018 et 2023 (- 17 %). <\/p>\n","protected":false},"excerpt":{"rendered":"Dans les mains de Lola et Izran, des carnets et des toiles. Crois\u00e9es ce mercredi 25 juin au&hellip;\n","protected":false},"author":2,"featured_media":205095,"comment_status":"","ping_status":"","sticky":false,"template":"","format":"standard","meta":{"footnotes":""},"categories":[1592],"tags":[1111,11,33,1777,674,1011,27,662,1944,12,626,25],"class_list":{"0":"post-205094","1":"post","2":"type-post","3":"status-publish","4":"format-standard","5":"has-post-thumbnail","7":"category-ile-de-france","8":"tag-actu","9":"tag-actualites","10":"tag-economie","11":"tag-eu","12":"tag-europe","13":"tag-fr","14":"tag-france","15":"tag-ile-de-france","16":"tag-ma-ville","17":"tag-news","18":"tag-paris","19":"tag-republique-francaise"},"share_on_mastodon":{"url":"https:\/\/pubeurope.com\/@fr\/114748185378572261","error":""},"_links":{"self":[{"href":"https:\/\/www.europesays.com\/fr\/wp-json\/wp\/v2\/posts\/205094","targetHints":{"allow":["GET"]}}],"collection":[{"href":"https:\/\/www.europesays.com\/fr\/wp-json\/wp\/v2\/posts"}],"about":[{"href":"https:\/\/www.europesays.com\/fr\/wp-json\/wp\/v2\/types\/post"}],"author":[{"embeddable":true,"href":"https:\/\/www.europesays.com\/fr\/wp-json\/wp\/v2\/users\/2"}],"replies":[{"embeddable":true,"href":"https:\/\/www.europesays.com\/fr\/wp-json\/wp\/v2\/comments?post=205094"}],"version-history":[{"count":0,"href":"https:\/\/www.europesays.com\/fr\/wp-json\/wp\/v2\/posts\/205094\/revisions"}],"wp:featuredmedia":[{"embeddable":true,"href":"https:\/\/www.europesays.com\/fr\/wp-json\/wp\/v2\/media\/205095"}],"wp:attachment":[{"href":"https:\/\/www.europesays.com\/fr\/wp-json\/wp\/v2\/media?parent=205094"}],"wp:term":[{"taxonomy":"category","embeddable":true,"href":"https:\/\/www.europesays.com\/fr\/wp-json\/wp\/v2\/categories?post=205094"},{"taxonomy":"post_tag","embeddable":true,"href":"https:\/\/www.europesays.com\/fr\/wp-json\/wp\/v2\/tags?post=205094"}],"curies":[{"name":"wp","href":"https:\/\/api.w.org\/{rel}","templated":true}]}}