{"id":205098,"date":"2025-06-26T06:12:16","date_gmt":"2025-06-26T06:12:16","guid":{"rendered":"https:\/\/www.europesays.com\/fr\/205098\/"},"modified":"2025-06-26T06:12:16","modified_gmt":"2025-06-26T06:12:16","slug":"municipales-a-paris-avant-de-se-choisir-un-candidat-les-socialistes-jouent-la-carte-de-la-reconciliation","status":"publish","type":"post","link":"https:\/\/www.europesays.com\/fr\/205098\/","title":{"rendered":"Municipales \u00e0 Paris\u00a0: avant de se choisir un candidat, les socialistes jouent la carte de la r\u00e9conciliation"},"content":{"rendered":"<p class=\"paragraph text_align_left lp-f-body-02\">Il y a des signes qui parfois attestent de la gravit\u00e9 d\u2019un moment. Ce lundi soir, dans le gymnase surchauff\u00e9 de la Bidassoa (XXe arrondissement de Paris), la maire (PS) de Paris, Anne Hidalgo, a fait sp\u00e9cialement le d\u00e9placement pour \u00e9couter les trois candidats socialistes qui se verraient bien lui ravir son fauteuil <a href=\"https:\/\/www.leparisien.fr\/elections\/municipales\/\" target=\"_blank\" rel=\"noreferrer nofollow noopener\">en mars 2026<\/a>. \u00ab Ce n\u2019est pas une petite affaire et un petit vote que d\u2019avoir \u00e0 d\u00e9signer le ou la candidate socialiste aux \u00e9lections municipales, a pr\u00e9venu la maire de Paris dans sa prise de parole. Nous devons choisir la solidit\u00e9, la clart\u00e9, l\u2019engagement et la capacit\u00e9 d\u2019invention. \u00bb<\/p>\n<p class=\"paragraph text_align_left lp-f-body-02\">Avant le vote qui d\u00e9signera le candidat PS aux municipales, ce lundi, ils sont trois ce mercredi soir sur l\u2019estrade \u00e0 d\u00e9battre une derni\u00e8re fois avant le verdict des urnes : le d\u00e9put\u00e9 <a href=\"https:\/\/www.leparisien.fr\/paris-75\/je-veux-etre-le-maire-de-la-reconciliation-des-parisiens-emmanuel-gregoire-se-lance-dans-les-municipales-19-11-2024-A57PIM7YSVBRNLDPMNOW7QQ3RI.php\" target=\"_blank\" rel=\"noreferrer nofollow noopener\">Emmanuel Gr\u00e9goire<\/a>, le s\u00e9nateur <a href=\"https:\/\/www.leparisien.fr\/elections\/municipales\/municipales-a-paris-renovation-thermique-parrainage-dun-arbre-moins-de-voitures-ce-que-prevoit-remi-feraud-24-06-2025-PBDAPSW3EBCG3IIV2MBXKM7HOE.php\" target=\"_blank\" rel=\"noreferrer nofollow noopener\">R\u00e9mi F\u00e9raud<\/a> et l\u2019ancienne prot\u00e9g\u00e9e d\u2019Anne Hidalgo, <a href=\"https:\/\/www.leparisien.fr\/elections\/municipales\/municipales-a-paris-qui-est-marion-waller-bebe-hidalgo-et-candidate-surprise-a-la-primaire-ps-16-03-2025-753LKXNZGZGVJO2LOQKGEEH47E.php\" target=\"_blank\" rel=\"noreferrer nofollow noopener\">Marion Waller.<\/a><\/p>\n","protected":false},"excerpt":{"rendered":"Il y a des signes qui parfois attestent de la gravit\u00e9 d\u2019un moment. Ce lundi soir, dans le&hellip;\n","protected":false},"author":2,"featured_media":205099,"comment_status":"","ping_status":"","sticky":false,"template":"","format":"standard","meta":{"footnotes":""},"categories":[1888],"tags":[1111,1928,11,1927,5949,1777,674,1011,27,3554,12,1926,626,1925,316,25],"class_list":{"0":"post-205098","1":"post","2":"type-post","3":"status-publish","4":"format-standard","5":"has-post-thumbnail","7":"category-paris","8":"tag-actu","9":"tag-actu-paris","10":"tag-actualites","11":"tag-actualites-paris","12":"tag-elections","13":"tag-eu","14":"tag-europe","15":"tag-fr","16":"tag-france","17":"tag-municipales","18":"tag-news","19":"tag-news-paris","20":"tag-paris","21":"tag-paris-news","22":"tag-politique","23":"tag-republique-francaise"},"share_on_mastodon":{"url":"","error":""},"_links":{"self":[{"href":"https:\/\/www.europesays.com\/fr\/wp-json\/wp\/v2\/posts\/205098","targetHints":{"allow":["GET"]}}],"collection":[{"href":"https:\/\/www.europesays.com\/fr\/wp-json\/wp\/v2\/posts"}],"about":[{"href":"https:\/\/www.europesays.com\/fr\/wp-json\/wp\/v2\/types\/post"}],"author":[{"embeddable":true,"href":"https:\/\/www.europesays.com\/fr\/wp-json\/wp\/v2\/users\/2"}],"replies":[{"embeddable":true,"href":"https:\/\/www.europesays.com\/fr\/wp-json\/wp\/v2\/comments?post=205098"}],"version-history":[{"count":0,"href":"https:\/\/www.europesays.com\/fr\/wp-json\/wp\/v2\/posts\/205098\/revisions"}],"wp:featuredmedia":[{"embeddable":true,"href":"https:\/\/www.europesays.com\/fr\/wp-json\/wp\/v2\/media\/205099"}],"wp:attachment":[{"href":"https:\/\/www.europesays.com\/fr\/wp-json\/wp\/v2\/media?parent=205098"}],"wp:term":[{"taxonomy":"category","embeddable":true,"href":"https:\/\/www.europesays.com\/fr\/wp-json\/wp\/v2\/categories?post=205098"},{"taxonomy":"post_tag","embeddable":true,"href":"https:\/\/www.europesays.com\/fr\/wp-json\/wp\/v2\/tags?post=205098"}],"curies":[{"name":"wp","href":"https:\/\/api.w.org\/{rel}","templated":true}]}}