{"id":2051,"date":"2025-04-04T06:25:17","date_gmt":"2025-04-04T06:25:17","guid":{"rendered":"https:\/\/www.europesays.com\/fr\/2051\/"},"modified":"2025-04-04T06:25:17","modified_gmt":"2025-04-04T06:25:17","slug":"une-bibliotheque-numerique-dans-les-bus-pour-le-livre-a-metz-2025","status":"publish","type":"post","link":"https:\/\/www.europesays.com\/fr\/2051\/","title":{"rendered":"Une biblioth\u00e8que num\u00e9rique dans les bus pour Le Livre \u00e0 Metz 2025"},"content":{"rendered":"<p>Le r\u00e9seau <strong>Le Met\u2019 et l\u2019association Le Livre \u00e0 Metz<\/strong> renouvellent cette ann\u00e9e leur partenariat afin de proposer aux usagers des transports en commun des parenth\u00e8ses litt\u00e9raires durant leurs trajets. Une <strong>biblioth\u00e8que num\u00e9rique est mise \u00e0 disposition des passagers <\/strong>des lignes de bus, du Mettis et du Metz\u2019O, le <a href=\"https:\/\/tout-metz.com\/navettes-fluviales-metzo-circuleront-plus-longtemps-2025-545685.php\" target=\"_blank\" rel=\"noreferrer noopener nofollow\">dispositif de navettes fluviales qui reprend du service d\u00e8s le samedi 5 avril 2025<\/a>.<\/p>\n<p><img fetchpriority=\"high\" decoding=\"async\" width=\"1200\" height=\"800\" src=\"https:\/\/www.europesays.com\/fr\/wp-content\/uploads\/2025\/04\/bus-mettis-place-republique-metz-2023-IMG_1600-1200x800.jpg\" alt=\"\" class=\"wp-image-208425\"  \/>Photo d\u2019illustration.<\/p>\n<p><strong>Une centaine d\u2019ouvrages <\/strong>pourront \u00eatre consult\u00e9s directement en ligne par les usagers du r\u00e9seau Le Met\u2019 dans le cadre de cette op\u00e9ration \u00ab Book Crossing \u00bb, <a href=\"https:\/\/tout-metz.com\/livre-metz-2024-lecture-exporte-transports-commun-849324.php\" target=\"_blank\" rel=\"noreferrer noopener nofollow\">men\u00e9e pour la premi\u00e8re fois en 2024<\/a>. Plus de <strong>5 223 connexions <\/strong>avaient \u00e9t\u00e9 r\u00e9pertori\u00e9es \u00e0 cette occasion.<\/p>\n<blockquote class=\"wp-block-quote is-layout-flow wp-block-quote-is-layout-flow\">\n<p>Des adh\u00e9sifs avec QR codes ont \u00e9t\u00e9 install\u00e9s dans les bus depuis le mois de mars. Ils permettent d\u2019acc\u00e9der facilement \u00e0 la Web App Premier Chapitre, une biblioth\u00e8que num\u00e9rique proposant la s\u00e9lection d\u2019\u0153uvres du Prix des Lecteurs du festival Le Livre \u00e0 Metz. Ils pourront y lire des extraits, consulter des r\u00e9sum\u00e9s et v\u00e9rifier la disponibilit\u00e9 des ouvrages dans les biblioth\u00e8ques et m\u00e9diath\u00e8ques de la Ville de Metz.<\/p>\n<p>pr\u00e9cise le r\u00e9seau Le Met\u2019<\/p><\/blockquote>\n<p>Si les conditions m\u00e9t\u00e9orologiques le permettent, l\u2019association Voix Hautes proposera \u00e9galement des <strong>lectures publiques dans les abribus<\/strong> situ\u00e9s au niveau de la Place de la R\u00e9publique. <a href=\"https:\/\/tout-metz.com\/date-theme-invites-livre-a-metz-2025-566248.php\" target=\"_blank\" rel=\"noreferrer noopener nofollow\">Cliquez ici pour retrouver notre article sur l\u2019\u00e9dition 2025 du Livre \u00e0 Metz<\/a>. <\/p>\n","protected":false},"excerpt":{"rendered":"Le r\u00e9seau Le Met\u2019 et l\u2019association Le Livre \u00e0 Metz renouvellent cette ann\u00e9e leur partenariat afin de proposer&hellip;\n","protected":false},"author":2,"featured_media":2052,"comment_status":"","ping_status":"","sticky":false,"template":"","format":"standard","meta":{"footnotes":""},"categories":[1357],"tags":[1379,58,59,1011,27,1626,1351,1380,1627,800],"class_list":{"0":"post-2051","1":"post","2":"type-post","3":"status-publish","4":"format-standard","5":"has-post-thumbnail","7":"category-livres","8":"tag-books","9":"tag-divertissement","10":"tag-entertainment","11":"tag-fr","12":"tag-france","13":"tag-le-met","14":"tag-litterature","15":"tag-livres","16":"tag-mettis","17":"tag-transports"},"share_on_mastodon":{"url":"https:\/\/pubeurope.com\/@fr\/114278270522839756","error":""},"_links":{"self":[{"href":"https:\/\/www.europesays.com\/fr\/wp-json\/wp\/v2\/posts\/2051","targetHints":{"allow":["GET"]}}],"collection":[{"href":"https:\/\/www.europesays.com\/fr\/wp-json\/wp\/v2\/posts"}],"about":[{"href":"https:\/\/www.europesays.com\/fr\/wp-json\/wp\/v2\/types\/post"}],"author":[{"embeddable":true,"href":"https:\/\/www.europesays.com\/fr\/wp-json\/wp\/v2\/users\/2"}],"replies":[{"embeddable":true,"href":"https:\/\/www.europesays.com\/fr\/wp-json\/wp\/v2\/comments?post=2051"}],"version-history":[{"count":0,"href":"https:\/\/www.europesays.com\/fr\/wp-json\/wp\/v2\/posts\/2051\/revisions"}],"wp:featuredmedia":[{"embeddable":true,"href":"https:\/\/www.europesays.com\/fr\/wp-json\/wp\/v2\/media\/2052"}],"wp:attachment":[{"href":"https:\/\/www.europesays.com\/fr\/wp-json\/wp\/v2\/media?parent=2051"}],"wp:term":[{"taxonomy":"category","embeddable":true,"href":"https:\/\/www.europesays.com\/fr\/wp-json\/wp\/v2\/categories?post=2051"},{"taxonomy":"post_tag","embeddable":true,"href":"https:\/\/www.europesays.com\/fr\/wp-json\/wp\/v2\/tags?post=2051"}],"curies":[{"name":"wp","href":"https:\/\/api.w.org\/{rel}","templated":true}]}}