{"id":20510,"date":"2025-04-12T20:22:12","date_gmt":"2025-04-12T20:22:12","guid":{"rendered":"https:\/\/www.europesays.com\/fr\/20510\/"},"modified":"2025-04-12T20:22:12","modified_gmt":"2025-04-12T20:22:12","slug":"la-police-lance-un-appel-a-temoins","status":"publish","type":"post","link":"https:\/\/www.europesays.com\/fr\/20510\/","title":{"rendered":"la police lance un appel \u00e0 t\u00e9moins"},"content":{"rendered":"<p>\u00c0 la suite de l\u2019accident de moto qui a co\u00fbt\u00e9 la vie \u00e0 une jeune femme, mercredi 9\u00a0avril \u00e0 3\u00a0h\u00a050 sur le quai Saint-Vincent, la police a lanc\u00e9 ce vendredi un appel \u00e0 t\u00e9moins. \u00c0 la suite d\u2019une perte de contr\u00f4le, la moto est venue percuter une voiture en stationnement, provoquant la mort de la passag\u00e8re. Le pilote, gri\u00e8vement bless\u00e9, a \u00e9t\u00e9 hospitalis\u00e9 dans un \u00e9tat critique et ce vendredi, son pronostic vital restait engag\u00e9.<\/p>\n<p>Ce contenu est bloqu\u00e9 car vous n&rsquo;avez pas accept\u00e9 les cookies et autres traceurs.<\/p>\n<p>En cliquant sur \u00ab J\u2019accepte \u00bb, les cookies et autres traceurs seront d\u00e9pos\u00e9s et vous pourrez visualiser les contenus  (<a href=\"\" class=\"consentModule_policy\" target=\"_blank\" title=\"Consulter la politique de protection des donn\u00e9es du fournisseur\">plus d&rsquo;informations<\/a>).<\/p>\n<p>En cliquant sur \u00ab J\u2019accepte tous les cookies \u00bb, vous autorisez des d\u00e9p\u00f4ts de cookies et autres traceurs pour le stockage de vos donn\u00e9es sur nos sites et applications \u00e0 des fins de personnalisation et de ciblage publicitaire.<\/p>\n<p class=\"consentModule_secondaryText\">Vous gardez la possibilit\u00e9 de retirer votre consentement \u00e0 tout moment en consultant notre <a href=\"https:\/\/www.leprogres.fr\/protection-des-donnees\" target=\"_blank\" title=\"Consulter notre politique de protection des donn\u00e9es\" rel=\"noopener\">politique de protection des donn\u00e9es<\/a>. <br \/>&#13;<br \/>\n            <a href=\"https:\/\/www.leprogres.fr\/faits-divers-justice\/2025\/04\/11\/javascript:Didomi.notice.show()\" class=\"consentModule_cmp\" target=\"_blank\" rel=\"noopener\">G\u00e9rer mes choix<\/a>&#13;\n        <\/p>\n<p>&#13;<br \/>\n                        J&rsquo;accepte&#13;<br \/>\n            J&rsquo;accepte tous les cookies&#13;\n        <\/p>\n<p>Selon les premiers \u00e9l\u00e9ments, <a href=\"https:\/\/www.leprogres.fr\/faits-divers-justice\/2025\/04\/10\/accident-mortel-sur-les-quais-le-pilote-de-la-moto-toujours-dans-un-etat-critique\" target=\"_blank\" rel=\"noopener\">le motocycliste roulait vite<\/a> et aurait tent\u00e9 d\u2019\u00e9viter un obstacle sur la chauss\u00e9e.\u00a0Par ailleurs, le d\u00e9pistage d\u2019alcool pratiqu\u00e9 sur ce Lyonnais de 35 ans s\u2019est r\u00e9v\u00e9l\u00e9 positif.<\/p>\n<p>Le service local de police judiciaire de Lyon Ouest, en charge de l\u2019enqu\u00eate recherche les personnes ayant \u00e9t\u00e9 t\u00e9moin de l\u2019accident ou susceptibles d\u2019apporter des informations permettant d\u2019\u00e9tablir formellement les circonstances de ce dramatique accident.\u00a0Ces personnes sont invit\u00e9es \u00e0 prendre contact\u00a0avec les enqu\u00eateurs au commissariat du 1er \u00a0arrondissement en appelant le 04\u00a037\u00a026\u00a025\u00a040 ou le 06\u00a080\u00a056\u00a030\u00a070.<\/p>\n","protected":false},"excerpt":{"rendered":"\u00c0 la suite de l\u2019accident de moto qui a co\u00fbt\u00e9 la vie \u00e0 une jeune femme, mercredi 9\u00a0avril&hellip;\n","protected":false},"author":2,"featured_media":20511,"comment_status":"","ping_status":"","sticky":false,"template":"","format":"standard","meta":{"footnotes":""},"categories":[1889],"tags":[119,1111,11,2430,2757,1777,674,274,107,1011,27,2428,7789,2801,12,25,2429],"class_list":{"0":"post-20510","1":"post","2":"type-post","3":"status-publish","4":"format-standard","5":"has-post-thumbnail","7":"category-lyon","8":"tag-accident","9":"tag-actu","10":"tag-actualites","11":"tag-auvergne-rhone-alpes","12":"tag-edition-lyon-villeurbanne","13":"tag-eu","14":"tag-europe","15":"tag-faits-divers-justice","16":"tag-fil-info","17":"tag-fr","18":"tag-france","19":"tag-lyon","20":"tag-lyon-1er","21":"tag-lyon-1er-arrondissement","22":"tag-news","23":"tag-republique-francaise","24":"tag-rhone"},"share_on_mastodon":{"url":"https:\/\/pubeurope.com\/@fr\/114326860216348073","error":""},"_links":{"self":[{"href":"https:\/\/www.europesays.com\/fr\/wp-json\/wp\/v2\/posts\/20510","targetHints":{"allow":["GET"]}}],"collection":[{"href":"https:\/\/www.europesays.com\/fr\/wp-json\/wp\/v2\/posts"}],"about":[{"href":"https:\/\/www.europesays.com\/fr\/wp-json\/wp\/v2\/types\/post"}],"author":[{"embeddable":true,"href":"https:\/\/www.europesays.com\/fr\/wp-json\/wp\/v2\/users\/2"}],"replies":[{"embeddable":true,"href":"https:\/\/www.europesays.com\/fr\/wp-json\/wp\/v2\/comments?post=20510"}],"version-history":[{"count":0,"href":"https:\/\/www.europesays.com\/fr\/wp-json\/wp\/v2\/posts\/20510\/revisions"}],"wp:featuredmedia":[{"embeddable":true,"href":"https:\/\/www.europesays.com\/fr\/wp-json\/wp\/v2\/media\/20511"}],"wp:attachment":[{"href":"https:\/\/www.europesays.com\/fr\/wp-json\/wp\/v2\/media?parent=20510"}],"wp:term":[{"taxonomy":"category","embeddable":true,"href":"https:\/\/www.europesays.com\/fr\/wp-json\/wp\/v2\/categories?post=20510"},{"taxonomy":"post_tag","embeddable":true,"href":"https:\/\/www.europesays.com\/fr\/wp-json\/wp\/v2\/tags?post=20510"}],"curies":[{"name":"wp","href":"https:\/\/api.w.org\/{rel}","templated":true}]}}