{"id":205104,"date":"2025-06-26T06:15:26","date_gmt":"2025-06-26T06:15:26","guid":{"rendered":"https:\/\/www.europesays.com\/fr\/205104\/"},"modified":"2025-06-26T06:15:26","modified_gmt":"2025-06-26T06:15:26","slug":"paris-la-famille-de-tennismen-roger-vasselin-craint-detre-expulsee-de-son-restaurant-du-complexe-sportif-pereire","status":"publish","type":"post","link":"https:\/\/www.europesays.com\/fr\/205104\/","title":{"rendered":"Paris : la famille de tennismen Roger-Vasselin craint d\u2019\u00eatre expuls\u00e9e de son restaurant du complexe sportif Pereire"},"content":{"rendered":"<p class=\"paragraph text_align_left lp-f-body-02\">Le 5 juin dernier, <a href=\"https:\/\/www.leparisien.fr\/sports\/tennis\/jo-paris-2024-cela-va-au-dela-du-tennis-roger-vasselin-se-confie-sur-son-association-avec-mahut-28-11-2023-R5GK4KJDDZBZDKYDF6JQ4XOTSA.php\" target=\"_self\" rel=\"nofollow noopener\">\u00c9douard Roger-Vasselin<\/a> s\u2019appr\u00eate \u00e0 jouer sa demi-finale du double \u00e0 Roland-Garros. Une fiert\u00e9 pour la F\u00e9d\u00e9ration fran\u00e7aise de tennis (FFT), qui <a href=\"https:\/\/www.fft.fr\/actualites\/edouard-roger-vasselin-interview-double-demi-finale\" target=\"_self\" rel=\"nofollow noopener\">poste une vid\u00e9o sur son site<\/a> pour encourager son \u00ab champion \u00bb. Le tennisman de 41 ans est le dernier Fran\u00e7ais en lice chez les hommes. Le m\u00eame jour, le Comit\u00e9 de Paris Tennis d\u00e9cide de l\u2019assigner lui, mais aussi son p\u00e8re Christophe Roger-Vasselin et leur associ\u00e9 au restaurant Break, qu\u2019ils tiennent sur le complexe sportif du boulevard Pereire \u00e0 Paris (XVIIe). Le gestionnaire de cette structure, compos\u00e9e du restaurant et de cinq courts, veut les expulser.<\/p>\n<p class=\"paragraph text_align_left lp-f-body-02\">Pour l\u2019instance d\u00e9partementale de tennis, les Roger-Vasselin occupent le lieu sans droit ni titre au motif qu\u2019ils ont refus\u00e9 de signer un nouveau contrat en 2024. Sa demi-finale, \u00c9douard Roger-Vasselin l\u2019a perdue. Mais il esp\u00e8re encore garder son restaurant : les deux parties ont rendez-vous au tribunal judiciaire de Paris ce vendredi.<\/p>\n","protected":false},"excerpt":{"rendered":"Le 5 juin dernier, \u00c9douard Roger-Vasselin s\u2019appr\u00eate \u00e0 jouer sa demi-finale du double \u00e0 Roland-Garros. Une fiert\u00e9 pour&hellip;\n","protected":false},"author":2,"featured_media":205105,"comment_status":"","ping_status":"","sticky":false,"template":"","format":"standard","meta":{"footnotes":""},"categories":[1888],"tags":[11,1777,674,1011,27,1944,12,626,25,60],"class_list":{"0":"post-205104","1":"post","2":"type-post","3":"status-publish","4":"format-standard","5":"has-post-thumbnail","7":"category-paris","8":"tag-actualites","9":"tag-eu","10":"tag-europe","11":"tag-fr","12":"tag-france","13":"tag-ma-ville","14":"tag-news","15":"tag-paris","16":"tag-republique-francaise","17":"tag-sports"},"share_on_mastodon":{"url":"https:\/\/pubeurope.com\/@fr\/114748202865502089","error":""},"_links":{"self":[{"href":"https:\/\/www.europesays.com\/fr\/wp-json\/wp\/v2\/posts\/205104","targetHints":{"allow":["GET"]}}],"collection":[{"href":"https:\/\/www.europesays.com\/fr\/wp-json\/wp\/v2\/posts"}],"about":[{"href":"https:\/\/www.europesays.com\/fr\/wp-json\/wp\/v2\/types\/post"}],"author":[{"embeddable":true,"href":"https:\/\/www.europesays.com\/fr\/wp-json\/wp\/v2\/users\/2"}],"replies":[{"embeddable":true,"href":"https:\/\/www.europesays.com\/fr\/wp-json\/wp\/v2\/comments?post=205104"}],"version-history":[{"count":0,"href":"https:\/\/www.europesays.com\/fr\/wp-json\/wp\/v2\/posts\/205104\/revisions"}],"wp:featuredmedia":[{"embeddable":true,"href":"https:\/\/www.europesays.com\/fr\/wp-json\/wp\/v2\/media\/205105"}],"wp:attachment":[{"href":"https:\/\/www.europesays.com\/fr\/wp-json\/wp\/v2\/media?parent=205104"}],"wp:term":[{"taxonomy":"category","embeddable":true,"href":"https:\/\/www.europesays.com\/fr\/wp-json\/wp\/v2\/categories?post=205104"},{"taxonomy":"post_tag","embeddable":true,"href":"https:\/\/www.europesays.com\/fr\/wp-json\/wp\/v2\/tags?post=205104"}],"curies":[{"name":"wp","href":"https:\/\/api.w.org\/{rel}","templated":true}]}}