{"id":205126,"date":"2025-06-26T06:28:10","date_gmt":"2025-06-26T06:28:10","guid":{"rendered":"https:\/\/www.europesays.com\/fr\/205126\/"},"modified":"2025-06-26T06:28:10","modified_gmt":"2025-06-26T06:28:10","slug":"disparition-de-medhi-narjissi-affaire-melvyn-jaminet-blessure-dantoine-dupont-toulouse-une-saison-de-tourments","status":"publish","type":"post","link":"https:\/\/www.europesays.com\/fr\/205126\/","title":{"rendered":"Disparition de Medhi Narjissi, affaire Melvyn Jaminet, blessure d&rsquo;Antoine Dupont&#8230; Toulouse, une saison de tourments"},"content":{"rendered":"\n<p>Disparition de Medhi Narjissi, affaire Melvyn Jaminet, blessure d&rsquo;Antoine Dupont&#8230; Toulouse, une saison de tourments<\/p>\n<p>En finale du Top 14 pour la troisi\u00e8me fois d&rsquo;affil\u00e9e, le Stade Toulousain a pourtant v\u00e9cu un exercice paradoxal, o\u00f9 ses performances sur le terrain ont r\u00e9guli\u00e8rement cohabit\u00e9 avec de lourds tracas en dehors. Retour sur une ann\u00e9e pas comme les autres.<\/p>\n","protected":false},"excerpt":{"rendered":"Disparition de Medhi Narjissi, affaire Melvyn Jaminet, blessure d&rsquo;Antoine Dupont&#8230; Toulouse, une saison de tourments En finale du&hellip;\n","protected":false},"author":2,"featured_media":205127,"comment_status":"","ping_status":"","sticky":false,"template":"","format":"standard","meta":{"footnotes":""},"categories":[1416],"tags":[1011,27,479,1468,60],"class_list":{"0":"post-205126","1":"post","2":"type-post","3":"status-publish","4":"format-standard","5":"has-post-thumbnail","7":"category-rugby","8":"tag-fr","9":"tag-france","10":"tag-rugby","11":"tag-rugby-football","12":"tag-sports"},"share_on_mastodon":{"url":"https:\/\/pubeurope.com\/@fr\/114748254062403792","error":""},"_links":{"self":[{"href":"https:\/\/www.europesays.com\/fr\/wp-json\/wp\/v2\/posts\/205126","targetHints":{"allow":["GET"]}}],"collection":[{"href":"https:\/\/www.europesays.com\/fr\/wp-json\/wp\/v2\/posts"}],"about":[{"href":"https:\/\/www.europesays.com\/fr\/wp-json\/wp\/v2\/types\/post"}],"author":[{"embeddable":true,"href":"https:\/\/www.europesays.com\/fr\/wp-json\/wp\/v2\/users\/2"}],"replies":[{"embeddable":true,"href":"https:\/\/www.europesays.com\/fr\/wp-json\/wp\/v2\/comments?post=205126"}],"version-history":[{"count":0,"href":"https:\/\/www.europesays.com\/fr\/wp-json\/wp\/v2\/posts\/205126\/revisions"}],"wp:featuredmedia":[{"embeddable":true,"href":"https:\/\/www.europesays.com\/fr\/wp-json\/wp\/v2\/media\/205127"}],"wp:attachment":[{"href":"https:\/\/www.europesays.com\/fr\/wp-json\/wp\/v2\/media?parent=205126"}],"wp:term":[{"taxonomy":"category","embeddable":true,"href":"https:\/\/www.europesays.com\/fr\/wp-json\/wp\/v2\/categories?post=205126"},{"taxonomy":"post_tag","embeddable":true,"href":"https:\/\/www.europesays.com\/fr\/wp-json\/wp\/v2\/tags?post=205126"}],"curies":[{"name":"wp","href":"https:\/\/api.w.org\/{rel}","templated":true}]}}