{"id":205130,"date":"2025-06-26T06:30:22","date_gmt":"2025-06-26T06:30:22","guid":{"rendered":"https:\/\/www.europesays.com\/fr\/205130\/"},"modified":"2025-06-26T06:30:22","modified_gmt":"2025-06-26T06:30:22","slug":"la-jl-bourg-met-fin-au-reve-alsacien","status":"publish","type":"post","link":"https:\/\/www.europesays.com\/fr\/205130\/","title":{"rendered":"La JL Bourg met fin au r\u00eave alsacien"},"content":{"rendered":"<p>                            <img decoding=\"async\" class=\"img-fluid thumbnail__news\" src=\"https:\/\/www.europesays.com\/fr\/wp-content\/uploads\/2025\/06\/18b8b584-77b7-4f3f-9f70-cefa6cc88bcb.png\" alt=\"La JL Bourg met fin au r\u00eave alsacien\"\/><br \/>\n                                                        La JL Bourg s&rsquo;est fait tr\u00e8s peur ! D\u00e9crochant son ticket pour les demi-finales de la Coupe de France dans les derniers instants face \u00e0 des Alsaciens ayant men\u00e9 tout le match.<\/p>\n<p>ASA Basket &#8211;\u00a0<strong>Bourg-en-Bresse<\/strong> : <a href=\"https:\/\/fibalivestats.dcd.shared.geniussports.com\/u\/FFBB\/2624885\/\" target=\"_blank\" rel=\"noopener\">64-65<\/a><br \/>Dans ce quart de finale de la Coupe de France, l\u2019<strong>Alliance Sport Alsace (ASA)<\/strong>, pensionnaire de PRO B, a fr\u00f4l\u00e9 l\u2019exploit face \u00e0 la <strong>JL Bourg<\/strong>. Dominateurs pendant 39 minutes, les Alsaciens ont tenu t\u00eate \u00e0 leur adversaire de l\u2019\u00e9lite, menant au score presque toute la rencontre. Dans les derniers instants du match, alors que la rencontre semblait se diriger vers une prolongation avec une \u00e9galit\u00e9 parfaite (64-64), une faute fatale de <strong>Djordje MILOSEVIC<\/strong> sur <strong>Hugo BENITEZ<\/strong> en p\u00e9n\u00e9tration, dans la derni\u00e8re seconde, a offert un lancer franc d\u00e9cisif \u00e0 la JL Bourg. Sans trembler, Hugo a converti ce dernier point, en laissant un tir en route, arrachant une victoire inesp\u00e9r\u00e9e (65-64) et validant leur billet pour les demi-finales. Un sc\u00e9nario cruel pour l\u2019ASA, qui a fait trembler un cador du championnat, mais \u00e9choue de peu aux portes de l\u2019exploit.<\/p>\n<p><strong>Programme des quarts de finale<br \/><\/strong>Mardi 25 f\u00e9vrier \u00e0 20h00<br \/>Monaco (Betclic Elite) &#8211; Saint Quentin (Betclic Elite) ou Lyon-Villeurbanne (Betclic Elite)<\/p>\n<p>Mercredi 26 f\u00e9vrier \u00e0 20h00<br \/>Le Mans (Betclic Elite) &#8211; Nanterre (Betclic Elite) ou Cholet (Betclic Elite)<\/p>\n","protected":false},"excerpt":{"rendered":"La JL Bourg s&rsquo;est fait tr\u00e8s peur ! D\u00e9crochant son ticket pour les demi-finales de la Coupe de&hellip;\n","protected":false},"author":2,"featured_media":205131,"comment_status":"","ping_status":"","sticky":false,"template":"","format":"standard","meta":{"footnotes":""},"categories":[1414],"tags":[1465,1464,1011,27,60],"class_list":{"0":"post-205130","1":"post","2":"type-post","3":"status-publish","4":"format-standard","5":"has-post-thumbnail","7":"category-basket","8":"tag-basket","9":"tag-basketball","10":"tag-fr","11":"tag-france","12":"tag-sports"},"share_on_mastodon":{"url":"https:\/\/pubeurope.com\/@fr\/114748261940969806","error":""},"_links":{"self":[{"href":"https:\/\/www.europesays.com\/fr\/wp-json\/wp\/v2\/posts\/205130","targetHints":{"allow":["GET"]}}],"collection":[{"href":"https:\/\/www.europesays.com\/fr\/wp-json\/wp\/v2\/posts"}],"about":[{"href":"https:\/\/www.europesays.com\/fr\/wp-json\/wp\/v2\/types\/post"}],"author":[{"embeddable":true,"href":"https:\/\/www.europesays.com\/fr\/wp-json\/wp\/v2\/users\/2"}],"replies":[{"embeddable":true,"href":"https:\/\/www.europesays.com\/fr\/wp-json\/wp\/v2\/comments?post=205130"}],"version-history":[{"count":0,"href":"https:\/\/www.europesays.com\/fr\/wp-json\/wp\/v2\/posts\/205130\/revisions"}],"wp:featuredmedia":[{"embeddable":true,"href":"https:\/\/www.europesays.com\/fr\/wp-json\/wp\/v2\/media\/205131"}],"wp:attachment":[{"href":"https:\/\/www.europesays.com\/fr\/wp-json\/wp\/v2\/media?parent=205130"}],"wp:term":[{"taxonomy":"category","embeddable":true,"href":"https:\/\/www.europesays.com\/fr\/wp-json\/wp\/v2\/categories?post=205130"},{"taxonomy":"post_tag","embeddable":true,"href":"https:\/\/www.europesays.com\/fr\/wp-json\/wp\/v2\/tags?post=205130"}],"curies":[{"name":"wp","href":"https:\/\/api.w.org\/{rel}","templated":true}]}}