{"id":205155,"date":"2025-06-26T06:43:10","date_gmt":"2025-06-26T06:43:10","guid":{"rendered":"https:\/\/www.europesays.com\/fr\/205155\/"},"modified":"2025-06-26T06:43:10","modified_gmt":"2025-06-26T06:43:10","slug":"apres-dune-le-realisateur-denis-villeneuve-va-sattaquer-a-une-nouvelle-saga-culte","status":"publish","type":"post","link":"https:\/\/www.europesays.com\/fr\/205155\/","title":{"rendered":"Apr\u00e8s \u00ab\u00a0Dune\u00a0\u00bb, le r\u00e9alisateur Denis Villeneuve va s\u2019attaquer \u00e0 une nouvelle saga culte"},"content":{"rendered":"<p>        <img decoding=\"async\" loading=\"lazy\" src=\"https:\/\/www.europesays.com\/fr\/wp-content\/uploads\/2025\/06\/67efd68_1732802461633-000-34kg6ex.jpg\"  width=\"728\" height=\"409\" alt=\"Apr\u00e8s \u00ab\u00a0Dune\u00a0\u00bb, le r\u00e9alisateur Denis Villeneuve va s\u2019attaquer \u00e0 nouvelle saga culte, ont annonc\u00e9 ce mercredi 25\u00a0juin les studios Amazon MGM.\"\/>  <\/p>\n<p>ALEXIS AUBIN \/ AFP<\/p>\n<p>Apr\u00e8s \u00ab\u00a0Dune\u00a0\u00bb, le r\u00e9alisateur Denis Villeneuve va s\u2019attaquer \u00e0 nouvelle saga culte, ont annonc\u00e9 ce mercredi 25\u00a0juin les studios Amazon MGM.<\/p>\n<p class=\"asset asset-text\">CIN\u00c9MA &#8211; Un r\u00eave d\u2019enfant qui devient r\u00e9alit\u00e9. Apr\u00e8s le carton de la saga\u00a0Dune au box-office, le r\u00e9alisateur <a href=\"https:\/\/www.huffingtonpost.fr\/culture\/article\/denis-villeneuve-reunit-timothee-chalamet-et-kyle-maclachlan-de-dune-en-hommage-a-david-lynch_246152.html\" target=\"_blank\" rel=\"noopener\">Denis Villeneuve<\/a> sera aux commandes des prochaines aventures de <a href=\"https:\/\/www.huffingtonpost.fr\/culture\/article\/daniel-craig-voulait-tuer-james-bond-en-2006-des-casino-royale_211465.html\" target=\"_blank\" rel=\"noopener\">James Bond<\/a>, ont annonc\u00e9, ce mercredi 25\u00a0juin, les studios Amazon MGM.<\/p>\n<p class=\"asset asset-text\">Le g\u00e9ant du commerce en ligne choisit ainsi un cin\u00e9aste tr\u00e8s en vogue \u00e0 Hollywood, pour sa premi\u00e8re incursion tr\u00e8s attendue dans l\u2019univers de l\u2019espion britannique imagin\u00e9 par l\u2019\u00e9crivain Ian Fleming.<\/p>\n<p class=\"asset asset-text\">\u00ab\u00a0Je suis un fan inconditionnel de Bond. Pour moi, c\u2019est un personnage sacr\u00e9\u00a0\u00bb, a r\u00e9agi Denis Villeneuve dans un communiqu\u00e9, en pr\u00e9cisant avoir \u00ab\u00a0grandi en regardant les films de James Bond avec (s)on p\u00e8re\u00a0\u00bb.<\/p>\n<p class=\"asset asset-text\">\u00ab\u00a0J\u2019ai l\u2019intention d\u2019honorer la tradition et d\u2019ouvrir la voie \u00e0 de nombreuses nouvelles missions \u00e0 venir\u00a0\u00bb, a-t-il ajout\u00e9. \u00ab\u00a0C\u2019est une responsabilit\u00e9 \u00e9norme, mais aussi quelque chose d\u2019incroyablement excitant pour moi et un immense honneur.\u00a0\u00bb<\/p>\n<p>                     Un gage donn\u00e9 aux puristes    <\/p>\n<p class=\"asset asset-text\">Le r\u00e9alisateur sera \u00e9galement producteur ex\u00e9cutif sur le film. On ignore encore qui incarnera l\u2019espion de sa Majest\u00e9.<\/p>\n<p class=\"asset asset-text\">Daniel Craig a raccroch\u00e9 le costume de James Bond en 2021, apr\u00e8s la sortie de\u00a0Mourir peut attendre. Depuis cet opus, le destin des aventures de 007 a connu de nombreux rebondissements.<\/p>\n<p class=\"asset asset-text\">Amazon a d\u00e9bours\u00e9 pr\u00e8s de 8,45 milliards de dollars pour racheter le mythique studio hollywoodien MGM en 2022, ce qui incluait le catalogue des anciens films de James Bond.\u00a0 Mais le g\u00e9ant de la distribution s\u2019est heurt\u00e9 pendant trois ans \u00e0 la r\u00e9sistance de Barbara Broccoli et Michael Wilson, les producteurs historiques de la saga, qui conservaient jalousement le contr\u00f4le cr\u00e9atif du personnage depuis des d\u00e9cennies.<\/p>\n<p class=\"asset asset-text\">Amazon a finalement pass\u00e9 un accord financier en f\u00e9vrier avec eux pour prendre le contr\u00f4le cr\u00e9atif de la franchise. D\u2019un montant non divulgu\u00e9, il permet \u00e0 l\u2019entreprise de Jeff Bezos de piloter les prochaines aventures de Bond.<\/p>\n<p class=\"asset asset-text\">Certains fans craignent que le personnage soit surexploit\u00e9 par Amazon, qui pourrait multiplier les films, voire sortir directement des s\u00e9ries et spin-offs sur Prime, sa plateforme de streaming.<\/p>\n<p class=\"asset asset-text\">Dans ce contexte, le choix de Denis Villeneuve r\u00e9sonne comme un gage donn\u00e9 aux puristes. \u00ab\u00a0Nous sommes honor\u00e9s que Denis ait accept\u00e9 de r\u00e9aliser le prochain chapitre de James Bond. C\u2019est un ma\u00eetre du cin\u00e9ma, dont la filmographie parle d\u2019elle-m\u00eame\u00a0\u00bb, a salu\u00e9 le directeur des studios Amazon MGM et d\u2019Amazon Prime, Mike Hopkins.<\/p>\n<p class=\"asset asset-text\">Les deux volets de la saga de science-fiction Dune ont \u00e9t\u00e9 nomin\u00e9s pour l\u2019Oscar du meilleur film. Sorti l\u2019an dernier, le deuxi\u00e8me film sur cet univers a r\u00e9colt\u00e9 700 millions de dollars de recettes au box-office mondial et a remport\u00e9 deux Oscars &#8211; meilleur son et meilleurs effets sp\u00e9ciaux. Le r\u00e9alisateur canadien est \u00e9galement connu pour Blade Runner 2049 et\u00a0Premier Contact.<\/p>\n","protected":false},"excerpt":{"rendered":"ALEXIS AUBIN \/ AFP Apr\u00e8s \u00ab\u00a0Dune\u00a0\u00bb, le r\u00e9alisateur Denis Villeneuve va s\u2019attaquer \u00e0 nouvelle saga culte, ont annonc\u00e9&hellip;\n","protected":false},"author":2,"featured_media":205156,"comment_status":"","ping_status":"","sticky":false,"template":"","format":"standard","meta":{"footnotes":""},"categories":[8],"tags":[34405,650,251,33217,58,59,1011,27,1677],"class_list":{"0":"post-205155","1":"post","2":"type-post","3":"status-publish","4":"format-standard","5":"has-post-thumbnail","7":"category-divertissement","8":"tag-34405","9":"tag-cinema","10":"tag-culture","11":"tag-denis-villeneuve","12":"tag-divertissement","13":"tag-entertainment","14":"tag-fr","15":"tag-france","16":"tag-james-bond"},"share_on_mastodon":{"url":"https:\/\/pubeurope.com\/@fr\/114748313247006730","error":""},"_links":{"self":[{"href":"https:\/\/www.europesays.com\/fr\/wp-json\/wp\/v2\/posts\/205155","targetHints":{"allow":["GET"]}}],"collection":[{"href":"https:\/\/www.europesays.com\/fr\/wp-json\/wp\/v2\/posts"}],"about":[{"href":"https:\/\/www.europesays.com\/fr\/wp-json\/wp\/v2\/types\/post"}],"author":[{"embeddable":true,"href":"https:\/\/www.europesays.com\/fr\/wp-json\/wp\/v2\/users\/2"}],"replies":[{"embeddable":true,"href":"https:\/\/www.europesays.com\/fr\/wp-json\/wp\/v2\/comments?post=205155"}],"version-history":[{"count":0,"href":"https:\/\/www.europesays.com\/fr\/wp-json\/wp\/v2\/posts\/205155\/revisions"}],"wp:featuredmedia":[{"embeddable":true,"href":"https:\/\/www.europesays.com\/fr\/wp-json\/wp\/v2\/media\/205156"}],"wp:attachment":[{"href":"https:\/\/www.europesays.com\/fr\/wp-json\/wp\/v2\/media?parent=205155"}],"wp:term":[{"taxonomy":"category","embeddable":true,"href":"https:\/\/www.europesays.com\/fr\/wp-json\/wp\/v2\/categories?post=205155"},{"taxonomy":"post_tag","embeddable":true,"href":"https:\/\/www.europesays.com\/fr\/wp-json\/wp\/v2\/tags?post=205155"}],"curies":[{"name":"wp","href":"https:\/\/api.w.org\/{rel}","templated":true}]}}