{"id":205167,"date":"2025-06-26T06:49:11","date_gmt":"2025-06-26T06:49:11","guid":{"rendered":"https:\/\/www.europesays.com\/fr\/205167\/"},"modified":"2025-06-26T06:49:11","modified_gmt":"2025-06-26T06:49:11","slug":"saint-etienne-metropole-en-retrait-gael-perdriau-fait-retirer-une-deliberation","status":"publish","type":"post","link":"https:\/\/www.europesays.com\/fr\/205167\/","title":{"rendered":"Saint-\u00c9tienne M\u00e9tropole. \u00abEn retrait\u00bb, Ga\u00ebl Perdriau fait retirer une d\u00e9lib\u00e9ration"},"content":{"rendered":"<p>Lors du <a href=\"https:\/\/www.leprogres.fr\/politique\/2025\/06\/25\/plan-de-relance-85-millions-d-euros-ont-beneficie-a-146-projets\" target=\"_blank\" rel=\"nofollow noopener\">conseil m\u00e9tropolitain de ce mercredi 25 juin<\/a>, l\u2019\u00e9lue d\u2019opposition st\u00e9phanoise Isabelle Dumestre s\u2019est \u00e9tonn\u00e9e de ne pas voir inscrite \u00e0 l\u2019ordre du jour la d\u00e9lib\u00e9ration concernant les mesures prises par Saint-\u00c9tienne M\u00e9tropole suite aux recommandations de la Chambre r\u00e9gionale des comptes (CRC) en mati\u00e8re de communication.<\/p>\n<p>Pour rappel, la CRC avait point\u00e9 en mai\u00a02024, pour les exercices allant de 2018 \u00e0 2023, des dysfonctionnements et un manque de transparence concernant le co\u00fbt et la gestion de l\u2019achat de places, des r\u00e9servations de loges pour les matches de l\u2019ASSE et du Saint-Chamond basket Vall\u00e9e du Gier, ainsi que leur distribution.<\/p>\n<p>\u00ab\u00a0Si le d\u00e9lai est d\u00e9pass\u00e9, nous risquons une sanction\u00a0\u00bb<\/p>\n<p>\u00ab\u00a0La M\u00e9tropole&#8230;<\/p>\n","protected":false},"excerpt":{"rendered":"Lors du conseil m\u00e9tropolitain de ce mercredi 25 juin, l\u2019\u00e9lue d\u2019opposition st\u00e9phanoise Isabelle Dumestre s\u2019est \u00e9tonn\u00e9e de ne&hellip;\n","protected":false},"author":2,"featured_media":205168,"comment_status":"","ping_status":"","sticky":false,"template":"","format":"standard","meta":{"footnotes":""},"categories":[9653],"tags":[1111,11,2430,7539,1777,674,107,1011,27,3367,12,316,25,4001,7538],"class_list":{"0":"post-205167","1":"post","2":"type-post","3":"status-publish","4":"format-standard","5":"has-post-thumbnail","7":"category-saint-etienne","8":"tag-actu","9":"tag-actualites","10":"tag-auvergne-rhone-alpes","11":"tag-edition-loire-sud","12":"tag-eu","13":"tag-europe","14":"tag-fil-info","15":"tag-fr","16":"tag-france","17":"tag-loire","18":"tag-news","19":"tag-politique","20":"tag-republique-francaise","21":"tag-saint-etienne","22":"tag-saint-etienne-ville"},"share_on_mastodon":{"url":"https:\/\/pubeurope.com\/@fr\/114748336971774086","error":""},"_links":{"self":[{"href":"https:\/\/www.europesays.com\/fr\/wp-json\/wp\/v2\/posts\/205167","targetHints":{"allow":["GET"]}}],"collection":[{"href":"https:\/\/www.europesays.com\/fr\/wp-json\/wp\/v2\/posts"}],"about":[{"href":"https:\/\/www.europesays.com\/fr\/wp-json\/wp\/v2\/types\/post"}],"author":[{"embeddable":true,"href":"https:\/\/www.europesays.com\/fr\/wp-json\/wp\/v2\/users\/2"}],"replies":[{"embeddable":true,"href":"https:\/\/www.europesays.com\/fr\/wp-json\/wp\/v2\/comments?post=205167"}],"version-history":[{"count":0,"href":"https:\/\/www.europesays.com\/fr\/wp-json\/wp\/v2\/posts\/205167\/revisions"}],"wp:featuredmedia":[{"embeddable":true,"href":"https:\/\/www.europesays.com\/fr\/wp-json\/wp\/v2\/media\/205168"}],"wp:attachment":[{"href":"https:\/\/www.europesays.com\/fr\/wp-json\/wp\/v2\/media?parent=205167"}],"wp:term":[{"taxonomy":"category","embeddable":true,"href":"https:\/\/www.europesays.com\/fr\/wp-json\/wp\/v2\/categories?post=205167"},{"taxonomy":"post_tag","embeddable":true,"href":"https:\/\/www.europesays.com\/fr\/wp-json\/wp\/v2\/tags?post=205167"}],"curies":[{"name":"wp","href":"https:\/\/api.w.org\/{rel}","templated":true}]}}