{"id":205185,"date":"2025-06-26T07:00:17","date_gmt":"2025-06-26T07:00:17","guid":{"rendered":"https:\/\/www.europesays.com\/fr\/205185\/"},"modified":"2025-06-26T07:00:17","modified_gmt":"2025-06-26T07:00:17","slug":"lhopital-psychiatrique-de-saint-egreve-veut-soigner-ses-plaies","status":"publish","type":"post","link":"https:\/\/www.europesays.com\/fr\/205185\/","title":{"rendered":"l\u2019h\u00f4pital psychiatrique de Saint-\u00c9gr\u00e8ve veut soigner ses plaies"},"content":{"rendered":"<p>\u00c9douard Bourdon aurait pu d\u00e9cider de fermer les yeux sur les crises travers\u00e9es par l\u2019h\u00f4pital psychiatrique de Saint-\u00c9gr\u00e8ve et ses patients\u2026 mais il a fait un autre choix, s\u00fbrement plus dur encore. Mettre des mots sur ses souffrances. La saturation des services, le manque de soignants, les conditions d\u2019accueil aux urgences, le d\u00e9ficit de l\u2019h\u00f4pital\u2026 Seulement deux mois apr\u00e8s son arriv\u00e9e \u00e0 la t\u00eate du deuxi\u00e8me \u00e9tablissement de sant\u00e9 mentale de la r\u00e9gion, le nouveau directeur du Centre hospitalier Alpes Is\u00e8re (CHAI) n\u2019a pas ni\u00e9 les difficult\u00e9s. Au contraire, il a tenu \u00e0 les lister dans un \u00e9tat des lieux qui sera le point de d\u00e9part d\u2019une future r\u00e9organisation de l\u2019h\u00f4pital.<\/p>\n<p>Tout juste d\u00e9barqu\u00e9 <a href=\"https:\/\/www.ch-cesame-angers.fr\/data\/organigramme_cesame_2.pdf\" target=\"_blank\" rel=\"noopener\">d\u2019Angers<\/a> (lire par ailleurs), le directeur dit avoir fait le tour des services et promet \u00ab\u00a0un&#8230;<\/p>\n","protected":false},"excerpt":{"rendered":"\u00c9douard Bourdon aurait pu d\u00e9cider de fermer les yeux sur les crises travers\u00e9es par l\u2019h\u00f4pital psychiatrique de Saint-\u00c9gr\u00e8ve&hellip;\n","protected":false},"author":2,"featured_media":205186,"comment_status":"","ping_status":"","sticky":false,"template":"","format":"standard","meta":{"footnotes":""},"categories":[9566],"tags":[1111,11,2430,112,113,114,1777,674,107,1011,27,2731,108,6225,12,25,275,276,71,106,104],"class_list":{"0":"post-205185","1":"post","2":"type-post","3":"status-publish","4":"format-standard","5":"has-post-thumbnail","7":"category-grenoble","8":"tag-actu","9":"tag-actualites","10":"tag-auvergne-rhone-alpes","11":"tag-edition-grenoble-agglomeration","12":"tag-edition-gresivaudan-oisans","13":"tag-edition-voiron-saint-marcellin","14":"tag-eu","15":"tag-europe","16":"tag-fil-info","17":"tag-fr","18":"tag-france","19":"tag-grenoble","20":"tag-isere","21":"tag-la-matinale","22":"tag-news","23":"tag-republique-francaise","24":"tag-saint-egreve","25":"tag-saint-egreve-et-autour","26":"tag-sante","27":"tag-selection-de-la-redaction-38","28":"tag-societe"},"share_on_mastodon":{"url":"https:\/\/pubeurope.com\/@fr\/114748379907149863","error":""},"_links":{"self":[{"href":"https:\/\/www.europesays.com\/fr\/wp-json\/wp\/v2\/posts\/205185","targetHints":{"allow":["GET"]}}],"collection":[{"href":"https:\/\/www.europesays.com\/fr\/wp-json\/wp\/v2\/posts"}],"about":[{"href":"https:\/\/www.europesays.com\/fr\/wp-json\/wp\/v2\/types\/post"}],"author":[{"embeddable":true,"href":"https:\/\/www.europesays.com\/fr\/wp-json\/wp\/v2\/users\/2"}],"replies":[{"embeddable":true,"href":"https:\/\/www.europesays.com\/fr\/wp-json\/wp\/v2\/comments?post=205185"}],"version-history":[{"count":0,"href":"https:\/\/www.europesays.com\/fr\/wp-json\/wp\/v2\/posts\/205185\/revisions"}],"wp:featuredmedia":[{"embeddable":true,"href":"https:\/\/www.europesays.com\/fr\/wp-json\/wp\/v2\/media\/205186"}],"wp:attachment":[{"href":"https:\/\/www.europesays.com\/fr\/wp-json\/wp\/v2\/media?parent=205185"}],"wp:term":[{"taxonomy":"category","embeddable":true,"href":"https:\/\/www.europesays.com\/fr\/wp-json\/wp\/v2\/categories?post=205185"},{"taxonomy":"post_tag","embeddable":true,"href":"https:\/\/www.europesays.com\/fr\/wp-json\/wp\/v2\/tags?post=205185"}],"curies":[{"name":"wp","href":"https:\/\/api.w.org\/{rel}","templated":true}]}}