{"id":205211,"date":"2025-06-26T07:15:14","date_gmt":"2025-06-26T07:15:14","guid":{"rendered":"https:\/\/www.europesays.com\/fr\/205211\/"},"modified":"2025-06-26T07:15:14","modified_gmt":"2025-06-26T07:15:14","slug":"emploi-40-postes-a-pourvoir-dans-la-metropole-de-lille-dans-les-services-a-la-personne","status":"publish","type":"post","link":"https:\/\/www.europesays.com\/fr\/205211\/","title":{"rendered":"Emploi. 40 postes \u00e0 pourvoir dans la m\u00e9tropole de Lille dans les services \u00e0 la personne"},"content":{"rendered":"<p>            Par<br \/>\n        <strong><br \/>\n            <a href=\"https:\/\/actu.fr\/auteur\/hervine-mahaud\" title=\"Consulter tous les articles de Hervine Mahaud\" rel=\"nofollow noopener\" target=\"_blank\">Hervine Mahaud<\/a><br \/>\n        <\/strong><\/p>\n<p>        Publi\u00e9 le<\/p>\n<p>            26 juin 2025 \u00e0 8h26        <\/p>\n<p data-end=\"830\">Besoin d\u2019un job d\u2019\u00e9t\u00e9 ? Envie de s\u2019engager dans un m\u00e9tier porteur de sens \u00e0 la rentr\u00e9e ? <a href=\"https:\/\/actu.fr\/hauts-de-france\/tourcoing_59599\/emploi-une-nouvelle-agence-de-services-a-la-personne-ouvre-dans-la-metropole-de-lille-et-recrute_38397400.html\" rel=\"nofollow noopener\" target=\"_blank\">L\u2019enseigne APEF, sp\u00e9cialiste des services \u00e0 la personne<\/a>, recrute activement dans la <b>m\u00e9tropole de <a href=\"https:\/\/actu.fr\/hauts-de-france\/lille_59350\" rel=\"nofollow noopener\" target=\"_blank\">Lille<\/a><\/b>, et notamment dans ses agences de <b data-end=\"725\">Tourcoing, Haubourdin, Wasquehal et Hem<\/b>. \u00c0 la cl\u00e9 : <b data-end=\"770\">40 postes \u00e0 pourvoir<\/b>, en <b data-end=\"789\">CDD ou CDI<\/b>, selon les disponibilit\u00e9s des candidats.<\/p>\n<p>Des missions vari\u00e9es et utiles au quotidien<\/p>\n<p data-end=\"1140\" class=\" wall-content\">Le r\u00e9seau, fort de <b data-end=\"914\">167 agences<\/b> \u00e0 travers la France, propose des missions au plus pr\u00e8s des besoins des familles : <b data-end=\"1139\">aide \u00e0 domicile pour les personnes \u00e2g\u00e9es, entretien de la maison (m\u00e9nage, repassage), garde d\u2019enfants, jardinage ou encore petit bricolage<\/b>.<\/p>\n<p data-end=\"1530\" class=\" wall-content\">\u00ab\u00a0Nos agences s\u2019adaptent aux disponibilit\u00e9s des \u00e9tudiants en proposant des horaires flexibles et des missions proches de chez eux\u00a0\u00bb, souligne Leslie Touchat, directrice des ressources humaines chez APEF. Une bonne mani\u00e8re, selon elle, de <b data-end=\"1431\">concilier job r\u00e9mun\u00e9r\u00e9 <\/b>et \u00e9tudes tout en d\u00e9veloppant des comp\u00e9tences recherch\u00e9es : empathie, autonomie, gestion du temps, sens des responsabilit\u00e9s, autant d\u2019atouts pour l\u2019insertion professionnelle future.<\/p>\n<p>Un secteur en pleine croissance<\/p>\n<p data-end=\"1935\" class=\" wall-content\">Le secteur des services \u00e0 la personne est en tension : <b data-end=\"1670\">500 000 postes seront \u00e0 pourvoir d\u2019ici 2030<\/b>. Pour les jeunes qui souhaitent d\u00e9couvrir un m\u00e9tier humain ou pour ceux qui envisagent une reconversion, les opportunit\u00e9s sont r\u00e9elles. APEF propose m\u00eame des <b data-end=\"1861\">parcours d\u2019\u00e9volution interne<\/b>, depuis les missions \u00e0 domicile jusqu\u2019aux postes d\u2019encadrement en agence.<\/p>\n<p>Vid\u00e9os : en ce moment sur Actu<\/p>\n<p data-end=\"2289\" class=\" wall-content\">D\u00e9j\u00e0 <b data-end=\"1960\">4 500 salari\u00e9s<\/b> \u0153uvrent chaque jour aupr\u00e8s de <b data-end=\"2009\">62 000 clients<\/b> partout en France. D\u00e8s cet \u00e9t\u00e9, plus de <b data-end=\"2079\">1 000 postes sont ouverts<\/b> sur l\u2019ensemble du territoire, dont <b>40 dans le Nord<\/b> dans les <b>agences de Tourcoing, Haubourdin, Wasquehal et Hem<\/b>.<\/p>\n<p data-end=\"2289\" class=\" wall-content\">\u00ab\u00a0Nos collaborateurs participent \u00e0 une mission soci\u00e9tale essentielle en apportant pr\u00e9sence humaine et soutien concret aux plus fragiles, mais aussi aux familles\u00a0\u00bb, insiste la DRH.<\/p>\n<p>Comment postuler ?<\/p>\n<p data-end=\"2601\" class=\" wall-content\">Les candidats int\u00e9ress\u00e9s (\u00e9tudiants, professionnels ou personnes en reconversion) peuvent postuler <b data-end=\"2427\">en ligne<\/b> via <a href=\"https:\/\/www.apefrecrute.fr\/rejoignez-nous#\/1-recruit-coordonnees\" rel=\"nofollow noopener\" target=\"_blank\">la page Candidature spontan\u00e9e \u2013 APEF Recrute<\/a>, ou directement <b data-end=\"2536\">en agence<\/b>, pour rencontrer les \u00e9quipes et discuter des missions propos\u00e9es.<\/p>\n<p data-end=\"2799\" class=\" wall-content\">Aucune exp\u00e9rience n\u2019est exig\u00e9e, <b data-end=\"2705\">formation et accompagnement sont pris en charge<\/b> par APEF. Seules la motivation, la bienveillance et l\u2019envie de s\u2019impliquer comptent vraiment.<\/p>\n<p class=\" wall-content\">Suivez toute l\u2019actualit\u00e9 de vos villes et m\u00e9dias favoris en vous inscrivant \u00e0 <a href=\"https:\/\/moncompte.actu.fr\" title=\"D\u00e9couvez Mon Actu\" rel=\"nofollow noopener\" data-trk=\"{&quot;cta&quot;:{&quot;action&quot;:&quot;https:\\\/\\\/moncompte.actu.fr&quot;,&quot;category&quot;:&quot;mon compte&quot;,&quot;from&quot;:&quot;article footer&quot;,&quot;name&quot;:&quot;Mon actu&quot;,&quot;type&quot;:&quot;cta&quot;}}\" target=\"_blank\">Mon Actu<\/a>.<\/p>\n","protected":false},"excerpt":{"rendered":"Par Hervine Mahaud Publi\u00e9 le 26 juin 2025 \u00e0 8h26 Besoin d\u2019un job d\u2019\u00e9t\u00e9 ? Envie de s\u2019engager&hellip;\n","protected":false},"author":2,"featured_media":205212,"comment_status":"","ping_status":"","sticky":false,"template":"","format":"standard","meta":{"footnotes":""},"categories":[2815],"tags":[1111,11,33,341,1777,674,1011,27,811,1307,12,25],"class_list":{"0":"post-205211","1":"post","2":"type-post","3":"status-publish","4":"format-standard","5":"has-post-thumbnail","7":"category-lille","8":"tag-actu","9":"tag-actualites","10":"tag-economie","11":"tag-emploi","12":"tag-eu","13":"tag-europe","14":"tag-fr","15":"tag-france","16":"tag-hauts-de-france","17":"tag-lille","18":"tag-news","19":"tag-republique-francaise"},"share_on_mastodon":{"url":"https:\/\/pubeurope.com\/@fr\/114748438897473919","error":""},"_links":{"self":[{"href":"https:\/\/www.europesays.com\/fr\/wp-json\/wp\/v2\/posts\/205211","targetHints":{"allow":["GET"]}}],"collection":[{"href":"https:\/\/www.europesays.com\/fr\/wp-json\/wp\/v2\/posts"}],"about":[{"href":"https:\/\/www.europesays.com\/fr\/wp-json\/wp\/v2\/types\/post"}],"author":[{"embeddable":true,"href":"https:\/\/www.europesays.com\/fr\/wp-json\/wp\/v2\/users\/2"}],"replies":[{"embeddable":true,"href":"https:\/\/www.europesays.com\/fr\/wp-json\/wp\/v2\/comments?post=205211"}],"version-history":[{"count":0,"href":"https:\/\/www.europesays.com\/fr\/wp-json\/wp\/v2\/posts\/205211\/revisions"}],"wp:featuredmedia":[{"embeddable":true,"href":"https:\/\/www.europesays.com\/fr\/wp-json\/wp\/v2\/media\/205212"}],"wp:attachment":[{"href":"https:\/\/www.europesays.com\/fr\/wp-json\/wp\/v2\/media?parent=205211"}],"wp:term":[{"taxonomy":"category","embeddable":true,"href":"https:\/\/www.europesays.com\/fr\/wp-json\/wp\/v2\/categories?post=205211"},{"taxonomy":"post_tag","embeddable":true,"href":"https:\/\/www.europesays.com\/fr\/wp-json\/wp\/v2\/tags?post=205211"}],"curies":[{"name":"wp","href":"https:\/\/api.w.org\/{rel}","templated":true}]}}