{"id":205216,"date":"2025-06-26T07:18:10","date_gmt":"2025-06-26T07:18:10","guid":{"rendered":"https:\/\/www.europesays.com\/fr\/205216\/"},"modified":"2025-06-26T07:18:10","modified_gmt":"2025-06-26T07:18:10","slug":"accident-sur-le-contournement-est-il-y-a-pres-de-50-km-de-bouchons-cumules","status":"publish","type":"post","link":"https:\/\/www.europesays.com\/fr\/205216\/","title":{"rendered":"accident sur le contournement Est, il y a pr\u00e8s de 50 km de bouchons cumul\u00e9s"},"content":{"rendered":"<p>M6<\/p>\n<p>Il y a pr\u00e8s de 5 km de bouchons, vous roulez au pas pour rejoindre le tunnel sous Fourvi\u00e8re d\u00e8s Limonest.<\/p>\n<p>A46 sud<\/p>\n<p>De l&rsquo;autre c\u00f4t\u00e9 de l&rsquo;agglom\u00e9ration, il y a 3 km de ralentissements \u00e0 hauteur de Mions, la circulation est difficile. <\/p>\n<p>A7 \/ A450<\/p>\n<p>Vous \u00eates \u00e9galement nombreux sur ces deux axes, comptez 3 km de bouchons \u00e0 hauteur de Pierre-B\u00e9nite.<\/p>\n<p>Il y a pr\u00e8s de 40 km de bouchons selon Coraly.<\/p>\n","protected":false},"excerpt":{"rendered":"M6 Il y a pr\u00e8s de 5 km de bouchons, vous roulez au pas pour rejoindre le tunnel&hellip;\n","protected":false},"author":2,"featured_media":205217,"comment_status":"","ping_status":"","sticky":false,"template":"","format":"standard","meta":{"footnotes":""},"categories":[1889],"tags":[1111,11,2430,3542,3152,2757,3153,3154,3155,3156,1777,674,107,1011,27,2428,12,25,2429,1097,2803],"class_list":{"0":"post-205216","1":"post","2":"type-post","3":"status-publish","4":"format-standard","5":"has-post-thumbnail","7":"category-lyon","8":"tag-actu","9":"tag-actualites","10":"tag-auvergne-rhone-alpes","11":"tag-circulation","12":"tag-edition-est-lyonnais","13":"tag-edition-lyon-villeurbanne","14":"tag-edition-ouest-lyonnais","15":"tag-edition-sud-lyonnais","16":"tag-edition-tarare","17":"tag-edition-villefranche","18":"tag-eu","19":"tag-europe","20":"tag-fil-info","21":"tag-fr","22":"tag-france","23":"tag-lyon","24":"tag-news","25":"tag-republique-francaise","26":"tag-rhone","27":"tag-trafic","28":"tag-transport"},"share_on_mastodon":{"url":"https:\/\/pubeurope.com\/@fr\/114748450705056961","error":""},"_links":{"self":[{"href":"https:\/\/www.europesays.com\/fr\/wp-json\/wp\/v2\/posts\/205216","targetHints":{"allow":["GET"]}}],"collection":[{"href":"https:\/\/www.europesays.com\/fr\/wp-json\/wp\/v2\/posts"}],"about":[{"href":"https:\/\/www.europesays.com\/fr\/wp-json\/wp\/v2\/types\/post"}],"author":[{"embeddable":true,"href":"https:\/\/www.europesays.com\/fr\/wp-json\/wp\/v2\/users\/2"}],"replies":[{"embeddable":true,"href":"https:\/\/www.europesays.com\/fr\/wp-json\/wp\/v2\/comments?post=205216"}],"version-history":[{"count":0,"href":"https:\/\/www.europesays.com\/fr\/wp-json\/wp\/v2\/posts\/205216\/revisions"}],"wp:featuredmedia":[{"embeddable":true,"href":"https:\/\/www.europesays.com\/fr\/wp-json\/wp\/v2\/media\/205217"}],"wp:attachment":[{"href":"https:\/\/www.europesays.com\/fr\/wp-json\/wp\/v2\/media?parent=205216"}],"wp:term":[{"taxonomy":"category","embeddable":true,"href":"https:\/\/www.europesays.com\/fr\/wp-json\/wp\/v2\/categories?post=205216"},{"taxonomy":"post_tag","embeddable":true,"href":"https:\/\/www.europesays.com\/fr\/wp-json\/wp\/v2\/tags?post=205216"}],"curies":[{"name":"wp","href":"https:\/\/api.w.org\/{rel}","templated":true}]}}