{"id":205222,"date":"2025-06-26T07:21:08","date_gmt":"2025-06-26T07:21:08","guid":{"rendered":"https:\/\/www.europesays.com\/fr\/205222\/"},"modified":"2025-06-26T07:21:08","modified_gmt":"2025-06-26T07:21:08","slug":"matinee-difficile-sur-les-routes-plus-de-380-kilometres-de-bouchons-cumules-a-paris-et-en-ile-de-france","status":"publish","type":"post","link":"https:\/\/www.europesays.com\/fr\/205222\/","title":{"rendered":"Matin\u00e9e difficile sur les routes, plus de 380 kilom\u00e8tres de bouchons cumul\u00e9s \u00e0 Paris et en \u00cele-de-France"},"content":{"rendered":"<p>            Par<br \/>\n        <strong><br \/>\n            <a href=\"https:\/\/actu.fr\/auteur\/redaction-paris\" title=\"Consulter tous les articles de R\u00e9daction Paris\" rel=\"nofollow noopener\" target=\"_blank\">R\u00e9daction Paris<\/a><br \/>\n        <\/strong><\/p>\n<p>        Publi\u00e9 le<\/p>\n<p>            26 juin 2025 \u00e0 8h25        <\/p>\n<p>Apr\u00e8s <a href=\"https:\/\/actu.fr\/ile-de-france\/paris_75056\/video-arbres-arraches-metro-inonde-un-orage-dantesque-s-abat-sur-paris-les-degats-deja-nombreux_62826681.html\" rel=\"nofollow noopener\" target=\"_blank\">l\u2019orage qui a balay\u00e9 Paris et l\u2019\u00cele-de-France<\/a> dans la soir\u00e9e de mercredi 25\u00a0juin 2025, gr\u00eale et tonnerre sont repartis loin de la capitale en laissant <strong>nuages et pr\u00e9cipitations<\/strong>. De la pluie qui ralentit la circulation sur des routes d\u00e9j\u00e0 encombr\u00e9es par les bouchons.<\/p>\n<p>398 kilom\u00e8tres de bouchons<\/p>\n<p class=\" wall-content\">Ce jeudi 26\u00a0juin 2025, la courbe de Sytadin.fr, qui enregistre le cumul des bouchons sur les routes, a quitt\u00e9 la zone des embouteillages inhabituel ou m\u00eame exceptionnel. \u00c0 8h15, elle se situe \u00e0 <strong>398 kilom\u00e8tres<\/strong>.<\/p>\n<p class=\" wall-content\">Au-del\u00e0 de la pluie qui a commenc\u00e9 \u00e0 tomber, plusieurs <strong>incidents<\/strong> ralentissent le trafic\u2009:<\/p>\n<p class=\" wall-content\">\u2013 Accident sur le boulevard p\u00e9riph\u00e9rique ext\u00e9rieur \u00e0 Bercy<\/p>\n<p class=\" wall-content\">\u2013 Poids lourd en panne sur A86 ext\u00e9rieur de Thiais (A86xN186) vers Choisy-le-Roi (D5)<\/p>\n<p>Vid\u00e9os : en ce moment sur Actu<\/p>\n<p class=\" wall-content\">\u2013 Rosny (A103xA3xA86)\u2009: v\u00e9hicule l\u00e9ger en panne de A86 ext\u00e9rieur vers A3 province-Paris. Sur deux voies, bande d\u2019arr\u00eat d\u2019urgence ferm\u00e9e<\/p>\n<p class=\" wall-content\">\u2013 Travaux sur N13 Paris-province de Neuilly (N13) vers Pont de Neuilly (D1) chantier fixe. Sur 3trois voies, une est ferm\u00e9e \u00e0 droite<\/p>\n<p class=\" wall-content\">\u2013 V\u00e9hicule l\u00e9ger en panne sur A3 Paris-province. Sur trois voies, bande d\u2019arr\u00eat d\u2019urgence ferm\u00e9e<\/p>\n<p class=\" wall-content\">\u2013 Nogent (A4xA86)\u2009: poids lourd en panne de A4 province-Paris vers N486 Paris-province. Sur deux voies, une est ferm\u00e9e \u00e0 droite<\/p>\n<p class=\" wall-content\">Suivez toute l\u2019actualit\u00e9 de vos villes et m\u00e9dias favoris en vous inscrivant \u00e0 <a href=\"https:\/\/moncompte.actu.fr\" title=\"D\u00e9couvez Mon Actu\" rel=\"nofollow noopener\" data-trk=\"{&quot;cta&quot;:{&quot;action&quot;:&quot;https:\\\/\\\/moncompte.actu.fr&quot;,&quot;category&quot;:&quot;mon compte&quot;,&quot;from&quot;:&quot;article footer&quot;,&quot;name&quot;:&quot;Mon actu&quot;,&quot;type&quot;:&quot;cta&quot;}}\" target=\"_blank\">Mon Actu<\/a>.<\/p>\n","protected":false},"excerpt":{"rendered":"Par R\u00e9daction Paris Publi\u00e9 le 26 juin 2025 \u00e0 8h25 Apr\u00e8s l\u2019orage qui a balay\u00e9 Paris et l\u2019\u00cele-de-France&hellip;\n","protected":false},"author":2,"featured_media":205223,"comment_status":"","ping_status":"","sticky":false,"template":"","format":"standard","meta":{"footnotes":""},"categories":[1592],"tags":[1111,11,3542,1777,674,1011,27,662,12,626,25,104,2803],"class_list":{"0":"post-205222","1":"post","2":"type-post","3":"status-publish","4":"format-standard","5":"has-post-thumbnail","7":"category-ile-de-france","8":"tag-actu","9":"tag-actualites","10":"tag-circulation","11":"tag-eu","12":"tag-europe","13":"tag-fr","14":"tag-france","15":"tag-ile-de-france","16":"tag-news","17":"tag-paris","18":"tag-republique-francaise","19":"tag-societe","20":"tag-transport"},"share_on_mastodon":{"url":"https:\/\/pubeurope.com\/@fr\/114748462418500618","error":""},"_links":{"self":[{"href":"https:\/\/www.europesays.com\/fr\/wp-json\/wp\/v2\/posts\/205222","targetHints":{"allow":["GET"]}}],"collection":[{"href":"https:\/\/www.europesays.com\/fr\/wp-json\/wp\/v2\/posts"}],"about":[{"href":"https:\/\/www.europesays.com\/fr\/wp-json\/wp\/v2\/types\/post"}],"author":[{"embeddable":true,"href":"https:\/\/www.europesays.com\/fr\/wp-json\/wp\/v2\/users\/2"}],"replies":[{"embeddable":true,"href":"https:\/\/www.europesays.com\/fr\/wp-json\/wp\/v2\/comments?post=205222"}],"version-history":[{"count":0,"href":"https:\/\/www.europesays.com\/fr\/wp-json\/wp\/v2\/posts\/205222\/revisions"}],"wp:featuredmedia":[{"embeddable":true,"href":"https:\/\/www.europesays.com\/fr\/wp-json\/wp\/v2\/media\/205223"}],"wp:attachment":[{"href":"https:\/\/www.europesays.com\/fr\/wp-json\/wp\/v2\/media?parent=205222"}],"wp:term":[{"taxonomy":"category","embeddable":true,"href":"https:\/\/www.europesays.com\/fr\/wp-json\/wp\/v2\/categories?post=205222"},{"taxonomy":"post_tag","embeddable":true,"href":"https:\/\/www.europesays.com\/fr\/wp-json\/wp\/v2\/tags?post=205222"}],"curies":[{"name":"wp","href":"https:\/\/api.w.org\/{rel}","templated":true}]}}