{"id":205224,"date":"2025-06-26T07:22:09","date_gmt":"2025-06-26T07:22:09","guid":{"rendered":"https:\/\/www.europesays.com\/fr\/205224\/"},"modified":"2025-06-26T07:22:09","modified_gmt":"2025-06-26T07:22:09","slug":"la-ligne-sncf-entre-amiens-et-paris-a-larret-ce-jeudi-matin","status":"publish","type":"post","link":"https:\/\/www.europesays.com\/fr\/205224\/","title":{"rendered":"la ligne SNCF entre Amiens et Paris \u00e0 l&rsquo;arr\u00eat ce jeudi matin"},"content":{"rendered":"<p>            Par<br \/>\n        <strong><br \/>\n            <a href=\"https:\/\/actu.fr\/auteur\/margot-nicodeme\" title=\"Consulter tous les articles de Margot Nicod\u00e8me\" rel=\"nofollow noopener\" target=\"_blank\">Margot Nicod\u00e8me<\/a><br \/>\n        <\/strong><\/p>\n<p>        Publi\u00e9 le<\/p>\n<p>            26 juin 2025 \u00e0 8h50        <\/p>\n<p>C\u2019est <b>la cons\u00e9quence des intemp\u00e9ries <\/b>qui se sont abattues sur la r\u00e9gion, et plus largement en France cette nuit du 25 au 26 juin 2025. <b>Une ligne <a href=\"https:\/\/actu.fr\/hauts-de-france\/lille_59350\/gare-lille-europe-600-metres-de-cables-voles-la-ligne-a-grande-vitesse-a-larret-ce-mercredi_62820903.html\" rel=\"nofollow noopener\" target=\"_blank\">SNCF est l\u2019arr\u00eat complet<\/a> <\/b>: celle <b>entre Amiens et Paris<\/b>, depuis 7h45 ce jeudi. Une chute d\u2019arbre a provoqu\u00e9 un d\u00e9faut d\u2019alimentation \u00e9lectrique.<\/p>\n<p>Orages sur les Hauts-de-France : la ligne Amiens \u2013 Paris \u00e0 l\u2019arr\u00eat ce jeudi matin<\/p>\n<p class=\" wall-content\"><b>Le trafic ferroviaire est ainsi interrompu dans les deux sens<\/b>. Les orages ont engendr\u00e9 la chute d\u2019un arbre sur les c\u00e2bles au niveau de la commune de Gannes, dans l\u2019Oise.<\/p>\n<p class=\" wall-content\">Les \u00e9quipes de la SNCF R\u00e9seau \u00e9taient en intervention d\u00e8s les premi\u00e8res heures de la matin\u00e9e, pour une repris de la circulation estim\u00e9e aux environs de 10h.\u00a0<\/p>\n<p class=\" wall-content\">Suivez toute l\u2019actualit\u00e9 de vos villes et m\u00e9dias favoris en vous inscrivant \u00e0 <a href=\"https:\/\/moncompte.actu.fr\" title=\"D\u00e9couvez Mon Actu\" rel=\"nofollow noopener\" data-trk=\"{&quot;cta&quot;:{&quot;action&quot;:&quot;https:\\\/\\\/moncompte.actu.fr&quot;,&quot;category&quot;:&quot;mon compte&quot;,&quot;from&quot;:&quot;article footer&quot;,&quot;name&quot;:&quot;Mon actu&quot;,&quot;type&quot;:&quot;cta&quot;}}\" target=\"_blank\">Mon Actu<\/a>.<\/p>\n","protected":false},"excerpt":{"rendered":"Par Margot Nicod\u00e8me Publi\u00e9 le 26 juin 2025 \u00e0 8h50 C\u2019est la cons\u00e9quence des intemp\u00e9ries qui se sont&hellip;\n","protected":false},"author":2,"featured_media":205225,"comment_status":"","ping_status":"","sticky":false,"template":"","format":"standard","meta":{"footnotes":""},"categories":[1888],"tags":[1111,1928,11,1927,1777,674,1011,27,12,1926,4594,626,1925,25,2215,104],"class_list":{"0":"post-205224","1":"post","2":"type-post","3":"status-publish","4":"format-standard","5":"has-post-thumbnail","7":"category-paris","8":"tag-actu","9":"tag-actu-paris","10":"tag-actualites","11":"tag-actualites-paris","12":"tag-eu","13":"tag-europe","14":"tag-fr","15":"tag-france","16":"tag-news","17":"tag-news-paris","18":"tag-orages","19":"tag-paris","20":"tag-paris-news","21":"tag-republique-francaise","22":"tag-sncf","23":"tag-societe"},"share_on_mastodon":{"url":"https:\/\/pubeurope.com\/@fr\/114748466607596314","error":""},"_links":{"self":[{"href":"https:\/\/www.europesays.com\/fr\/wp-json\/wp\/v2\/posts\/205224","targetHints":{"allow":["GET"]}}],"collection":[{"href":"https:\/\/www.europesays.com\/fr\/wp-json\/wp\/v2\/posts"}],"about":[{"href":"https:\/\/www.europesays.com\/fr\/wp-json\/wp\/v2\/types\/post"}],"author":[{"embeddable":true,"href":"https:\/\/www.europesays.com\/fr\/wp-json\/wp\/v2\/users\/2"}],"replies":[{"embeddable":true,"href":"https:\/\/www.europesays.com\/fr\/wp-json\/wp\/v2\/comments?post=205224"}],"version-history":[{"count":0,"href":"https:\/\/www.europesays.com\/fr\/wp-json\/wp\/v2\/posts\/205224\/revisions"}],"wp:featuredmedia":[{"embeddable":true,"href":"https:\/\/www.europesays.com\/fr\/wp-json\/wp\/v2\/media\/205225"}],"wp:attachment":[{"href":"https:\/\/www.europesays.com\/fr\/wp-json\/wp\/v2\/media?parent=205224"}],"wp:term":[{"taxonomy":"category","embeddable":true,"href":"https:\/\/www.europesays.com\/fr\/wp-json\/wp\/v2\/categories?post=205224"},{"taxonomy":"post_tag","embeddable":true,"href":"https:\/\/www.europesays.com\/fr\/wp-json\/wp\/v2\/tags?post=205224"}],"curies":[{"name":"wp","href":"https:\/\/api.w.org\/{rel}","templated":true}]}}