{"id":205242,"date":"2025-06-26T07:32:10","date_gmt":"2025-06-26T07:32:10","guid":{"rendered":"https:\/\/www.europesays.com\/fr\/205242\/"},"modified":"2025-06-26T07:32:10","modified_gmt":"2025-06-26T07:32:10","slug":"atp-fritz-face-a-alcaraz-jai-eu-limpression-pendant-80-ou-90-du-match-de-ne-rien-pouvoir-faire-ce-qui-na-pas-ete-le-cas-face-a-sinner","status":"publish","type":"post","link":"https:\/\/www.europesays.com\/fr\/205242\/","title":{"rendered":"ATP > Fritz : \u00ab\u00a0Face \u00e0 Alcaraz, j&rsquo;ai eu l&rsquo;impression, pendant 80 ou 90 % du match, de ne rien pouvoir faire, ce qui n&rsquo;a pas \u00e9t\u00e9 le cas face \u00e0 Sinner\u00a0\u00bb"},"content":{"rendered":"<p>Interrog\u00e9 au sujet du niveau de Sinner et d\u2019Alcaraz, Taylor a fait son\u00a0choix.\u00a0<\/p>\n<p>\u00ab\u202f<strong>Je dirais que Carlos est mon adver\u00adsaire le plus coriace, mais je dois pr\u00e9ciser que lors de la Laver Cup l\u2019ann\u00e9e derni\u00e8re, j\u2019ai affront\u00e9 sa version la plus diffi\u00adcile, celle o\u00f9 on a l\u2019im\u00adpres\u00adsion qu\u2019on ne peut rien faire. Bien que Sinner m\u2019ait clai\u00adre\u00adment battu plusieurs fois, de mani\u00e8re assez convain\u00adcante, au moins lors de ces matchs, j\u2019avais l\u2019im\u00adpres\u00adsion de pouvoir jouer au tennis. En Laver Cup contre Carlos, j\u2019ai eu l\u2019im\u00adpres\u00adsion, pendant 80 ou 90\u202f% du match, de ne rien pouvoir faire\u2026\u202f\u00bb<\/strong><\/p>\n<p class=\"post-published-date\" style=\"color: silver; font-size: 75%; text-align: left;\">Publi\u00e9 le jeudi 26 juin 2025 \u00e0 08:45<\/p>\n","protected":false},"excerpt":{"rendered":"Interrog\u00e9 au sujet du niveau de Sinner et d\u2019Alcaraz, Taylor a fait son\u00a0choix.\u00a0 \u00ab\u202fJe dirais que Carlos est&hellip;\n","protected":false},"author":2,"featured_media":202040,"comment_status":"","ping_status":"","sticky":false,"template":"","format":"standard","meta":{"footnotes":""},"categories":[1586],"tags":[11,1744,1777,674,1779,1011,27,12,25,2127,1778,364],"class_list":{"0":"post-205242","1":"post","2":"type-post","3":"status-publish","4":"format-standard","5":"has-post-thumbnail","7":"category-europe","8":"tag-actualites","9":"tag-alcaraz","10":"tag-eu","11":"tag-europe","12":"tag-european-union","13":"tag-fr","14":"tag-france","15":"tag-news","16":"tag-republique-francaise","17":"tag-sinner","18":"tag-ue","19":"tag-union-europeenne"},"share_on_mastodon":{"url":"https:\/\/pubeurope.com\/@fr\/114748505670676647","error":""},"_links":{"self":[{"href":"https:\/\/www.europesays.com\/fr\/wp-json\/wp\/v2\/posts\/205242","targetHints":{"allow":["GET"]}}],"collection":[{"href":"https:\/\/www.europesays.com\/fr\/wp-json\/wp\/v2\/posts"}],"about":[{"href":"https:\/\/www.europesays.com\/fr\/wp-json\/wp\/v2\/types\/post"}],"author":[{"embeddable":true,"href":"https:\/\/www.europesays.com\/fr\/wp-json\/wp\/v2\/users\/2"}],"replies":[{"embeddable":true,"href":"https:\/\/www.europesays.com\/fr\/wp-json\/wp\/v2\/comments?post=205242"}],"version-history":[{"count":0,"href":"https:\/\/www.europesays.com\/fr\/wp-json\/wp\/v2\/posts\/205242\/revisions"}],"wp:featuredmedia":[{"embeddable":true,"href":"https:\/\/www.europesays.com\/fr\/wp-json\/wp\/v2\/media\/202040"}],"wp:attachment":[{"href":"https:\/\/www.europesays.com\/fr\/wp-json\/wp\/v2\/media?parent=205242"}],"wp:term":[{"taxonomy":"category","embeddable":true,"href":"https:\/\/www.europesays.com\/fr\/wp-json\/wp\/v2\/categories?post=205242"},{"taxonomy":"post_tag","embeddable":true,"href":"https:\/\/www.europesays.com\/fr\/wp-json\/wp\/v2\/tags?post=205242"}],"curies":[{"name":"wp","href":"https:\/\/api.w.org\/{rel}","templated":true}]}}