{"id":205257,"date":"2025-06-26T07:40:09","date_gmt":"2025-06-26T07:40:09","guid":{"rendered":"https:\/\/www.europesays.com\/fr\/205257\/"},"modified":"2025-06-26T07:40:09","modified_gmt":"2025-06-26T07:40:09","slug":"basket-retrograde-au-niveau-regional-le-club-de-feurs-decide-de-faire-appel","status":"publish","type":"post","link":"https:\/\/www.europesays.com\/fr\/205257\/","title":{"rendered":"Basket\u00a0: r\u00e9trograd\u00e9 au niveau r\u00e9gional, le club de Feurs d\u00e9cide de faire appel"},"content":{"rendered":"<p>Avec des comptes dans le rouge, les Enfants du Forez Feurs &#8211; Rozier, initialement engag\u00e9s en NM2 la saison prochaine, est r\u00e9trograd\u00e9 au niveau r\u00e9gional par la Commission de contr\u00f4le de gestion de la FFBB. Le club for\u00e9zien fait appel de cette d\u00e9cision.<\/p>\n<p>L&rsquo;avenir de l&rsquo;un des bastions du basket lig\u00e9rien s&rsquo;\u00e9crit aujourd&rsquo;hui en pointill\u00e9s. Engag\u00e9 en NM2 pour la saison prochaine malgr\u00e9 un maintien acquis sportivement en NM1, Les Enfants du Forez Feurs Rozier viennent d&rsquo;\u00eatre r\u00e9trograd\u00e9s administrativement au niveau r\u00e9gional par la Commission de contr\u00f4le de gestion de la F\u00e9d\u00e9ration Fran\u00e7aise de Basketball.<\/p>\n<p>Plomb\u00e9 par un d\u00e9ficit estim\u00e9 \u00e0 plusieurs dizaines de milliers d&rsquo;euros, le club for\u00e9zien avait volontairement demand\u00e9 \u00e0 \u00e9voluer en NM2 lors de la saison 2025\/2026, et ce pour pr\u00e9server la structure. Insuffisant pour la FFBB. Dans un communiqu\u00e9 publi\u00e9 ce mardi sur ses r\u00e9seaux sociaux, le club de Feurs annonce faire appel de cette d\u00e9cision, avec l&rsquo;envie de \u00ab\u00a0d\u00e9fendre fi\u00e8rement sa place\u00a0\u00bb.<\/p>\n<p>Apr\u00e8s la d\u00e9mission en fin de saison derni\u00e8re du pr\u00e9sident Samuel Tillon, Fr\u00e9d\u00e9ric Robert a \u00e9t\u00e9 nomm\u00e9 pr\u00e9sident par int\u00e9rim du club ce lundi soir \u00e0 l&rsquo;issue d&rsquo;un comit\u00e9 directeur, et ce en attendant la prochaine Assembl\u00e9e G\u00e9n\u00e9rale du club for\u00e9zien.<\/p>\n","protected":false},"excerpt":{"rendered":"Avec des comptes dans le rouge, les Enfants du Forez Feurs &#8211; Rozier, initialement engag\u00e9s en NM2 la&hellip;\n","protected":false},"author":2,"featured_media":205258,"comment_status":"","ping_status":"","sticky":false,"template":"","format":"standard","meta":{"footnotes":""},"categories":[1414],"tags":[1465,1464,1011,27,60],"class_list":{"0":"post-205257","1":"post","2":"type-post","3":"status-publish","4":"format-standard","5":"has-post-thumbnail","7":"category-basket","8":"tag-basket","9":"tag-basketball","10":"tag-fr","11":"tag-france","12":"tag-sports"},"share_on_mastodon":{"url":"https:\/\/pubeurope.com\/@fr\/114748537197565889","error":""},"_links":{"self":[{"href":"https:\/\/www.europesays.com\/fr\/wp-json\/wp\/v2\/posts\/205257","targetHints":{"allow":["GET"]}}],"collection":[{"href":"https:\/\/www.europesays.com\/fr\/wp-json\/wp\/v2\/posts"}],"about":[{"href":"https:\/\/www.europesays.com\/fr\/wp-json\/wp\/v2\/types\/post"}],"author":[{"embeddable":true,"href":"https:\/\/www.europesays.com\/fr\/wp-json\/wp\/v2\/users\/2"}],"replies":[{"embeddable":true,"href":"https:\/\/www.europesays.com\/fr\/wp-json\/wp\/v2\/comments?post=205257"}],"version-history":[{"count":0,"href":"https:\/\/www.europesays.com\/fr\/wp-json\/wp\/v2\/posts\/205257\/revisions"}],"wp:featuredmedia":[{"embeddable":true,"href":"https:\/\/www.europesays.com\/fr\/wp-json\/wp\/v2\/media\/205258"}],"wp:attachment":[{"href":"https:\/\/www.europesays.com\/fr\/wp-json\/wp\/v2\/media?parent=205257"}],"wp:term":[{"taxonomy":"category","embeddable":true,"href":"https:\/\/www.europesays.com\/fr\/wp-json\/wp\/v2\/categories?post=205257"},{"taxonomy":"post_tag","embeddable":true,"href":"https:\/\/www.europesays.com\/fr\/wp-json\/wp\/v2\/tags?post=205257"}],"curies":[{"name":"wp","href":"https:\/\/api.w.org\/{rel}","templated":true}]}}