{"id":205267,"date":"2025-06-26T07:45:12","date_gmt":"2025-06-26T07:45:12","guid":{"rendered":"https:\/\/www.europesays.com\/fr\/205267\/"},"modified":"2025-06-26T07:45:12","modified_gmt":"2025-06-26T07:45:12","slug":"cote-dor-maitresse-de-conferences-a-dijon-elle-sort-un-livre-sur-sex-and-the-city","status":"publish","type":"post","link":"https:\/\/www.europesays.com\/fr\/205267\/","title":{"rendered":"C\u00f4te-d\u2019Or. Ma\u00eetresse de conf\u00e9rences \u00e0 Dijon, elle sort un livre sur \u00ab\u00a0Sex and the City\u00a0\u00bb"},"content":{"rendered":"<p>Du jamais vu. Le 18\u00a0octobre 2000, en France, une petite r\u00e9volution d\u00e9barque sur nos \u00e9crans de t\u00e9l\u00e9vision. Quatre femmes, quatre h\u00e9ro\u00efnes \u2013 Carrie Bradshaw et ses copines \u2013 parlent de leur sexualit\u00e9 et de leurs d\u00e9sirs dans chacun des \u00e9pisodes de la s\u00e9rie Sex and the City, diffus\u00e9e pour la premi\u00e8re fois aux \u00c9tats-Unis en 1998. Avant-gardiste et profond\u00e9ment f\u00e9ministe pour l\u2019\u00e9poque, cet objet t\u00e9l\u00e9visuel suscite d\u2019abord aux \u00c9tats-Unis une vague de critiques, parfois violentes et souvent teint\u00e9es de misogynie, avant d\u2019interpeller, quelques ann\u00e9es plus tard, les chercheuses am\u00e9ricaines.<\/p>\n<p>  Dix mois pour \u00e9crire l\u2019ouvrage<\/p>\n<p>Si en France, la s\u00e9rie est plut\u00f4t bien re\u00e7ue d\u00e8s le d\u00e9but, c\u2019est bien plus tard qu\u2019elle est devenue un objet de recherche dans nos universit\u00e9s. Vingt-cinq ans apr\u00e8s la premi\u00e8re diffusion en France de cette s\u00e9rie culte, Audrey Haensler, ma\u00eetresse de conf\u00e9rences en civilisation am\u00e9ricaine \u00e0 l\u2019universit\u00e9 Bourgogne Europe \u00e0 Dijon, publie l\u2019ouvrage Long live Sex and the City, h\u00e9ritages de la s\u00e9rie culte, aux \u00e9ditions Cherche-midi.<\/p>\n<p>La chercheuse de 33 ans avait d\u00e9j\u00e0 \u00e9crit quelques articles de recherches sur la s\u00e9rie, sous le prisme du f\u00e9minisme, notamment sur le reboot (qu\u2019on pourrait traduire par le red\u00e9marrage d\u2019une s\u00e9rie) de Sex and the City, sorti en 2021.<\/p>\n<p>\u00ab\u00a0C\u2019est une \u00e9ditrice qui est venue me chercher pour faire un bouquin sur ce sujet. J\u2019ai mis environ dix mois \u00e0 l\u2019\u00e9crire.\u00a0\u00bb<\/p>\n<p>  La s\u00e9rie qui bouscule\u00a0les injonctions faites aux femmes<\/p>\n<p>En quoi cette s\u00e9rie \u00e9tait-elle en avance sur son temps\u00a0au moment de sa diffusion\u00a0? \u00ab\u00a0Elle est avant-gardiste sur les questions de sexualit\u00e9. La revendication de sa sexualit\u00e9 et la red\u00e9couverte du corps arrivent dix, quinze ans apr\u00e8s Sex and the city. Donner autant de temps d\u2019antenne \u00e0 quatre h\u00e9ro\u00efnes qui parlent entre elles de sexe, en 1998 c\u2019\u00e9tait r\u00e9volutionnaire.\u00a0\u00bb Pour les adolescentes de l\u2019\u00e9poque, la s\u00e9rie a m\u00eame pu s\u2019apparenter \u00e0 un cours d\u2019\u00e9ducation sexuelle : nommer les actes et les parties du corps. Mais aussi comprendre que la sexualit\u00e9 peut \u00eatre un sujet l\u00e9ger dont on peut parler avec ses amies \u00ab\u00a0pour en avoir une approche s\u00e9curisante et sereine. Par exemple, de savoir qu\u2019on a le droit de refuser certains actes\u00a0\u00bb, ajoute Audrey Haensler.<\/p>\n<p>Au-del\u00e0 de la sexualit\u00e9, la s\u00e9rie a s\u00e9rieusement bouscul\u00e9 les injonctions faites aux femmes, sur la maternit\u00e9, le couple, en distillant des \u00ab\u00a0propositions de vies alternatives\u00a0\u00bb, selon l\u2019enseignante. Notamment en pla\u00e7ant l\u2019amiti\u00e9 au c\u0153ur des vies de ces quatre h\u00e9ro\u00efnes.<\/p>\n<p>  \u00ab\u00a0C\u2019est Sex and the City qui a ouvert\u00a0la voie\u00a0\u00bb<\/p>\n<p>Si le message f\u00e9ministe est novateur pour l\u2019\u00e9poque, la s\u00e9rie a essuy\u00e9 et essuie encore de nombreuses critiques\u00a0: sur son manque de diversit\u00e9 raciale et ethnique, ainsi que sur ses repr\u00e9sentations caricaturales des minorit\u00e9s sexuelles. Mais \u00e9galement sur l\u2019origine sociale des quatre h\u00e9ro\u00efnes. \u00ab\u00a0C\u2019est n\u00e9cessaire d\u2019avoir ce regard aujourd\u2019hui, critiquer ne veut pas dire qu\u2019il faut mettre la s\u00e9rie \u00e0 la poubelle. Il faut prendre en compte l\u2019\u00e9poque. En 1998, ce sont les balbutiements de la repr\u00e9sentation LGBT, c\u2019est seulement un an apr\u00e8s le premier coming out d\u2019envergure \u00e0 la t\u00e9l\u00e9vision\u00a0: celui d\u2019Ellen DeGeneres dans sa sitcom Ellen, qui a men\u00e9 \u00e0 l\u2019annulation de la s\u00e9rie. Le fait de les repr\u00e9senter est tout de m\u00eame une avanc\u00e9e.\u00a0\u00bb<\/p>\n<p>Surtout, Audrey Haensler en est persuad\u00e9e\u00a0: sans cette s\u00e9rie pionni\u00e8re, il n\u2019y aurait pas autant de personnages f\u00e9minins aujourd\u2019hui, \u00ab\u00a0des anti-h\u00e9ro\u00efnes parfois aga\u00e7antes et complexes, qui ne sont pas parfaites, comme  Fleabag  par exemple. C\u2019est Sex and the City qui a ouvert la voie.\u00a0\u00bb Pour que la voix des femmes soit (mieux) entendue.<\/p>\n<p class=\"note\">Sex and the City, h\u00e9ritages de la s\u00e9rie culte, Le Cherche-midi. Tarif\u00a0: 20\u00a0\u20ac.<\/p>\n","protected":false},"excerpt":{"rendered":"Du jamais vu. Le 18\u00a0octobre 2000, en France, une petite r\u00e9volution d\u00e9barque sur nos \u00e9crans de t\u00e9l\u00e9vision. Quatre&hellip;\n","protected":false},"author":2,"featured_media":205268,"comment_status":"","ping_status":"","sticky":false,"template":"","format":"standard","meta":{"footnotes":""},"categories":[1359],"tags":[1687,2930,8587,58,8588,1057,4854,59,107,1011,27,2410,973,104,2205],"class_list":{"0":"post-205267","1":"post","2":"type-post","3":"status-publish","4":"format-standard","5":"has-post-thumbnail","7":"category-people","8":"tag-culture-loisirs","9":"tag-dijon","10":"tag-dijon-ville","11":"tag-divertissement","12":"tag-edition-dijon-et-son-agglomeration","13":"tag-education","14":"tag-enseignement-superieur","15":"tag-entertainment","16":"tag-fil-info","17":"tag-fr","18":"tag-france","19":"tag-livres-bd","20":"tag-people","21":"tag-societe","22":"tag-television-medias"},"share_on_mastodon":{"url":"https:\/\/pubeurope.com\/@fr\/114748556886417253","error":""},"_links":{"self":[{"href":"https:\/\/www.europesays.com\/fr\/wp-json\/wp\/v2\/posts\/205267","targetHints":{"allow":["GET"]}}],"collection":[{"href":"https:\/\/www.europesays.com\/fr\/wp-json\/wp\/v2\/posts"}],"about":[{"href":"https:\/\/www.europesays.com\/fr\/wp-json\/wp\/v2\/types\/post"}],"author":[{"embeddable":true,"href":"https:\/\/www.europesays.com\/fr\/wp-json\/wp\/v2\/users\/2"}],"replies":[{"embeddable":true,"href":"https:\/\/www.europesays.com\/fr\/wp-json\/wp\/v2\/comments?post=205267"}],"version-history":[{"count":0,"href":"https:\/\/www.europesays.com\/fr\/wp-json\/wp\/v2\/posts\/205267\/revisions"}],"wp:featuredmedia":[{"embeddable":true,"href":"https:\/\/www.europesays.com\/fr\/wp-json\/wp\/v2\/media\/205268"}],"wp:attachment":[{"href":"https:\/\/www.europesays.com\/fr\/wp-json\/wp\/v2\/media?parent=205267"}],"wp:term":[{"taxonomy":"category","embeddable":true,"href":"https:\/\/www.europesays.com\/fr\/wp-json\/wp\/v2\/categories?post=205267"},{"taxonomy":"post_tag","embeddable":true,"href":"https:\/\/www.europesays.com\/fr\/wp-json\/wp\/v2\/tags?post=205267"}],"curies":[{"name":"wp","href":"https:\/\/api.w.org\/{rel}","templated":true}]}}