{"id":205269,"date":"2025-06-26T07:46:10","date_gmt":"2025-06-26T07:46:10","guid":{"rendered":"https:\/\/www.europesays.com\/fr\/205269\/"},"modified":"2025-06-26T07:46:10","modified_gmt":"2025-06-26T07:46:10","slug":"sur-les-traces-de-cezanne-a-aix-en-provence-latelier-des-lauves","status":"publish","type":"post","link":"https:\/\/www.europesays.com\/fr\/205269\/","title":{"rendered":"Sur les traces de Cezanne \u00e0 Aix-en-Provence\u00a0: l&rsquo;atelier des Lauves"},"content":{"rendered":"<p>En 1899, Paul Cezanne est oblig\u00e9 de vendre, \u00e0 regret, la propri\u00e9t\u00e9 familiale du Jas de Bouffan qu&rsquo;il poss\u00e8de en indivision avec ses deux s\u0153urs, Marie et Rose. Il loue alors un petit appartement, rue Boulegon, dans le centre d&rsquo;Aix-en-Provence. \u00ab\u00a0En novembre\u00a01901, raconte Michel Fraisset, le directeur de l&rsquo;Office de tourisme, il d\u00e9cide d&rsquo;acheter une chasse, un terrain aux portes de la ville, avec une petite ferme, un cabanon et tout autour des arbres fruitiers, des amandiers, du bl\u00e9 et quelques pieds de vigne.\u00a0\u00bb<\/p>\n<p>Le peintre fait d\u00e9molir la ferme et dessine lui-m\u00eame les plans de <a href=\"https:\/\/www.franceinfo.fr\/culture\/arts-expos\/peinture\/dans-les-pas-de-paul-cezanne-au-pied-de-la-montagne-sainte-victoire_3287203.html\" rel=\"nofollow noopener\" target=\"_blank\">l&rsquo;atelier de ses r\u00eaves, \u00e0 la campagne, sur la colline des Lauves<\/a>. Il s&rsquo;en r\u00e9jouit aupr\u00e8s de son marchand d&rsquo;art, Ambroise Vollard. Les travaux s&rsquo;ach\u00e8vent \u00e0 l&rsquo;automne\u00a01902. Le peintre \u00e9crit alors \u00e0 sa ni\u00e8ce\u00a0: \u00ab\u00a0La petite Marie a nettoy\u00e9 mon atelier qui est termin\u00e9 et o\u00f9 je m\u2019installe peu \u00e0 peu.\u00a0\u00bb<\/p>\n<p>    <img decoding=\"async\" class=\"cms-media-image lazyload\" alt=\"L'atelier des Lauves de Paul Cezanne \u00e0 Aix-en-Provence, en juin\u00a02018, tel qu'on pouvait le visiter avant les travaux de restauration conduits en 2025. (VALERIE GAGET\u00a0\/\u00a0FRANCEINFO CULTURE)\" width=\"720\" height=\"546.15288999378\" data- src=\"https:\/\/www.europesays.com\/fr\/wp-content\/uploads\/2025\/06\/ateliercezannegaget-6839b01f2abb4169766330.jpg\"\/><\/p>\n<p>      L&rsquo;atelier des Lauves de Paul Cezanne \u00e0 Aix-en-Provence, en juin\u00a02018, tel qu&rsquo;on pouvait le visiter avant les travaux de restauration conduits en 2025. (VALERIE GAGET\u00a0\/\u00a0FRANCEINFO CULTURE)<\/p>\n<p>Cezanne y transporte de multiples objets r\u00e9cup\u00e9r\u00e9s au Jas de Bouffan, notamment ceux dont il se sert pour peindre ses natures mortes\u00a0: des jarres, des bouteilles, un angelot, des cr\u00e2nes repr\u00e9sentant la fragilit\u00e9 de la vie humaine pour les vanit\u00e9s. Durant les quatre derni\u00e8res ann\u00e9es de sa vie, de 1902 \u00e0 1906, il accueille dans ce cadre intime quelques historiens et th\u00e9oriciens de l&rsquo;art.<\/p>\n<p>Le jeune peintre \u00c9mile Bernard y s\u00e9journera un mois, devenant un pr\u00e9cieux t\u00e9moin de son travail. Le peintre, pas aussi sauvage que l&rsquo;on a bien voulu le dire, lui ouvre g\u00e9n\u00e9reusement les portes de son atelier et l&rsquo;installe au rez-de-chauss\u00e9e de sa maison. \u00ab\u00a0Il d\u00e9crit sa palette, le temps qui lui est n\u00e9cessaire pour peindre, le quotidien de l&rsquo;artiste \u00e0 l&rsquo;int\u00e9rieur de ce lieu tr\u00e8s simple\u00a0\u00bb, explique Michel Fraisset.<\/p>\n<p>    <img decoding=\"async\" class=\"cms-media-image lazyload\" alt=\"Objets se trouvant dans l'atelier des Lauves du peintre Paul Cezanne, \u00e0 Aix-en-Provence. (VALERIE GAGET\u00a0\/\u00a0FRANCEINFO CULTURE)\" width=\"720\" height=\"512.64705882353\" data- src=\"https:\/\/www.europesays.com\/fr\/wp-content\/uploads\/2025\/06\/ateliercezanneobjets-6839b36e21e69776056868.jpg\"\/><\/p>\n<p>      Objets se trouvant dans l&rsquo;atelier des Lauves du peintre Paul Cezanne, \u00e0 Aix-en-Provence. (VALERIE GAGET\u00a0\/\u00a0FRANCEINFO CULTURE)<\/p>\n<p>\u00ab\u00a0\u00c0 l&rsquo;origine, il voulait probablement y vivre puisqu&rsquo;il y a une salle \u00e0 manger, une chambre et l&#8217;emplacement d&rsquo;une petite cuisine, poursuit le directeur de l&rsquo;Office de tourisme, mais il n&rsquo;y a pas assez de place pour l&rsquo;homme, trop pour l&rsquo;artiste. Le rez-de-chauss\u00e9e est envahi de toiles entrepos\u00e9es les unes sur les autres.\u00a0\u00bb<\/p>\n<p>Il existe une photo \u00e9mouvante de Paul Cezanne sur le perron de sa maison des Lauves. Souriant, une chaise \u00e0 la main, il porte son traditionnel chapeau melon, un habit sombre sur une chemise blanche. Sa canne de marcheur, \u00e0 bout ferr\u00e9, est appuy\u00e9e contre la porte et un grand livre repose sur une marche. Ce clich\u00e9, authentifi\u00e9 par Michel Fraisset en 2005, est vite devenu iconique. Il a \u00e9t\u00e9 pris le 13\u00a0avril\u00a01906 par Gertrude Osthaus, l&rsquo;\u00e9pouse d&rsquo;un collectionneur allemand venu lui acheter deux \u0153uvres. C&rsquo;est la derni\u00e8re photo connue de Paul Cezanne.<\/p>\n<p>    <img decoding=\"async\" class=\"cms-media-image lazyload\" alt=\"Paul Cezanne devant son atelier des Lauves, \u00e0 Aix-en-Provence, photographi\u00e9 par Gertrude Osthaus, en avril\u00a01906. (BILDARCHIV MALBURG ALLEMAGNE)\" width=\"720\" height=\"956.52561247216\" data- src=\"https:\/\/www.europesays.com\/fr\/wp-content\/uploads\/2025\/06\/1906-paul-cezanne-foto-von-gertrud-osthaus-683efdee0c839331900138.jpg\"\/><\/p>\n<p>      Paul Cezanne devant son atelier des Lauves, \u00e0 Aix-en-Provence, photographi\u00e9 par Gertrude Osthaus, en avril\u00a01906. (BILDARCHIV MALBURG ALLEMAGNE)<\/p>\n<p>Apr\u00e8s sa mort, dans la nuit du 22 au 23\u00a0octobre\u00a01906, l&rsquo;atelier restera ferm\u00e9 pendant quinze\u00a0ans, pratiquement \u00e0 l&rsquo;abandon. En 1921, Marcel Provence, \u00ab\u00a0un fou de Cezanne\u00a0\u00bb, selon les mots de Michel Fraisset, rach\u00e8te la maison au fils du peintre, lui aussi pr\u00e9nomm\u00e9 Paul, pour 9\u00a0000\u00a0francs (1\u00a0372\u00a0euros).<\/p>\n<p>Cet \u00e9rudit, passionn\u00e9 d&rsquo;art et de patrimoine, s&rsquo;installe au rez-de-chauss\u00e9e et laisse, comme un sanctuaire, l&rsquo;\u00e9tage tel qu&rsquo;il l&rsquo;a trouv\u00e9. Les admirateurs de Cezanne lui doivent beaucoup. \u00ab\u00a0C&rsquo;est le passeur\u00a0\u00bb, salue Michel Fraisset. Celui qui a permis que l&rsquo;on voie l&rsquo;atelier tel qu&rsquo;il \u00e9tait. Tout est l\u00e0.\u00a0\u00bb Il accueille, poursuit-il, les amis et \u00ab\u00a0les premiers p\u00e8lerins de Cezanne\u00a0\u00bb.<\/p>\n<p>Marcel Provence d\u00e9c\u00e8de en 1951 sans h\u00e9ritier direct. Ses fr\u00e8res et s\u0153urs veulent vendre la propri\u00e9t\u00e9 aux promoteurs les plus g\u00e9n\u00e9reux. James Lord, un ami am\u00e9ricain de Picasso, pr\u00e9vient son compatriote John Rewald. Cet historien de l&rsquo;art, d&rsquo;origine allemande, parvient \u00e0 convaincre 114\u00a0m\u00e9c\u00e8nes am\u00e9ricains r\u00e9unis dans le Cezanne Memorial Committee de financer le rachat de la propri\u00e9t\u00e9 qu&rsquo;ils offrent ensuite \u00e0 l&rsquo;Universit\u00e9 d&rsquo;Aix-Marseille. En juillet\u00a01954, l&rsquo;atelier devient un mini-mus\u00e9e ouvert au public. Puis l&rsquo;universit\u00e9 c\u00e8de \u00e0 son tour sa propri\u00e9t\u00e9 \u00e0 la ville d&rsquo;Aix-en-Provence qui l&rsquo;acqui\u00e8re en 1969 pour un franc symbolique.<\/p>\n<p>Responsable de l&rsquo;atelier des Lauves depuis 1997, Michel Fraisset a supervis\u00e9 les travaux conduits par David Kirchthaler, ing\u00e9nieur du patrimoine. Fin mars\u00a02024, une centaine d&rsquo;objets pr\u00e9sents dans l&rsquo;atelier du premier \u00e9tage a \u00e9t\u00e9 enlev\u00e9e pour \u00eatre restaur\u00e9e par des sp\u00e9cialistes. Tous seront bien s\u00fbr remis en place avant le 28\u00a0juin, jour de l&rsquo;ouverture du parcours <a href=\"https:\/\/cezanne2025.com\/sites-de-cezanne\/\" target=\"_blank\" rel=\"noopener nofollow\">Cezanne 2025<\/a>. Des analyses pour dater certaines pi\u00e8ces, notamment les cr\u00e2nes, ont \u00e9t\u00e9 men\u00e9es par <a href=\"https:\/\/www.franceinfo.fr\/culture\/arts-expos\/les-zombis-sont-parmi-nous-l-anthropologue-philippe-charlier-nous-dit-tout-de-ce-phenomene-en-haiti-a-l-occasion-de-l-exposition-du-musee-du-quai-branly_6829619.html\" rel=\"nofollow noopener\" target=\"_blank\">Philippe Charlier, expert en arch\u00e9ologie historique<\/a>. L&rsquo;atelier a retrouv\u00e9 ses couleurs originelles sans perdre son \u00e2me. Les murs et les pl\u00e2tres ont \u00e9t\u00e9 nettoy\u00e9s, les nombreuses fissures bouch\u00e9es, pour un budget total estim\u00e9 \u00e0 pr\u00e8s de 3\u00a0millions\u00a0d&rsquo;euros.<\/p>\n<p>    <img decoding=\"async\" class=\"cms-media-image lazyload\" alt=\"La maison atelier de Paul Cezanne \u00e0 Aix-en-Provence pendant les travaux de restauration, en mars\u00a02025. (VALERIE GAGET\u00a0\/\u00a0FRANCEINFO CULTURE)\" width=\"720\" height=\"593.70453813968\" data- src=\"https:\/\/www.europesays.com\/fr\/wp-content\/uploads\/2025\/06\/maison-lauves-683f25344791c101177644.jpg\"\/><\/p>\n<p>      La maison atelier de Paul Cezanne \u00e0 Aix-en-Provence pendant les travaux de restauration, en mars\u00a02025. (VALERIE GAGET\u00a0\/\u00a0FRANCEINFO CULTURE)<\/p>\n<p>Entreprise d\u00e9but 2025, la restauration du b\u00e2ti a r\u00e9serv\u00e9 de mauvaises surprises. Il a notamment fallu renforcer toute la fa\u00e7ade nord de la maison. Michel Fraisset assure que \u00ab\u00a0le b\u00e2timent est d\u00e9sormais enti\u00e8rement sain\u00a0\u00bb. La ville d&rsquo;Aix-en-Provence a rachet\u00e9 l&rsquo;ancienne propri\u00e9t\u00e9 de S\u00e9raphin Girard, voisin et ami de Cezanne, situ\u00e9e juste au-dessus de l&rsquo;atelier des Lauves. La billetterie et la boutique y ont \u00e9t\u00e9 transf\u00e9r\u00e9es et une passerelle a \u00e9t\u00e9 install\u00e9e entre les deux propri\u00e9t\u00e9s pour permettre aux visiteurs de rejoindre l&rsquo;atelier de Cezanne en traversant le jardin, encore plant\u00e9 d&rsquo;esp\u00e8ces qu&rsquo;il a connues.<\/p>\n<p>Toutes les visites seront guid\u00e9es. Dans un premier temps, seul l&rsquo;atelier de Cezanne, \u00e0 l&rsquo;\u00e9tage, sera ouvert au public, avec sa grande verri\u00e8re et la fente qu&rsquo;il avait fait percer dans la fa\u00e7ade pour sortir ses tr\u00e8s grandes toiles. Gr\u00e2ce aux travaux, la jauge passe de 19 \u00e0 38\u00a0visiteurs en simultan\u00e9. Pendant la fermeture hivernale, l&rsquo;escalier et le rez-de-chauss\u00e9e seront \u00e0 leur tour restaur\u00e9s. Un espace mus\u00e9ographique consacr\u00e9 aux quatre derni\u00e8res ann\u00e9es de la vie de l&rsquo;artiste sera cr\u00e9\u00e9, en lieu et place de l&rsquo;ancienne boutique. Il abritera notamment les objets les plus fragiles\u00a0: les lettres de Cezanne, ses n\u0153uds papillon, ses boutons de manchettes et son fameux chapeau melon. Pour retrouver l&rsquo;intimit\u00e9 de Cezanne, comme s&rsquo;il n&rsquo;\u00e9tait jamais parti.<\/p>\n<p><strong>Atelier des Lauves, <\/strong><strong>13\u00a0avenue Paul Cezanne, Aix-en-Provence<\/strong><br \/><strong>Ouvert tous les jours de 9h \u00e0 19h du 28\u00a0juin au 30\u00a0septembre\u00a02025 et de 10h \u00e0 17h30 du<\/strong><strong> 1er\u00a0octobre au 2\u00a0novembre\u00a02025.<br \/>Tarifs : 9,5\u00a0euros pour les adultes, 7,5\u00a0euros pour les enfants de 13 \u00e0 17\u00a0ans et les \u00e9tudiants de 18 \u00e0 25\u00a0ans.<\/strong><br \/><strong>R\u00e9servations et informations sur le <a href=\"https:\/\/cezanne2025.com\/sites-de-cezanne\/atelier-des-lauves\/\" target=\"_blank\" rel=\"noopener nofollow\">site cezanne2025.com<\/a><\/strong><\/p>\n","protected":false},"excerpt":{"rendered":"En 1899, Paul Cezanne est oblig\u00e9 de vendre, \u00e0 regret, la propri\u00e9t\u00e9 familiale du Jas de Bouffan qu&rsquo;il&hellip;\n","protected":false},"author":2,"featured_media":205270,"comment_status":"","ping_status":"","sticky":false,"template":"","format":"standard","meta":{"footnotes":""},"categories":[1358],"tags":[1348,1384,1385,1386,58,59,1011,27],"class_list":{"0":"post-205269","1":"post","2":"type-post","3":"status-publish","4":"format-standard","5":"has-post-thumbnail","7":"category-arts-et-design","8":"tag-arts","9":"tag-arts-and-design","10":"tag-arts-et-design","11":"tag-design","12":"tag-divertissement","13":"tag-entertainment","14":"tag-fr","15":"tag-france"},"share_on_mastodon":{"url":"https:\/\/pubeurope.com\/@fr\/114748560828611573","error":""},"_links":{"self":[{"href":"https:\/\/www.europesays.com\/fr\/wp-json\/wp\/v2\/posts\/205269","targetHints":{"allow":["GET"]}}],"collection":[{"href":"https:\/\/www.europesays.com\/fr\/wp-json\/wp\/v2\/posts"}],"about":[{"href":"https:\/\/www.europesays.com\/fr\/wp-json\/wp\/v2\/types\/post"}],"author":[{"embeddable":true,"href":"https:\/\/www.europesays.com\/fr\/wp-json\/wp\/v2\/users\/2"}],"replies":[{"embeddable":true,"href":"https:\/\/www.europesays.com\/fr\/wp-json\/wp\/v2\/comments?post=205269"}],"version-history":[{"count":0,"href":"https:\/\/www.europesays.com\/fr\/wp-json\/wp\/v2\/posts\/205269\/revisions"}],"wp:featuredmedia":[{"embeddable":true,"href":"https:\/\/www.europesays.com\/fr\/wp-json\/wp\/v2\/media\/205270"}],"wp:attachment":[{"href":"https:\/\/www.europesays.com\/fr\/wp-json\/wp\/v2\/media?parent=205269"}],"wp:term":[{"taxonomy":"category","embeddable":true,"href":"https:\/\/www.europesays.com\/fr\/wp-json\/wp\/v2\/categories?post=205269"},{"taxonomy":"post_tag","embeddable":true,"href":"https:\/\/www.europesays.com\/fr\/wp-json\/wp\/v2\/tags?post=205269"}],"curies":[{"name":"wp","href":"https:\/\/api.w.org\/{rel}","templated":true}]}}