{"id":205277,"date":"2025-06-26T07:50:16","date_gmt":"2025-06-26T07:50:16","guid":{"rendered":"https:\/\/www.europesays.com\/fr\/205277\/"},"modified":"2025-06-26T07:50:16","modified_gmt":"2025-06-26T07:50:16","slug":"amelie-et-la-metaphysique-des-tubes-dapres-amelie-nothomb-ou-comment-je-suis-nee-japonaise","status":"publish","type":"post","link":"https:\/\/www.europesays.com\/fr\/205277\/","title":{"rendered":"\u00abAm\u00e9lie et la m\u00e9taphysique des tubes\u00bb, d\u2019apr\u00e8s Am\u00e9lie Nothomb, ou comment je suis n\u00e9e Japonaise"},"content":{"rendered":"<p>    Publi\u00e9 le 25 juin 2025 \u00e0 16:47. \/ Modifi\u00e9 le 25 juin 2025 \u00e0 20:30.<\/p>\n<p> 2 min. de lecture<\/p>\n<p>Les films d\u2019animation s\u00e9lectionn\u00e9s \u00e0 Cannes sont rares et le m\u00e9ritent g\u00e9n\u00e9ralement. Celui-ci a \u00e9galement obtenu le Prix du public au Festival international d\u2019Annecy, et c\u2019est donc en toute confiance qu\u2019on peut aller le d\u00e9couvrir. Am\u00e9lie et la m\u00e9taphysique des tubes est un film d\u2019apparence enfantine, mais qui a de quoi enchanter tout autant, sinon plus, les adultes. Ne s\u2019agit-il pas d\u2019une adaptation du best-seller \u00e9ponyme d\u2019Am\u00e9lie Nothomb, paru en 2000? Eh bien m\u00eame pour ceux qui auraient depuis d\u00e9velopp\u00e9 une forme d\u2019allergie \u00e0 cette autrice ou son personnage public, ce sera l\u2019occasion de le reconsid\u00e9rer, tant cet alliage r\u00e9ussi avec une autre forme artistique tient du petit miracle.<\/p>\n<p>En dessin anim\u00e9, avec un style volontairement na\u00eff, m\u00eame une voix litt\u00e9raire pseudo-enfantine devient une \u00e9vidence. Et pourtant, Am\u00e9lie Nothomb raconte l\u00e0 ses \u00absouvenirs\u00bb d\u2019avant ses 3\u00a0ans! Le d\u00e9but est effectivement \u00abm\u00e9taphysique\u00bb puisqu\u2019elle s\u2019y voit tour \u00e0 tour comme Dieu, un simple tube, une plante ou un b\u00e9b\u00e9 enferm\u00e9 dans sa bulle. Autour d\u2019elle s\u2019activent ses parents belges \u00e9tablis au Japon, un fr\u00e8re et une s\u0153ur a\u00een\u00e9s. Et puis un certain jour d\u2019ao\u00fbt 1969, \u00e0 l\u2019\u00e2ge de 2\u00a0ans et demi, c\u2019est le miracle d\u2019une deuxi\u00e8me naissance, qui r\u00e9unit tremblement de terre, r\u00e9v\u00e9lation du chocolat blanc et acc\u00e8s \u00e0 la parole. Autrement dit, si le nombrilisme et la pr\u00e9tention guettent, l\u2019humour \u00e0 base d\u2019autod\u00e9rision \u2013 cette autre grande sp\u00e9cialit\u00e9 belge \u2013 n\u2019est pas totalement absent.<\/p>\n","protected":false},"excerpt":{"rendered":"Publi\u00e9 le 25 juin 2025 \u00e0 16:47. \/ Modifi\u00e9 le 25 juin 2025 \u00e0 20:30. 2 min. de&hellip;\n","protected":false},"author":2,"featured_media":205278,"comment_status":"","ping_status":"","sticky":false,"template":"","format":"standard","meta":{"footnotes":""},"categories":[1354],"tags":[650,58,59,1346,1011,27,1360,301],"class_list":{"0":"post-205277","1":"post","2":"type-post","3":"status-publish","4":"format-standard","5":"has-post-thumbnail","7":"category-films","8":"tag-cinema","9":"tag-divertissement","10":"tag-entertainment","11":"tag-films","12":"tag-fr","13":"tag-france","14":"tag-movies","15":"tag-premium"},"share_on_mastodon":{"url":"https:\/\/pubeurope.com\/@fr\/114748576541182309","error":""},"_links":{"self":[{"href":"https:\/\/www.europesays.com\/fr\/wp-json\/wp\/v2\/posts\/205277","targetHints":{"allow":["GET"]}}],"collection":[{"href":"https:\/\/www.europesays.com\/fr\/wp-json\/wp\/v2\/posts"}],"about":[{"href":"https:\/\/www.europesays.com\/fr\/wp-json\/wp\/v2\/types\/post"}],"author":[{"embeddable":true,"href":"https:\/\/www.europesays.com\/fr\/wp-json\/wp\/v2\/users\/2"}],"replies":[{"embeddable":true,"href":"https:\/\/www.europesays.com\/fr\/wp-json\/wp\/v2\/comments?post=205277"}],"version-history":[{"count":0,"href":"https:\/\/www.europesays.com\/fr\/wp-json\/wp\/v2\/posts\/205277\/revisions"}],"wp:featuredmedia":[{"embeddable":true,"href":"https:\/\/www.europesays.com\/fr\/wp-json\/wp\/v2\/media\/205278"}],"wp:attachment":[{"href":"https:\/\/www.europesays.com\/fr\/wp-json\/wp\/v2\/media?parent=205277"}],"wp:term":[{"taxonomy":"category","embeddable":true,"href":"https:\/\/www.europesays.com\/fr\/wp-json\/wp\/v2\/categories?post=205277"},{"taxonomy":"post_tag","embeddable":true,"href":"https:\/\/www.europesays.com\/fr\/wp-json\/wp\/v2\/tags?post=205277"}],"curies":[{"name":"wp","href":"https:\/\/api.w.org\/{rel}","templated":true}]}}