{"id":205279,"date":"2025-06-26T07:51:10","date_gmt":"2025-06-26T07:51:10","guid":{"rendered":"https:\/\/www.europesays.com\/fr\/205279\/"},"modified":"2025-06-26T07:51:10","modified_gmt":"2025-06-26T07:51:10","slug":"voici-les-signes-qui-precederaient-les-troubles-de-memoire","status":"publish","type":"post","link":"https:\/\/www.europesays.com\/fr\/205279\/","title":{"rendered":"voici les signes qui pr\u00e9c\u00e9deraient les troubles de m\u00e9moire"},"content":{"rendered":"<p>Des difficult\u00e9s \u00e0 distinguer les saveurs d\u2019un plat, des bruits vous paraissent soudainement diff\u00e9rents, un \u00e9quilibre moins stable\u2026 Ces changements, que beaucoup attribuent au vieillissement normal, pourraient en r\u00e9alit\u00e9 \u00eatre les premiers signaux d&rsquo;alarme de troubles cognitifs.<\/p>\n<p>Selon une \u00e9tude conduite par des chercheurs de la Public Health Wales (anciennement Universit\u00e9 de Swansea au Pays de Galle) et de l&rsquo;Universit\u00e9 Charles de Prague (Tch\u00e9quie), ces modifications sensorielles pourraient appara\u00eetre bien avant que les troubles de m\u00e9moire ne se manifestent.<\/p>\n<p>Comme le souligne le Dr Emma Richards, du Centre de recherche sur le vieillissement et la d\u00e9mence \u00e0 la Public Health Wales, \u00ab\u00a0de nombreux patients rapportent avoir v\u00e9cu ces changements des ann\u00e9es avant de recevoir un diagnostic, mais ces sympt\u00f4mes peuvent \u00eatre n\u00e9glig\u00e9s lors des \u00e9valuations cognitives standard\u00a0\u00bb.<\/p>\n<p><strong>Les signaux d&rsquo;alerte m\u00e9connus<\/strong><\/p>\n<p>Pour les auteurs, qui pr\u00e9sentent leurs observations dans l\u2019ouvrage A New Approach to Dementia &#8211; Examining Sensory and Perceptual Impairment (Une nouvelle approche de la d\u00e9mence &#8211; Examen des d\u00e9ficiences sensorielles et perceptives), ces premiers sympt\u00f4mes touchent l&rsquo;ensemble de nos sens et peuvent se manifester de diff\u00e9rentes fa\u00e7ons. La vision peut \u00eatre affect\u00e9e, rendant plus difficile l&rsquo;interpr\u00e9tation des informations visuelles ou la navigation dans des environnements pourtant familiers.<\/p>\n<p>L&rsquo;audition aussi subit des modifications, particuli\u00e8rement dans le traitement des sons dans un environnement bruyant, ce qui peut compliquer les conversations dans un restaurant anim\u00e9 ou lors d&rsquo;une r\u00e9union de famille.<\/p>\n<p>L&rsquo;odorat et le go\u00fbt peuvent \u00e9galement s&rsquo;alt\u00e9rer, transformant l&rsquo;exp\u00e9rience des repas. Le toucher n&rsquo;est pas \u00e9pargn\u00e9, avec des changements dans la sensibilit\u00e9 tactile qui peuvent affecter les gestes du quotidien. M\u00eame l&rsquo;\u00e9quilibre peut \u00eatre perturb\u00e9, cr\u00e9ant une sensation d&rsquo;instabilit\u00e9 qui d\u00e9passe les simples effets du vieillissement.<\/p>\n<p>  <strong>Changer l\u2019approche diagnostic<\/strong><\/p>\n<p>Cette nouvelle compr\u00e9hension pourrait transformer la fa\u00e7on de d\u00e9tecter et d\u2019accompagner les troubles cognitifs. Pour le Pr Jan Kreml\u00e1\u010dek, sp\u00e9cialiste en \u00e9valuation neurophysiologique, \u00e0 l&rsquo;Universit\u00e9 Charles de Prague, \u00ab\u00a0\u00e9largir l&rsquo;approche diagnostique au-del\u00e0 des tests de m\u00e9moire ouvre la possibilit\u00e9 d&rsquo;identifier la d\u00e9mence \u00e0 des stades pr\u00e9cliniques, quand les th\u00e9rapies et les modifications du mode de vie peuvent \u00eatre les plus efficaces\u00a0\u00bb.<\/p>\n<p class=\"note\">Source\u00a0: https:\/\/www.taylorfrancis.com\/books\/edit\/10.4324\/9781003464136\/new-approach-dementia-andrea-tales-emma-richards-jan-kremlacek<\/p>\n","protected":false},"excerpt":{"rendered":"Des difficult\u00e9s \u00e0 distinguer les saveurs d\u2019un plat, des bruits vous paraissent soudainement diff\u00e9rents, un \u00e9quilibre moins stable\u2026&hellip;\n","protected":false},"author":2,"featured_media":205280,"comment_status":"","ping_status":"","sticky":false,"template":"","format":"standard","meta":{"footnotes":""},"categories":[10],"tags":[107,1011,27,72,1031,5362,71],"class_list":{"0":"post-205279","1":"post","2":"type-post","3":"status-publish","4":"format-standard","5":"has-post-thumbnail","7":"category-sante","8":"tag-fil-info","9":"tag-fr","10":"tag-france","11":"tag-health","12":"tag-magazine","13":"tag-magazine-sante","14":"tag-sante"},"share_on_mastodon":{"url":"https:\/\/pubeurope.com\/@fr\/114748580479024981","error":""},"_links":{"self":[{"href":"https:\/\/www.europesays.com\/fr\/wp-json\/wp\/v2\/posts\/205279","targetHints":{"allow":["GET"]}}],"collection":[{"href":"https:\/\/www.europesays.com\/fr\/wp-json\/wp\/v2\/posts"}],"about":[{"href":"https:\/\/www.europesays.com\/fr\/wp-json\/wp\/v2\/types\/post"}],"author":[{"embeddable":true,"href":"https:\/\/www.europesays.com\/fr\/wp-json\/wp\/v2\/users\/2"}],"replies":[{"embeddable":true,"href":"https:\/\/www.europesays.com\/fr\/wp-json\/wp\/v2\/comments?post=205279"}],"version-history":[{"count":0,"href":"https:\/\/www.europesays.com\/fr\/wp-json\/wp\/v2\/posts\/205279\/revisions"}],"wp:featuredmedia":[{"embeddable":true,"href":"https:\/\/www.europesays.com\/fr\/wp-json\/wp\/v2\/media\/205280"}],"wp:attachment":[{"href":"https:\/\/www.europesays.com\/fr\/wp-json\/wp\/v2\/media?parent=205279"}],"wp:term":[{"taxonomy":"category","embeddable":true,"href":"https:\/\/www.europesays.com\/fr\/wp-json\/wp\/v2\/categories?post=205279"},{"taxonomy":"post_tag","embeddable":true,"href":"https:\/\/www.europesays.com\/fr\/wp-json\/wp\/v2\/tags?post=205279"}],"curies":[{"name":"wp","href":"https:\/\/api.w.org\/{rel}","templated":true}]}}