{"id":205301,"date":"2025-06-26T08:03:10","date_gmt":"2025-06-26T08:03:10","guid":{"rendered":"https:\/\/www.europesays.com\/fr\/205301\/"},"modified":"2025-06-26T08:03:10","modified_gmt":"2025-06-26T08:03:10","slug":"les-squats-de-places-ca-ne-peut-plus-durer-les-riverains-de-ce-parking-toulonnais-ne-peuvent-plus-sy-garer-et-sont-en-colere","status":"publish","type":"post","link":"https:\/\/www.europesays.com\/fr\/205301\/","title":{"rendered":"\u00ab\u00a0Les squats de places, \u00e7a ne peut plus durer\u00a0\u00bb: les riverains de ce parking toulonnais ne peuvent plus s&rsquo;y garer et sont en col\u00e8re"},"content":{"rendered":"<p>Les habitants de l\u2019immeuble Clemenceau sont remont\u00e9s. Leurs places de parking sont r\u00e9guli\u00e8rement \u00ab\u00a0squatt\u00e9es\u00a0\u00bb par des gens ext\u00e9rieurs, <strong>venus chercher des emplacements gratuits pour leurs v\u00e9hicules \u00e0 la journ\u00e9e<\/strong>. Ils se sont donc organis\u00e9s en groupement de locataires et demandent \u00e0 leur bailleur Toulon Habitat M\u00e9diterran\u00e9e (THM) d\u2019agir.<\/p>\n<p>Le torchon br\u00fble entre les habitants et les \u00ab\u00a0automobilistes de passage\u00a0\u00bb. Avec le bailleur aussi. <strong>Le parking de 300 places environ, dont 70 sont r\u00e9serv\u00e9es aux locataires de l\u2019immeuble Le Clemenceau, est quotidiennement occup\u00e9 par des v\u00e9hicules ext\u00e9rieurs \u00e0 la r\u00e9sidence.<\/strong> C\u2019est celui qui longe l\u2019avenue Commandant Marchand et se poursuit en hauteur.<\/p>\n<p><strong>Collectif locataires en col\u00e8re<\/strong><\/p>\n<p>\u00ab\u00a0Cela dure depuis plus d\u2019un an. Nous, les locataires, nous retrouvons \u00e0 ne plus pouvoir nous garer alors que beaucoup d\u2019emplacements nous sont r\u00e9serv\u00e9s. Parfois, des personnes sont oblig\u00e9es de rester dans leur voiture un bon moment le soir pour esp\u00e9rer qu\u2019une place se lib\u00e8re\u00a0\u00bb, expliquent C\u00e9line et Sylvain, deux des porte-parole du groupement de locataires.<\/p>\n<p>Un collectif s\u2019est, en effet, form\u00e9 pour \u00ab\u00a0faire bouger les choses\u00a0\u00bb. \u00ab\u00a0Face \u00e0 cette inaction, certains locataires envisagent carr\u00e9ment de bloquer le parking afin de faire entendre leur voix. Les squats de places, \u00e7a ne peut plus durer!\u00a0\u00bb, ajoutent-ils.<\/p>\n<p>Car une borne r\u00e9tractable permettait de \u00ab\u00a0filtrer\u00a0\u00bb les entr\u00e9es. \u00ab\u00a0Mais elle a \u00e9t\u00e9 cass\u00e9e il y a des mois. Et pas remplac\u00e9e. R\u00e9sultat: tout le monde entre et sort\u00a0\u00bb, ajoutent deux autres habitantes, Mireille et Fran\u00e7oise.<\/p>\n<p><strong>Les locataires en col\u00e8re r\u00e9clament donc une r\u00e9union d\u2019urgence avec THM pour mettre \u00e0 plat les probl\u00e8mes.<\/strong> En attendant, ils ont distribu\u00e9 des invitations dans les bo\u00eetes aux lettres pour organiser une rencontre, ce dimanche, dans l\u2019optique de cr\u00e9er une association. Beaucoup y sont favorables. Chacun s\u2019exprimera et se prononcera.<\/p>\n<p>\u00a0\u00bb Pour ma part, je me bats uniquement pour les autres. Car je paye moi-m\u00eame un garage pour pouvoir stationner ma voiture. Mais je trouve ahurissant que les droits des locataires soient bafou\u00e9s\u00a0\u00bb, indique Sylvain.<\/p>\n<p><strong>\u00ab\u00a0Une solution: des arceaux\u00a0\u00bb<\/strong><\/p>\n<p>Tous plaident pour l\u2019installation de cam\u00e9ras de surveillance et d\u2019arceaux devant chaque place personnelle: \u00ab\u00a0C\u2019est le syst\u00e8me le moins cher et le plus pratique. Une barri\u00e8re \u00e0 l\u2019entr\u00e9e avec borne r\u00e9tractable, \u00e7a se casse trop facilement.\u00a0\u00bb Enfin, les locataires d\u00e9noncent la permanence de v\u00e9hicules \u00e9paves au fond du parking. \u00ab\u00a0Qui occupent de la place et ne sont pas retir\u00e9s malgr\u00e9 nos demandes r\u00e9p\u00e9t\u00e9es.\u00a0\u00bb<\/p>\n<p><strong>Toulon Habitat M\u00e9diterran\u00e9e a promis d\u2019intervenir mais rappelle que \u00ab\u00a0les places de parking ne sont pas express\u00e9ment pr\u00e9vues dans le bail sign\u00e9 par les locataires.\u00a0\u00bb<\/strong><\/p>\n<p>\u00ab\u00a0Nous avons r\u00e9par\u00e9 maintes fois la barri\u00e8re d\u2019entr\u00e9e avec sa borne r\u00e9tractable. Une nouvelle barri\u00e8re va \u00eatre install\u00e9e et une cam\u00e9ra de surveillance sera dispos\u00e9e au-dessus pour \u00e9viter tout acte de malveillance\u00a0\u00bb, r\u00e9pond THM.<\/p>\n<p>Quant \u00e0 l\u2019association Aval (Association varoise d\u2019action des locataires), elle assure rester en contact avec le bailleur. \u00ab\u00a0Mais il faut savoir que le terrain appartient \u00e0 la mairie qui en laisse la jouissance \u00e0 Toulon Habitat\u00a0\u00bb, commente Jacqueline Matheron, la pr\u00e9sidente. Mairie, bailleur et habitants vont donc devoir travailler ensemble.<\/p>\n","protected":false},"excerpt":{"rendered":"Les habitants de l\u2019immeuble Clemenceau sont remont\u00e9s. Leurs places de parking sont r\u00e9guli\u00e8rement \u00ab\u00a0squatt\u00e9es\u00a0\u00bb par des gens ext\u00e9rieurs,&hellip;\n","protected":false},"author":2,"featured_media":205302,"comment_status":"","ping_status":"","sticky":false,"template":"","format":"standard","meta":{"footnotes":""},"categories":[9619],"tags":[1111,11,1777,674,1011,27,12,882,25,2310,3366],"class_list":{"0":"post-205301","1":"post","2":"type-post","3":"status-publish","4":"format-standard","5":"has-post-thumbnail","7":"category-toulon","8":"tag-actu","9":"tag-actualites","10":"tag-eu","11":"tag-europe","12":"tag-fr","13":"tag-france","14":"tag-news","15":"tag-provence-alpes-cote-dazur","16":"tag-republique-francaise","17":"tag-toulon","18":"tag-vie-locale"},"share_on_mastodon":{"url":"https:\/\/pubeurope.com\/@fr\/114748627675922953","error":""},"_links":{"self":[{"href":"https:\/\/www.europesays.com\/fr\/wp-json\/wp\/v2\/posts\/205301","targetHints":{"allow":["GET"]}}],"collection":[{"href":"https:\/\/www.europesays.com\/fr\/wp-json\/wp\/v2\/posts"}],"about":[{"href":"https:\/\/www.europesays.com\/fr\/wp-json\/wp\/v2\/types\/post"}],"author":[{"embeddable":true,"href":"https:\/\/www.europesays.com\/fr\/wp-json\/wp\/v2\/users\/2"}],"replies":[{"embeddable":true,"href":"https:\/\/www.europesays.com\/fr\/wp-json\/wp\/v2\/comments?post=205301"}],"version-history":[{"count":0,"href":"https:\/\/www.europesays.com\/fr\/wp-json\/wp\/v2\/posts\/205301\/revisions"}],"wp:featuredmedia":[{"embeddable":true,"href":"https:\/\/www.europesays.com\/fr\/wp-json\/wp\/v2\/media\/205302"}],"wp:attachment":[{"href":"https:\/\/www.europesays.com\/fr\/wp-json\/wp\/v2\/media?parent=205301"}],"wp:term":[{"taxonomy":"category","embeddable":true,"href":"https:\/\/www.europesays.com\/fr\/wp-json\/wp\/v2\/categories?post=205301"},{"taxonomy":"post_tag","embeddable":true,"href":"https:\/\/www.europesays.com\/fr\/wp-json\/wp\/v2\/tags?post=205301"}],"curies":[{"name":"wp","href":"https:\/\/api.w.org\/{rel}","templated":true}]}}