{"id":20531,"date":"2025-04-12T20:34:08","date_gmt":"2025-04-12T20:34:08","guid":{"rendered":"https:\/\/www.europesays.com\/fr\/20531\/"},"modified":"2025-04-12T20:34:08","modified_gmt":"2025-04-12T20:34:08","slug":"quatre-entreprises-de-la-region-reviennent-dallemagne-la-tete-remplie","status":"publish","type":"post","link":"https:\/\/www.europesays.com\/fr\/20531\/","title":{"rendered":"Quatre entreprises de la r\u00e9gion reviennent d\u2019Allemagne la t\u00eate remplie"},"content":{"rendered":"<p><strong>ENTREPRENEURIAT. Gr\u00e2ce au Carrefour Qu\u00e9bec international (CQI), quatre entreprises de la r\u00e9gion ont pu participer \u00e0 la Hannover Messe, le plus grand salon mondial en technologies industrielles, qui s\u2019est tenu \u00e0 Munich du 31 mars au 4 avril.<\/strong><strong> C\u2019\u00e9tait une occasion en or pour ces entreprises de rencontrer d\u2019autres compagnies et de se tenir au courant des derni\u00e8res tendances technologiques. <\/strong><\/p>\n<p><img loading=\"lazy\" decoding=\"async\" class=\"wp-image-248127\" src=\"https:\/\/www.europesays.com\/fr\/wp-content\/uploads\/2025\/04\/Claude-Fournier.jpg\" alt=\"\" width=\"276\" height=\"186\"  \/>Le pr\u00e9sident-directeur g\u00e9n\u00e9ral de Sixpro, Claude Fournier. (Photo : Ghyslain Bergeron)<\/p>\n<p>Sixpro, Patio Drummond, Nexrun et Val M\u00e9tal ne sont que quatre des 19\u00a0entreprises qu\u00e9b\u00e9coises qui ont fait le voyage en Allemagne pour l\u2019annuel Hannover Messe. L\u2019entreprise Sixpro, situ\u00e9e \u00e0 Notre-Dame-du-Bon-Conseil, reconnaissant d\u2019avoir eu l\u2019opportunit\u00e9 de se rendre en Allemagne pour l\u2019\u00e9v\u00e9nement. \u00abC\u2019\u00e9tait une exp\u00e9rience tr\u00e8s pertinente, surtout sur le plan du r\u00e9seautage. Dans le contexte politique et \u00e9conomique actuel, l\u2019occasion \u00e9tait d\u2019autant plus strat\u00e9gique. J\u2019y ai rencontr\u00e9 des clients et fournisseurs potentiels, \u00e7a m\u2019a permis d\u2019\u00e9largir et de renforcer mon r\u00e9seau\u00bb, affirme le pr\u00e9sident-directeur g\u00e9n\u00e9ral de Sixpro, Claude Fournier.<\/p>\n<p><img loading=\"lazy\" decoding=\"async\" class=\"wp-image-248126\" src=\"https:\/\/www.europesays.com\/fr\/wp-content\/uploads\/2025\/04\/Hannover-Messe-2025-CQI-Michael-Proco-Eric-Ambra-et-Catherine-CQI.jpeg\" alt=\"\" width=\"165\" height=\"261\"\/>L\u2019analyste en intelligence d\u2019affaires chez Construction Proco, Michael Desgagn\u00e9. (Photo : Gracieuset\u00e9)<\/p>\n<p>Le sujet de l\u2019heure\u00a0: l\u2019intelligence artificielle. Une entreprise saguen\u00e9enne pourrait en tirer un grand b\u00e9n\u00e9fice\u00a0: \u00abDans un cas pr\u00e9cis, nous estimons gagner deux ans gr\u00e2ce \u00e0 la d\u00e9couverte d\u2019une technologie utilisant l\u2019IA. Un proc\u00e9d\u00e9 que nous n\u2019avions jamais vu ailleurs, malgr\u00e9 nos nombreuses recherches. Nous allons pouvoir l\u2019utiliser sans modification dans nos usines\u00bb, mentionne l\u2019analyste en intelligence d\u2019affaires chez Construction Proco, Michael Desgagn\u00e9.<\/p>\n<p>Au programme, les entreprises qu\u00e9b\u00e9coises ont pu participer \u00e0 la foire et tisser des liens importants avec des entreprises de partout dans le monde afin de continuer \u00e0 s\u2019am\u00e9liorer. L\u2019autre point fort du voyage fut la visite de l\u2019usine Volkswagen. Le b\u00e2timent, qui s\u2019\u00e9tend sur 6,5\u00a0km\u00b2, a permis aux Qu\u00e9b\u00e9cois de voir des voitures enti\u00e8res se faire construire par des robots. L\u2019un d\u2019entre eux est m\u00eame capable d\u2019installer un tableau de bord en seulement 30\u00a0secondes.<\/p>\n<p><img loading=\"lazy\" decoding=\"async\" class=\" wp-image-248128\" src=\"https:\/\/www.europesays.com\/fr\/wp-content\/uploads\/2025\/04\/Hannover-Messe-2025-CQI-Une-partie-de-la-delegation-durant-la-visite-Volkswagen-1600x900.jpeg\" alt=\"\" width=\"608\" height=\"342\"  \/>La d\u00e9l\u00e9gation qu\u00e9b\u00e9coise \u00e0 l\u2019usine Volkswagen. (Photo : Gracieuset\u00e9)<\/p>\n<p>La prochaine \u00e9tape pour les entreprises consiste \u00e0 appliquer les connaissances acquises pour poursuivre leur am\u00e9lioration. \u00abLes contacts sont \u00e9tablis, les id\u00e9es sont sem\u00e9es. Maintenant, nos entreprises peuvent b\u00e2tir de nouvelles strat\u00e9gies, explorer des collaborations et innover \u00e0 partir de leurs observations\u00bb, ajoute la directrice g\u00e9n\u00e9rale de CQI, Catherine Gervais. <strong>(AM)<\/strong><\/p>\n","protected":false},"excerpt":{"rendered":"ENTREPRENEURIAT. Gr\u00e2ce au Carrefour Qu\u00e9bec international (CQI), quatre entreprises de la r\u00e9gion ont pu participer \u00e0 la Hannover&hellip;\n","protected":false},"author":2,"featured_media":20532,"comment_status":"","ping_status":"","sticky":false,"template":"","format":"standard","meta":{"footnotes":""},"categories":[1587],"tags":[11,672,1804,574,7796,7797,7798,7799,7800,1805,1803,7801,6504,257,7802,313,7803,1777,674,6507,1801,7804,861,223,4662,6510,7805,7806,1897,12,7807,7808,7809,7810,7811,1802,7812,7813,7814,717,7815,7816],"class_list":{"0":"post-20531","1":"post","2":"type-post","3":"status-publish","4":"format-standard","5":"has-post-thumbnail","7":"category-allemagne","8":"tag-actualites","9":"tag-allemagne","10":"tag-bundesrepublik-deutschland","11":"tag-canada","12":"tag-carrefour-quebec-international","13":"tag-catherine-gervais","14":"tag-claude-fournier","15":"tag-construction-proco","16":"tag-cqi","17":"tag-de","18":"tag-deutschland","19":"tag-drummond","20":"tag-drummondville","21":"tag-entreprise","22":"tag-entreprise-quebecoise","23":"tag-entreprises","24":"tag-entreprises-quebecoises","25":"tag-eu","26":"tag-europe","27":"tag-express","28":"tag-germany","29":"tag-hannover-messe","30":"tag-ia","31":"tag-intelligence-artificielle","32":"tag-journal","33":"tag-journal-lexpress","34":"tag-lexpress","35":"tag-michael-desgagne","36":"tag-munich","37":"tag-news","38":"tag-nexrun","39":"tag-notre-dame-du-bon-conseil","40":"tag-patio-drummond","41":"tag-quebec","42":"tag-quebecois","43":"tag-republique-federale-dallemagne","44":"tag-reseautage","45":"tag-robots","46":"tag-sixpro","47":"tag-technologie","48":"tag-val-metal","49":"tag-volkswagen"},"share_on_mastodon":{"url":"","error":"Validation failed: Text character limit of 500 exceeded"},"_links":{"self":[{"href":"https:\/\/www.europesays.com\/fr\/wp-json\/wp\/v2\/posts\/20531","targetHints":{"allow":["GET"]}}],"collection":[{"href":"https:\/\/www.europesays.com\/fr\/wp-json\/wp\/v2\/posts"}],"about":[{"href":"https:\/\/www.europesays.com\/fr\/wp-json\/wp\/v2\/types\/post"}],"author":[{"embeddable":true,"href":"https:\/\/www.europesays.com\/fr\/wp-json\/wp\/v2\/users\/2"}],"replies":[{"embeddable":true,"href":"https:\/\/www.europesays.com\/fr\/wp-json\/wp\/v2\/comments?post=20531"}],"version-history":[{"count":0,"href":"https:\/\/www.europesays.com\/fr\/wp-json\/wp\/v2\/posts\/20531\/revisions"}],"wp:featuredmedia":[{"embeddable":true,"href":"https:\/\/www.europesays.com\/fr\/wp-json\/wp\/v2\/media\/20532"}],"wp:attachment":[{"href":"https:\/\/www.europesays.com\/fr\/wp-json\/wp\/v2\/media?parent=20531"}],"wp:term":[{"taxonomy":"category","embeddable":true,"href":"https:\/\/www.europesays.com\/fr\/wp-json\/wp\/v2\/categories?post=20531"},{"taxonomy":"post_tag","embeddable":true,"href":"https:\/\/www.europesays.com\/fr\/wp-json\/wp\/v2\/tags?post=20531"}],"curies":[{"name":"wp","href":"https:\/\/api.w.org\/{rel}","templated":true}]}}