{"id":205324,"date":"2025-06-26T08:15:12","date_gmt":"2025-06-26T08:15:12","guid":{"rendered":"https:\/\/www.europesays.com\/fr\/205324\/"},"modified":"2025-06-26T08:15:12","modified_gmt":"2025-06-26T08:15:12","slug":"ambiance-retro-pour-lapero-geant-de-la-rue-delille-ce-vendredi-a-nice","status":"publish","type":"post","link":"https:\/\/www.europesays.com\/fr\/205324\/","title":{"rendered":"Ambiance r\u00e9tro pour l\u2019ap\u00e9ro g\u00e9ant de la rue Delille ce vendredi \u00e0 Nice"},"content":{"rendered":"<p>Ambiance r\u00e9tro pour le nouvel ap\u00e9ro g\u00e9ant de la rue Delille \u00e0 Nice. Le rendez-vous mensuel des restaurateurs promet une ambiance r\u00e9tro demain, de 18h30\u00e0 minuit, avec des musiques des ann\u00e9es 80, 90 et 2000. Une programmation assur\u00e9e par DJ Jo D Track. Le dress code de la soir\u00e9e: r\u00e9tro flashy n\u00e9on.<\/p>\n<p>Des entr\u00e9es \u00e0 r\u00e9cup\u00e9rer chez les restaurateurs participants<\/p>\n<p>Les tickets sont au tarif unique de 15 euros et sont \u00e0 r\u00e9cup\u00e9rer dans les restaurants participants aux festivit\u00e9s: Hacienda, Kind &amp; co, Le Comptoir des fr\u00e8res, Eau de vie, La Table de Brice et Le Bar \u00e9ph\u00e9m\u00e8re. L\u2019entr\u00e9e inclut l\u2019acc\u00e8s \u00e0 un buffet fourni par ces m\u00eames restaurateurs. Les boissons ne sont, elles, pas incluses dans le tarif et sont propos\u00e9es \u00e0 partir de 4 euros.<\/p>\n","protected":false},"excerpt":{"rendered":"Ambiance r\u00e9tro pour le nouvel ap\u00e9ro g\u00e9ant de la rue Delille \u00e0 Nice. Le rendez-vous mensuel des restaurateurs&hellip;\n","protected":false},"author":2,"featured_media":205325,"comment_status":"","ping_status":"","sticky":false,"template":"","format":"standard","meta":{"footnotes":""},"categories":[2819],"tags":[1111,11,1777,674,1011,27,12,2401,882,25,3366],"class_list":{"0":"post-205324","1":"post","2":"type-post","3":"status-publish","4":"format-standard","5":"has-post-thumbnail","7":"category-nice","8":"tag-actu","9":"tag-actualites","10":"tag-eu","11":"tag-europe","12":"tag-fr","13":"tag-france","14":"tag-news","15":"tag-nice","16":"tag-provence-alpes-cote-dazur","17":"tag-republique-francaise","18":"tag-vie-locale"},"share_on_mastodon":{"url":"https:\/\/pubeurope.com\/@fr\/114748674825324553","error":""},"_links":{"self":[{"href":"https:\/\/www.europesays.com\/fr\/wp-json\/wp\/v2\/posts\/205324","targetHints":{"allow":["GET"]}}],"collection":[{"href":"https:\/\/www.europesays.com\/fr\/wp-json\/wp\/v2\/posts"}],"about":[{"href":"https:\/\/www.europesays.com\/fr\/wp-json\/wp\/v2\/types\/post"}],"author":[{"embeddable":true,"href":"https:\/\/www.europesays.com\/fr\/wp-json\/wp\/v2\/users\/2"}],"replies":[{"embeddable":true,"href":"https:\/\/www.europesays.com\/fr\/wp-json\/wp\/v2\/comments?post=205324"}],"version-history":[{"count":0,"href":"https:\/\/www.europesays.com\/fr\/wp-json\/wp\/v2\/posts\/205324\/revisions"}],"wp:featuredmedia":[{"embeddable":true,"href":"https:\/\/www.europesays.com\/fr\/wp-json\/wp\/v2\/media\/205325"}],"wp:attachment":[{"href":"https:\/\/www.europesays.com\/fr\/wp-json\/wp\/v2\/media?parent=205324"}],"wp:term":[{"taxonomy":"category","embeddable":true,"href":"https:\/\/www.europesays.com\/fr\/wp-json\/wp\/v2\/categories?post=205324"},{"taxonomy":"post_tag","embeddable":true,"href":"https:\/\/www.europesays.com\/fr\/wp-json\/wp\/v2\/tags?post=205324"}],"curies":[{"name":"wp","href":"https:\/\/api.w.org\/{rel}","templated":true}]}}