{"id":205349,"date":"2025-06-26T08:28:09","date_gmt":"2025-06-26T08:28:09","guid":{"rendered":"https:\/\/www.europesays.com\/fr\/205349\/"},"modified":"2025-06-26T08:28:09","modified_gmt":"2025-06-26T08:28:09","slug":"lyon-point-de-rencontres-pour-des-amenageurs-urbains-en-quete-de-joie","status":"publish","type":"post","link":"https:\/\/www.europesays.com\/fr\/205349\/","title":{"rendered":"Lyon, point de rencontres pour des am\u00e9nageurs urbains en qu\u00eate de joie"},"content":{"rendered":"<p>\nComme tous les trois ans, la famille des am\u00e9nageurs se r\u00e9unit et pose sur la table les grands sujets de l\u2019\u00e9poque. Plus de 1000 personnes sont ainsi attendues <strong>les 26 et 27 juin \u00e0 Lyon pour la 11e \u00e9dition des <a href=\"https:\/\/www.lemoniteur.fr\/article\/les-amenageurs-publics-s-immergent-dans-l-urbanisme-post-carbone.2212692\" rel=\"nofollow noopener\" target=\"_blank\">Entretiens de l\u2019Am\u00e9nagement <\/a><\/strong>o\u00f9 ils parleront habitat, sobri\u00e9t\u00e9 fonci\u00e8re, d\u00e9carbonation\u2026 des questions plut\u00f4t classiques en somme. Y compris celle de \u00abl\u2019urbanisme f\u00e9ministe\u00bb puisque la position des femmes dans la ville revient r\u00e9guli\u00e8rement dans le d\u00e9bat, depuis presque une d\u00e9cennie. Plus \u00e9nigmatique en revanche, <strong>le th\u00e8me \u00abr\u00e9enchanter\u00bb est inscrit au programme<\/strong>\u2026 R\u00e9enchanter, mais quoi ? Les projets d\u2019urbanisme, et donc les nouveaux quartiers produits par les soci\u00e9t\u00e9s d\u2019am\u00e9nagement ? Et plus g\u00e9n\u00e9ralement, le cadre de vie ?<\/p>\n<p>Doute existentiel<\/p>\n<p>\n\u00abNon, <strong>le sujet n\u2019est pas \u00a0\u00bbr\u00e9enchanter la ville\u00a0\u00bb, mais le m\u00e9tier d\u2019am\u00e9nageur<\/strong>, corrige Rapha\u00eblle Bernabei, la directrice g\u00e9n\u00e9rale adjointe de la soci\u00e9t\u00e9 publique locale (SPL) Marne-au-Bois (Val-de-Marne). Elle, qui a pilot\u00e9 ce groupe de travail avec Adrien Gros, directeur g\u00e9n\u00e9rale de la\u00a0 soci\u00e9t\u00e9 d\u2019\u00e9conomie mixte (SEM) Energies renouvelables de La Rochelle (Charente-Maritime) et Vincent Malfere, celui du groupe lyonnais SERL, pr\u00e9cise : \u00abnous souhaitions nous interroger sur <strong>ce qui aujourd\u2019hui, dans cette p\u00e9riode de pleine \u00e9bullition, donne sens \u00e0 notre action<\/strong>, sur ce que sont nos valeurs\u2026 Car nous nous retrouvons avec d<strong>e nouveaux enjeux : le d\u00e9fi climatique, \u00e9videmment, mais aussi la crise sociale <\/strong>et la n\u00e9cessit\u00e9 de recr\u00e9er du lien. Notre milieu doit aborder des questions qui ne se posaient pas il y a encore quelques ann\u00e9es comme, par exemple, l\u2019\u00e9conomie de ressources et donc le recyclage ou le circuit court. Ou encore la n\u00e9cessit\u00e9, pour respecter la trajectoire de l\u2019accord de Paris, de conserver 90% des b\u00e2timents existants, qui fait perdre tout sens au mod\u00e8le de l\u2019\u00e9talement urbain\u2026 \u00bb En plein doute existentiel, l&rsquo;am\u00e9nageur entend lui aussi &#8211; le mot est l\u00e2ch\u00e9 &#8211; se r\u00e9inventer.<\/p>\n<p>\n<strong>Ce mouvement d\u2019introspection appara\u00eet indispensable<\/strong> \u00e0 Eric Bazard qui, jusqu\u2019\u00e0 l\u2019ouverture des rencontres lyonnaises, <a href=\"https:\/\/www.lemoniteur.fr\/article\/eric-bazard-prend-la-tete-du-club-ville-amenagement.1947724\" rel=\"nofollow noopener\" target=\"_blank\">pr\u00e9side leur puissance organisatrice, le Club Ville Am\u00e9nagement<\/a>. Ce futur-ex patron des Entretiens, pass\u00e9 par de nombreuses villes et autant de projets, observe <strong>le d\u00e9samour dont souffre le secteur<\/strong> : \u00abau d\u00e9but des ann\u00e9es 2000, les \u00e9tudiants en urbanisme r\u00eavaient tous, une fois dipl\u00f4m\u00e9s, d\u2019\u00eatre embauch\u00e9s dans des soci\u00e9t\u00e9s comme la Samoa, en charge du projet de l\u2019Ile de Nantes, Lyon Confluence ou encore Euralille. <strong>Aujourd\u2019hui, les futurs professionnels nous voient comme des b\u00e9tonneurs<\/strong> et il est vrai que beaucoup d\u2019am\u00e9nageurs ont men\u00e9 des projets d\u2019extensions urbaines. Se poser cette question de l\u2019enchantement, c\u2019est aussi faire en sorte que ces nouvelles g\u00e9n\u00e9rations trouvent leurs marques dans nos m\u00e9tiers.\u00bb<\/p>\n<p>\u00abInjonctions contradictoires\u00bb<\/p>\n<p>\nLa r\u00e9flexion est louable mais <strong>sans r\u00e9ponses \u00e9videntes<\/strong>. Rapha\u00eblle Bernabei et Eric Bazard doivent bien admettre que les am\u00e9nageurs, mais aussi nombre d\u2019acteurs de la fabrique de la Ville, sont soumis \u00e0 des \u00abinjonctions contradictoires\u00bb. Comme l\u2019<strong>arbitrage entre \u00e9quilibre du bilan d\u2019op\u00e9ration et choix on\u00e9reux mais \u00e0 impact positif<\/strong> en mati\u00e8re sociale ou environnementale. Ou encore l<strong>e paradoxe du mode de r\u00e9mun\u00e9ration<\/strong> des intervenants qui, pour gagner plus, doivent construire plus. Eric Bazard se souvient : \u00ab j&rsquo;avais d\u00e9j\u00e0 cette discussion avec [l&rsquo;architecte, urbaniste et paysagiste, NDLR] Alexandre Chemetoff, il y a 15 ans, quand je travaillais \u00e0 Saint-Etienne. Lui dont l\u2019une des pr\u00e9occupations est la mesure me disait : \u00ab\u00a0Eric, ce n\u2019est quand m\u00eame pas normal, que j&rsquo;essaye de faire un projet \u00e0 l&rsquo;\u00e9conomie mais qu\u2019\u00e0 l\u2019arriv\u00e9e,<strong> plus j&rsquo;\u00e9conomise effectivement, moins je suis pay\u00e9 !<\/strong>\u00ab\u00a0\u00bb<\/p>\n<p>\nPour d\u00e9passer le constat et donner aux participants des raisons de se r\u00e9jouir, les Entretiens seront donc l\u2019occasion de partager de nouvelles pratiques, ou du moins <strong>des pistes, en mati\u00e8re de conception, de management ou encore de formation<\/strong>. \u00ab<a href=\"https:\/\/www.lemoniteur.fr\/article\/decouvrez-ces-nouveaux-metiers-de-l-immobilier.1940934\" rel=\"nofollow noopener\" target=\"_blank\">Nicolas D\u00e9trie, le directeur de Yes We Camp<\/a>, livrera notamment sa <strong>r\u00e9flexion sur des am\u00e9nagements\u00a0 progressifs<\/strong>, explique Rapha\u00eblle Bernabei. C\u2019est-\u00e0-dire des op\u00e9rations qui, au lieu \u2013 je sch\u00e9matise \u2013 de se fonder sur un diagnostic pr\u00e9alable pour \u00e9tablir un projet qui sera livr\u00e9 in fine, s\u2019autorisent \u00e0 d\u00e9marrer par une premi\u00e8re phase en se laissant la possibilit\u00e9, par la suite, de <strong>rediriger le projet, de le faire bifurquer voire d\u2019en abandonner des pan<\/strong>s en cours de route, et de <strong>faire, en tout cas, en fonctions des moyens disponibles \u00e0 temps T<\/strong>.\u00bb<\/p>\n<p>\nLes Entretiens permettront par ailleurs de se pencher sur ce que peut \u00eatre une <strong>culture d\u2019entreprise dans la ma\u00eetrise d\u2019ouvrage urbaine<\/strong>. \u00abNous balayerons <strong>le spectre des outils RSE qui peuvent \u00eatre mobilis\u00e9s<\/strong> mais surtout, nous voulons avoir les retours d\u2019exp\u00e9rience de soci\u00e9t\u00e9s qui ont mis en place des tels moyens, qu\u2019elles nous disent ce que \u00e7a a chang\u00e9 dans leurs pratiques, si cela a fonctionn\u00e9\u2026 ou bien si leur d\u00e9marche a finalement demand\u00e9 trop d\u2019efforts pour peu d\u2019effets.\u00bb<\/p>\n<p>\nEt puisque le Club Ville Am\u00e9nagement esp\u00e8re <strong>convaincre que s\u2019engager dans ce m\u00e9tier a du sens<\/strong>, et peut \u00eatre m\u00eame satisfaisant, Marie Jorio, qui dirige le mast\u00e8re Am\u00e9nagement et Ma\u00eetrise d\u2019Ouvrage urbaine (Amur) de l\u2019Ecole nationale des Ponts et Chauss\u00e9es, d\u00e9taillera comment a \u00e9volu\u00e9 cette formation. L\u2019\u00e9tablissement am\u00e8ne d\u00e9sormais ses \u00e9l\u00e8ves \u00e0 acqu\u00e9rir des comp\u00e9tences en mati\u00e8re d\u2019\u00e9cologie ou de dialogue citoyen. Pour mieux les pr\u00e9parer aux nouvelles mani\u00e8res de faire la ville. Mais surtout, pour leur donner envie de choisir cette fili\u00e8re.<\/p>\n","protected":false},"excerpt":{"rendered":"Comme tous les trois ans, la famille des am\u00e9nageurs se r\u00e9unit et pose sur la table les grands&hellip;\n","protected":false},"author":2,"featured_media":205350,"comment_status":"","ping_status":"","sticky":false,"template":"","format":"standard","meta":{"footnotes":""},"categories":[1889],"tags":[1111,11,9857,1350,2430,1777,674,1011,27,2428,12,25,2429,1352],"class_list":{"0":"post-205349","1":"post","2":"type-post","3":"status-publish","4":"format-standard","5":"has-post-thumbnail","7":"category-lyon","8":"tag-actu","9":"tag-actualites","10":"tag-amenagement","11":"tag-architecture","12":"tag-auvergne-rhone-alpes","13":"tag-eu","14":"tag-europe","15":"tag-fr","16":"tag-france","17":"tag-lyon","18":"tag-news","19":"tag-republique-francaise","20":"tag-rhone","21":"tag-urbanisme"},"share_on_mastodon":{"url":"https:\/\/pubeurope.com\/@fr\/114748725944932098","error":""},"_links":{"self":[{"href":"https:\/\/www.europesays.com\/fr\/wp-json\/wp\/v2\/posts\/205349","targetHints":{"allow":["GET"]}}],"collection":[{"href":"https:\/\/www.europesays.com\/fr\/wp-json\/wp\/v2\/posts"}],"about":[{"href":"https:\/\/www.europesays.com\/fr\/wp-json\/wp\/v2\/types\/post"}],"author":[{"embeddable":true,"href":"https:\/\/www.europesays.com\/fr\/wp-json\/wp\/v2\/users\/2"}],"replies":[{"embeddable":true,"href":"https:\/\/www.europesays.com\/fr\/wp-json\/wp\/v2\/comments?post=205349"}],"version-history":[{"count":0,"href":"https:\/\/www.europesays.com\/fr\/wp-json\/wp\/v2\/posts\/205349\/revisions"}],"wp:featuredmedia":[{"embeddable":true,"href":"https:\/\/www.europesays.com\/fr\/wp-json\/wp\/v2\/media\/205350"}],"wp:attachment":[{"href":"https:\/\/www.europesays.com\/fr\/wp-json\/wp\/v2\/media?parent=205349"}],"wp:term":[{"taxonomy":"category","embeddable":true,"href":"https:\/\/www.europesays.com\/fr\/wp-json\/wp\/v2\/categories?post=205349"},{"taxonomy":"post_tag","embeddable":true,"href":"https:\/\/www.europesays.com\/fr\/wp-json\/wp\/v2\/tags?post=205349"}],"curies":[{"name":"wp","href":"https:\/\/api.w.org\/{rel}","templated":true}]}}