{"id":205361,"date":"2025-06-26T08:35:10","date_gmt":"2025-06-26T08:35:10","guid":{"rendered":"https:\/\/www.europesays.com\/fr\/205361\/"},"modified":"2025-06-26T08:35:10","modified_gmt":"2025-06-26T08:35:10","slug":"pourquoi-leconomie-vacille-apres-trois-ans-de-guerre","status":"publish","type":"post","link":"https:\/\/www.europesays.com\/fr\/205361\/","title":{"rendered":"pourquoi l&rsquo;\u00e9conomie vacille apr\u00e8s trois ans de guerre"},"content":{"rendered":"<p>L&rsquo;\u00e9conomie russe s&rsquo;essouffle, trois\u00a0ans apr\u00e8s le d\u00e9but de la guerre en Ukraine.\u00a0Si\u00a0elle avait fait preuve en 2023 et 2024 d&rsquo;une r\u00e9silience inattendue face aux sanctions prises par les Occidentaux depuis 2022 &#8211; ann\u00e9e du d\u00e9but\u00a0de l&rsquo;offensive lanc\u00e9e par Moscou -, la conjoncture a chang\u00e9 depuis quelques mois. La croissance a ralenti au premier trimestre \u00e0 1,4 %, son niveau le plus faible depuis les trois premiers mois de 2023, selon des chiffres officiels, et les perspectives sont moins bonnes que l&rsquo;an pass\u00e9. Faisant ainsi pointer le risque de voir cette tendance s&rsquo;installer durablement.<\/p>\n<p>Vendredi, Vladimir Poutine a, d&rsquo;ailleurs, affirm\u00e9 que son pays ne devait \u00ab en aucun cas entrer en r\u00e9cession \u00bb, sur fond de ralentissement de l&rsquo;\u00e9conomie. \u00ab Certains sp\u00e9cialistes et experts pointent du doigt des risques d&rsquo;une stagnation et m\u00eame d&rsquo;une r\u00e9cession. Nous ne devons le permettre en aucun cas \u00bb, a d\u00e9clar\u00e9\u00a0le pr\u00e9sident russe, lors d&rsquo;un discours au forum \u00e9conomique de Saint-P\u00e9tersbourg. Croissance, inflation, d\u00e9ficit budg\u00e9taire, La Tribune\u00a0revient sur les indicateurs qui montrent un ralentissement de l&rsquo;\u00e9conomie russe.<\/p>\n","protected":false},"excerpt":{"rendered":"L&rsquo;\u00e9conomie russe s&rsquo;essouffle, trois\u00a0ans apr\u00e8s le d\u00e9but de la guerre en Ukraine.\u00a0Si\u00a0elle avait fait preuve en 2023 et&hellip;\n","protected":false},"author":2,"featured_media":205362,"comment_status":"","ping_status":"","sticky":false,"template":"","format":"standard","meta":{"footnotes":""},"categories":[1591],"tags":[17,11,1764,150,33,1887,30481,12,7555,1885,1886,132,1100,34419],"class_list":{"0":"post-205361","1":"post","2":"type-post","3":"status-publish","4":"format-standard","5":"has-post-thumbnail","7":"category-russie","8":"tag-17","9":"tag-actualites","10":"tag-ans","11":"tag-apres","12":"tag-economie","13":"tag-federation-de-russie","14":"tag-leconomie","15":"tag-news","16":"tag-pourquoi","17":"tag-russia","18":"tag-russian-federation","19":"tag-russie","20":"tag-trois","21":"tag-vacille"},"share_on_mastodon":{"url":"https:\/\/pubeurope.com\/@fr\/114748753788168782","error":""},"_links":{"self":[{"href":"https:\/\/www.europesays.com\/fr\/wp-json\/wp\/v2\/posts\/205361","targetHints":{"allow":["GET"]}}],"collection":[{"href":"https:\/\/www.europesays.com\/fr\/wp-json\/wp\/v2\/posts"}],"about":[{"href":"https:\/\/www.europesays.com\/fr\/wp-json\/wp\/v2\/types\/post"}],"author":[{"embeddable":true,"href":"https:\/\/www.europesays.com\/fr\/wp-json\/wp\/v2\/users\/2"}],"replies":[{"embeddable":true,"href":"https:\/\/www.europesays.com\/fr\/wp-json\/wp\/v2\/comments?post=205361"}],"version-history":[{"count":0,"href":"https:\/\/www.europesays.com\/fr\/wp-json\/wp\/v2\/posts\/205361\/revisions"}],"wp:featuredmedia":[{"embeddable":true,"href":"https:\/\/www.europesays.com\/fr\/wp-json\/wp\/v2\/media\/205362"}],"wp:attachment":[{"href":"https:\/\/www.europesays.com\/fr\/wp-json\/wp\/v2\/media?parent=205361"}],"wp:term":[{"taxonomy":"category","embeddable":true,"href":"https:\/\/www.europesays.com\/fr\/wp-json\/wp\/v2\/categories?post=205361"},{"taxonomy":"post_tag","embeddable":true,"href":"https:\/\/www.europesays.com\/fr\/wp-json\/wp\/v2\/tags?post=205361"}],"curies":[{"name":"wp","href":"https:\/\/api.w.org\/{rel}","templated":true}]}}