{"id":205363,"date":"2025-06-26T08:36:19","date_gmt":"2025-06-26T08:36:19","guid":{"rendered":"https:\/\/www.europesays.com\/fr\/205363\/"},"modified":"2025-06-26T08:36:19","modified_gmt":"2025-06-26T08:36:19","slug":"la-defense-au-coeur-des-discussions-dans-le-sillage-des-conflits-en-ukraine-et-au-moyen-orient","status":"publish","type":"post","link":"https:\/\/www.europesays.com\/fr\/205363\/","title":{"rendered":"la d\u00e9fense au c\u0153ur des discussions, dans le sillage des conflits en Ukraine et au Moyen-Orient"},"content":{"rendered":"<p>Les dirigeants europ\u00e9ens se retrouvent \u00e0 Bruxelles pour le Conseil europ\u00e9en ces 26 et 27 juin 2025. L\u2019ordre du jour est charg\u00e9 : la situation au Moyen-Orient, les migrations, l\u2019\u00e9largissement, la comp\u00e9titivit\u00e9. Mais aussi la guerre en Ukraine et plus largement, la s\u00e9curit\u00e9 europ\u00e9enne, dans le droit fil du sommet de l\u2019Otan qui s&rsquo;est tenu mercredi 25 juin \u00e0 La Haye.<\/p>\n<p>Avec notre envoy\u00e9e sp\u00e9ciale \u00e0 Bruxelles, <strong>Anastasia Becchio<\/strong><\/p>\n<p>Avant de prendre l\u2019avion \u00e0 La Haye pour gagner Bruxelles, le pr\u00e9sident lituanien a r\u00e9sum\u00e9 les choses en ces termes : \u00ab un vol court et des sujets \u00e9troitement li\u00e9s, la d\u00e9fense et l\u2019Ukraine \u00bb, a \u00e9crit Gitanas Nauseda sur X. Les dirigeants qui ont pris part au <a href=\"https:\/\/www.rfi.fr\/fr\/europe\/20250625-un-sommet-de-l-otan-\u00e9lectris\u00e9-par-trump-et-la-situation-internationale\" rel=\"nofollow noopener\" target=\"_blank\" data-ylk=\"slk:sommet de l\u2019Otan;elm:context_link;itc:0;sec:content-canvas\" class=\"link \"><strong>sommet de l\u2019Otan<\/strong><\/a> vont approfondir les discussions \u00e0 Bruxelles.<\/p>\n<p>R\u00e9ticent \u00e0 augmenter les d\u00e9penses militaires au niveau exig\u00e9 par <strong><a href=\"https:\/\/www.rfi.fr\/fr\/tag\/donald-trump\/\" class=\"link \" rel=\"nofollow noopener\" target=\"_blank\" data-ylk=\"slk:Donald Trump;elm:context_link;itc:0;sec:content-canvas\">Donald Trump<\/a><\/strong>, le Premier ministre espagnol esp\u00e8re qu\u2019il sera moins question de pourcentages, que de production commune et d\u2019interop\u00e9rabilit\u00e9, ce jeudi. Sous la menace russe, l\u2019Union europ\u00e9enne (UE) tente de s\u2019organiser en augmentant ses budgets militaires, avec pour objectif, l\u2019autonomie strat\u00e9gique. Les travaux de l&rsquo;apr\u00e8s-midi traiteront de ces enjeux de d\u00e9fense et de s\u00e9curit\u00e9 europ\u00e9enne.<\/p>\n<p><a href=\"https:\/\/www.rfi.fr\/fr\/europe\/20250626-conseil-europ%C3%A9en-la-d%C3%A9fense-au-c%C5%93ur-des-discussions-dans-le-sillage-des-conflits-en-ukraine-et-au-moyen-orient\" rel=\"nofollow noopener\" target=\"_blank\" data-ylk=\"slk:Lire la suite sur RFI;elm:context_link;itc:0;sec:content-canvas\" class=\"link \">Lire la suite sur RFI<\/a><\/p>\n","protected":false},"excerpt":{"rendered":"Les dirigeants europ\u00e9ens se retrouvent \u00e0 Bruxelles pour le Conseil europ\u00e9en ces 26 et 27 juin 2025. L\u2019ordre&hellip;\n","protected":false},"author":2,"featured_media":205364,"comment_status":"","ping_status":"","sticky":false,"template":"","format":"standard","meta":{"footnotes":""},"categories":[1590],"tags":[11,34421,2360,75,1777,674,34422,3257,12,34420,34130,220],"class_list":{"0":"post-205363","1":"post","2":"type-post","3":"status-publish","4":"format-standard","5":"has-post-thumbnail","7":"category-ukraine","8":"tag-actualites","9":"tag-anastasia-becchio","10":"tag-bruxelles","11":"tag-donald-trump","12":"tag-eu","13":"tag-europe","14":"tag-le-conseil-europeen","15":"tag-moyen-orient","16":"tag-news","17":"tag-securite-europeenne","18":"tag-sommet-de-lotan","19":"tag-ukraine"},"share_on_mastodon":{"url":"https:\/\/pubeurope.com\/@fr\/114748757569284418","error":""},"_links":{"self":[{"href":"https:\/\/www.europesays.com\/fr\/wp-json\/wp\/v2\/posts\/205363","targetHints":{"allow":["GET"]}}],"collection":[{"href":"https:\/\/www.europesays.com\/fr\/wp-json\/wp\/v2\/posts"}],"about":[{"href":"https:\/\/www.europesays.com\/fr\/wp-json\/wp\/v2\/types\/post"}],"author":[{"embeddable":true,"href":"https:\/\/www.europesays.com\/fr\/wp-json\/wp\/v2\/users\/2"}],"replies":[{"embeddable":true,"href":"https:\/\/www.europesays.com\/fr\/wp-json\/wp\/v2\/comments?post=205363"}],"version-history":[{"count":0,"href":"https:\/\/www.europesays.com\/fr\/wp-json\/wp\/v2\/posts\/205363\/revisions"}],"wp:featuredmedia":[{"embeddable":true,"href":"https:\/\/www.europesays.com\/fr\/wp-json\/wp\/v2\/media\/205364"}],"wp:attachment":[{"href":"https:\/\/www.europesays.com\/fr\/wp-json\/wp\/v2\/media?parent=205363"}],"wp:term":[{"taxonomy":"category","embeddable":true,"href":"https:\/\/www.europesays.com\/fr\/wp-json\/wp\/v2\/categories?post=205363"},{"taxonomy":"post_tag","embeddable":true,"href":"https:\/\/www.europesays.com\/fr\/wp-json\/wp\/v2\/tags?post=205363"}],"curies":[{"name":"wp","href":"https:\/\/api.w.org\/{rel}","templated":true}]}}