{"id":205365,"date":"2025-06-26T08:37:16","date_gmt":"2025-06-26T08:37:16","guid":{"rendered":"https:\/\/www.europesays.com\/fr\/205365\/"},"modified":"2025-06-26T08:37:16","modified_gmt":"2025-06-26T08:37:16","slug":"finalement-le-trump-phone-nest-pas-made-in-usa","status":"publish","type":"post","link":"https:\/\/www.europesays.com\/fr\/205365\/","title":{"rendered":"Finalement, le Trump Phone n&rsquo;est pas \u00ab Made in USA\u00a0\u00bb"},"content":{"rendered":"<p>La Trump Organization va commercialiser un smartphone aux couleurs du pr\u00e9sident am\u00e9ricain. Elle revendiquait initialement que son Trump Phone \u00e9tait fabriqu\u00e9 aux \u00c9tats-Unis. Mais ces derniers jours, son site Internet a arr\u00eat\u00e9 de le pr\u00e9tendre. Pour cause : il s\u2019agissait d\u2019un mensonge. <\/p>\n<p>Il y a 10 jours, la Trump Organization, entreprise de la famille de Donald Trump, <a href=\"https:\/\/www.numerama.com\/politique\/1992937-donald-trump-lance-le-trump-phone-et-le-forfait-trump-mobile.html\" rel=\"nofollow noopener\" target=\"_blank\">lan\u00e7ait le forfait mobile Trump Mobile et le smartphone Trump Phone<\/a>. Ce dernier est un t\u00e9l\u00e9phone vendu \u00e0 500 dollars et pr\u00e9tendument fabriqu\u00e9 aux \u00c9tats-Unis. Sauf qu\u2019<a href=\"https:\/\/www.numerama.com\/tech\/1993391-le-trump-phone-est-un-telephone-chinois.html\" rel=\"nofollow noopener\" target=\"_blank\">on a d\u00e9couvert qu\u2019il s\u2019agissait d\u2019un t\u00e9l\u00e9phone chinois modifi\u00e9<\/a>.<\/p>\n<p>Un argument de vente qui tombe \u00e0 l\u2019eau<\/p>\n<p>Comme l\u2019a fait remarquer <a target=\"_blank\" href=\"https:\/\/www.theverge.com\/gadgets\/693080\/trump-mobile-t1-phone-made-usa\" rel=\"nofollow noopener\">The Verge<\/a>, depuis quelques jours, le site de Trump Mobile (qui vend un forfait mobile et le t\u00e9l\u00e9phone) para\u00eet avoir supprim\u00e9 toute mention expliquant que le Trump Phone est fabriqu\u00e9 aux \u00c9tats-Unis. Le slogan a chang\u00e9 : il est \u00e9crit que le t\u00e9l\u00e9phone est \u00ab fi\u00e8rement am\u00e9ricain \u00bb.<\/p>\n<p><a href=\"https:\/\/www.numerama.com\/wp-content\/uploads\/2025\/06\/trump-phone-site-fabrication-scaled.jpg\" rel=\"nofollow noopener\" target=\"_blank\"><img decoding=\"async\" width=\"1024\" height=\"536\" loading=\"lazy\" alt=\"Le site de Trump Mobile ne revendique plus de fabrication am\u00e9ricaine \/\/ Source : Capture Numerama\" title=\"Le site de Trump Mobile ne revendique plus de fabrication am\u00e9ricaine \/\/ Source : Capture Numerama\" class=\"wp-image-1998933 placeholder-default wp-image\" src=\"https:\/\/www.europesays.com\/fr\/wp-content\/uploads\/2025\/06\/trump-phone-site-fabrication-1024x536.jpg\" \/><\/a>Le site de Trump Mobile ne revendique plus de fabrication am\u00e9ricaine \/\/ Source : Capture Numerama<\/p>\n<p>            <img decoding=\"async\" width=\"1024\" height=\"396\" loading=\"lazy\" alt=\"BIT BOX 3\" title=\"BIT BOX 3\" class=\"is-block placeholder-default wp-image\" src=\"https:\/\/www.europesays.com\/fr\/wp-content\/uploads\/2025\/06\/bit-box-3-1024x396.jpg\" \/>        <\/p>\n<p>\n                Vos donn\u00e9es m\u00e9ritent d\u2019\u00eatre mieux prot\u00e9g\u00e9es.            <\/p>\n<p>\n                Les escroqueries, les virus et les ransomwares ne sont plus une fatalit\u00e9. Prot\u00e9gez votre vie priv\u00e9e et vos donn\u00e9es personnelles avec Bitdefender et profitez de votre vie num\u00e9rique en toute s\u00e9r\u00e9nit\u00e9.            <\/p>\n<p>Trump Mobile explique dor\u00e9navant que son appareil \u00ab n\u2019est pas seulement puissant : il est n\u00e9 aux \u00c9tats-Unis. Avec des mains am\u00e9ricaines derri\u00e8re chaque appareil, nous apportons soin, pr\u00e9cision et qualit\u00e9 fiable \u00e0 chaque d\u00e9tail. \u00bb Au lieu d\u2019indiquer que le t\u00e9l\u00e9phone est fabriqu\u00e9 sur le territoire am\u00e9ricain, c\u2019est sa conception qui est am\u00e9ricaine.<\/p>\n<p><a href=\"https:\/\/www.numerama.com\/wp-content\/uploads\/2025\/06\/trump-mobile-t1-phone.jpg\" rel=\"nofollow noopener\" target=\"_blank\"><img decoding=\"async\" width=\"1024\" height=\"562\" loading=\"lazy\" alt=\"Le Trump T1 peut d\u00e9j\u00e0 \u00eatre pr\u00e9command\u00e9 \/\/ Source : Capture Numerama\" title=\"Le Trump T1 peut d\u00e9j\u00e0 \u00eatre pr\u00e9command\u00e9 \/\/ Source : Capture Numerama\" class=\"wp-image-1992979 placeholder-default wp-image\" src=\"https:\/\/www.europesays.com\/fr\/wp-content\/uploads\/2025\/06\/trump-mobile-t1-phone-1024x562.jpg\" \/><\/a>L\u2019ancienne version du site revendiquait une fabrication am\u00e9ricaine \/\/ Source : Capture Numerama<\/p>\n<p>The Verge ajoute que quelques d\u00e9tails techniques ont chang\u00e9 : l\u2019\u00e9cran est pass\u00e9 de 6,78 \u00e0 6,25 pouces. Le site indiquait que l\u2019appareil \u00e9tait dot\u00e9 de 12 Go de <a href=\"https:\/\/www.numerama.com\/tech\/730345-cest-quoi-la-ram.html\" rel=\"nofollow noopener\" target=\"_blank\">RAM<\/a> : l\u2019indication a disparu. Enfin, la date de sortie pourrait \u00eatre repouss\u00e9e : le site \u00e9crivait que le t\u00e9l\u00e9phone devait sortir en septembre ; d\u00e9sormais, ce sera \u00ab plus tard dans l\u2019ann\u00e9e \u00bb. L\u2019hypoth\u00e8se, c\u2019est que Trump Mobile ait chang\u00e9 de fournisseur pour son appareil. Pour le moment, la Trump Organization s\u2019est refus\u00e9e \u00e0 tout commentaire. Tout laisse penser que le produit n\u2019existe pas totalement. <\/p>\n<p>Ce qui est am\u00e9ricain dans le Trump Phone<\/p>\n<p>Le Trump Phone ne serait quasiment pas am\u00e9ricain. Les d\u00e9tails techniques sur le t\u00e9l\u00e9phone et sa pr\u00e9sentation sur le site Trump Mobile sugg\u00e8rent que seule sa conception est Made in USA. La fa\u00e7ade arri\u00e8re dor\u00e9e, qui arbore la mention \u00ab T1 \u00bb,ainsi que le drapeau am\u00e9ricain juste en dessous, viennent sans doute des \u00c9tats-Unis. Il y a aussi le fond d\u2019\u00e9cran de verrouillage aux couleurs de Trump Mobile, avec la mention \u00ab Make America Great Again \u00bb et le drapeau am\u00e9ricain. Mais le produit en lui-m\u00eame est probablement chinois. <\/p>\n<p><a href=\"https:\/\/www.numerama.com\/wp-content\/uploads\/2025\/06\/miniarama-2025-06-17t092915110.jpg\" rel=\"nofollow noopener\" target=\"_blank\"><img decoding=\"async\" width=\"1024\" height=\"576\" loading=\"lazy\" alt=\"Le Trump Phone est tr\u00e8s probablement fabriqu\u00e9 en Chine  \/\/ Source : Montage Numerama\" title=\"Le Trump Phone est tr\u00e8s probablement fabriqu\u00e9 en Chine  \/\/ Source : Montage Numerama\" class=\"wp-image-1993393 placeholder-default wp-image\" src=\"https:\/\/www.europesays.com\/fr\/wp-content\/uploads\/2025\/06\/miniarama-2025-06-17t092915110-1024x576.jpg\" \/><\/a>Le Trump Phone est tr\u00e8s probablement fabriqu\u00e9 en Chine  \/\/ Source : Montage Numerama<\/p>\n<p>Il est possible que le t\u00e9l\u00e9phone soit livr\u00e9 avec d\u2019autres fonds d\u2019\u00e9cran aux couleurs des \u00c9tats-Unis. Peut-\u00eatre que Trump Mobile a touch\u00e9 \u00e0 l\u2019interface pour y ajouter des touches dor\u00e9es, mais c\u2019est tout.<\/p>\n<p>            <img decoding=\"async\" src=\"https:\/\/www.europesays.com\/fr\/wp-content\/uploads\/2025\/04\/iPhone-16-pro.png\" alt=\"Toute l'actu tech en un clien d'oeil\"\/><\/p>\n<p class=\"card-install-pwa__title\">Toute l&rsquo;actu tech en un clin d&rsquo;\u0153il<\/p>\n<p class=\"card-install-pwa__description\">Ajoutez Numerama \u00e0 votre \u00e9cran d&rsquo;accueil et restez connect\u00e9s au futur !<\/p>\n<p>            <img decoding=\"async\" src=\"https:\/\/www.numerama.com\/wp-content\/themes\/numerama-next\/assets\/images\/premium\/logo-card-pwa-coupe.svg\" alt=\"Logo PWA\"\/><\/p>\n<p>       Installer Numerama<\/p>\n","protected":false},"excerpt":{"rendered":"La Trump Organization va commercialiser un smartphone aux couleurs du pr\u00e9sident am\u00e9ricain. Elle revendiquait initialement que son Trump&hellip;\n","protected":false},"author":2,"featured_media":205366,"comment_status":"","ping_status":"","sticky":false,"template":"","format":"standard","meta":{"footnotes":""},"categories":[1589],"tags":[11,75,73,1866,12,1864,1865,1863,308],"class_list":{"0":"post-205365","1":"post","2":"type-post","3":"status-publish","4":"format-standard","5":"has-post-thumbnail","7":"category-etats-unis","8":"tag-actualites","9":"tag-donald-trump","10":"tag-etats-unis","11":"tag-etats-unis-damerique","12":"tag-news","13":"tag-united-states","14":"tag-united-states-of-america","15":"tag-us","16":"tag-usa"},"share_on_mastodon":{"url":"https:\/\/pubeurope.com\/@fr\/114748761926704170","error":""},"_links":{"self":[{"href":"https:\/\/www.europesays.com\/fr\/wp-json\/wp\/v2\/posts\/205365","targetHints":{"allow":["GET"]}}],"collection":[{"href":"https:\/\/www.europesays.com\/fr\/wp-json\/wp\/v2\/posts"}],"about":[{"href":"https:\/\/www.europesays.com\/fr\/wp-json\/wp\/v2\/types\/post"}],"author":[{"embeddable":true,"href":"https:\/\/www.europesays.com\/fr\/wp-json\/wp\/v2\/users\/2"}],"replies":[{"embeddable":true,"href":"https:\/\/www.europesays.com\/fr\/wp-json\/wp\/v2\/comments?post=205365"}],"version-history":[{"count":0,"href":"https:\/\/www.europesays.com\/fr\/wp-json\/wp\/v2\/posts\/205365\/revisions"}],"wp:featuredmedia":[{"embeddable":true,"href":"https:\/\/www.europesays.com\/fr\/wp-json\/wp\/v2\/media\/205366"}],"wp:attachment":[{"href":"https:\/\/www.europesays.com\/fr\/wp-json\/wp\/v2\/media?parent=205365"}],"wp:term":[{"taxonomy":"category","embeddable":true,"href":"https:\/\/www.europesays.com\/fr\/wp-json\/wp\/v2\/categories?post=205365"},{"taxonomy":"post_tag","embeddable":true,"href":"https:\/\/www.europesays.com\/fr\/wp-json\/wp\/v2\/tags?post=205365"}],"curies":[{"name":"wp","href":"https:\/\/api.w.org\/{rel}","templated":true}]}}