{"id":205388,"date":"2025-06-26T08:50:10","date_gmt":"2025-06-26T08:50:10","guid":{"rendered":"https:\/\/www.europesays.com\/fr\/205388\/"},"modified":"2025-06-26T08:50:10","modified_gmt":"2025-06-26T08:50:10","slug":"pour-pouvoir-retourner-en-motogp-2025-jorge-martin-attend-toujours-lautorisation-du-medecin","status":"publish","type":"post","link":"https:\/\/www.europesays.com\/fr\/205388\/","title":{"rendered":"Pour pouvoir retourner en MotoGP 2025, Jorge Martin attend toujours l\u2019autorisation du m\u00e9decin"},"content":{"rendered":"<p>ARTA &#8211; Le coureur d\u2019Aprilia, Jorge Martin, est d\u00e9termin\u00e9 \u00e0 pouvoir retourner en MotoGP 2025 apr\u00e8s avoir subi une p\u00e9riode de r\u00e9cup\u00e9ration de blessures. Cependant, son d\u00e9sir n\u2019est toujours pas certain car il doit attendre l\u2019autorisation du m\u00e9decin.<\/p>\n<p>Tout au long de la saison 2025, l\u2019Espagnol s\u2019est plus retir\u00e9 en raison d\u2019une s\u00e9rie de cas de blessures. Il a particip\u00e9 aux essais de pr\u00e9-saison sur le circuit Sepang et a couru en MotoGP au Qatar.<\/p>\n<p>cependant, le champion en titre MotoGP a de nouveau subi un accident qui a entra\u00een\u00e9 une faille sur certains de ses os cass\u00e9s. Cette situation doit se distancier assez longtemps.<\/p>\n<p>, plus tard, des signes de retour de Martin ont \u00e9t\u00e9 vus lorsqu\u2019il \u00e9tait pr\u00e9sent \u00e0 un \u00e9v\u00e9nement sur le circuit de Misano, d\u00e9but juin 2025. Au cours de l\u2019\u00e9v\u00e9nement, il \u00e9tait en train de conduire une moto du produit Aprilia.<\/p>\n<p>Martin est revenu \u00e0 la course, le directeur sportif d\u2019Aprilia, Paolo Bonora, a expliqu\u00e9 sa situation au MotoGP en Italie le week-end dernier. Il a dit que Martin n\u2019attendait que l\u2019autorisation du m\u00e9decin pour retourner sur la piste.<\/p>\n<p>\u00bb Nous attendons que les m\u00e9decins d\u00e9clarent que Jorge est en bonne sant\u00e9. Apr\u00e8s cela, et gr\u00e2ce aux modifications r\u00e9glementaires que nous avons propos\u00e9es nous-m\u00eames, nous serons en mesure d\u2019organiser une journ\u00e9e d\u2019essai \u00bb, a d\u00e9clar\u00e9 Bonora \u00e0 Motor sport le jeudi 26 juin 2025.<\/p>\n<p>ilia a eu trois s\u00e9ances d\u2019essai du milieu de cette ann\u00e9e jusqu\u2019\u00e0 la fin de la saison. Du 30 au 31 juillet et du 11 au 12 ao\u00fbt 2025 sur le circuit de pri\u00e8re et du 29 au 30 octobre 2025 \u00e0 Jerez.<\/p>\n<p>an, avec le nouveau r\u00e8glement propos\u00e9 par Aprilia, Martin aurait des chances de subir des essais de moto lors de la deuxi\u00e8me semaine de juillet 2025. Martin devrait subir des essais sur le circuit de Misano les 8 ou 9 juillet 2025.<\/p>\n<p>ronyme : \u201cC&rsquo;est comme je l&rsquo;ai dit, nous tirerons parti du nouveau r\u00e8glement que nous proposons et pr\u00e9parerons un essai sp\u00e9cial sur une journ\u00e9e afin que Jorge puisse retourner au volant de la moto avant de retourner \u00e0 la course.\u201d<\/p>\n<p>\u00ab D\u00e8s que nous aurons re\u00e7u le feu vert du Dr Charte, nous allons chercher une date \u00bb, a d\u00e9clar\u00e9 Bonora.<\/p>\n<p>si le plan se d\u00e9roule sans heurts, Jorge Martin a une grande chance de retour au MotoGP de la R\u00e9publique de Ceska 2025 sur le circuit bud, du 18 au 20 juillet 2025, plut\u00f4t que dans le MotoGP allemand 2025 qui s\u2019est tenu auparavant.<\/p>\n<p>an, en particulier, le MotoGP allemand est consid\u00e9r\u00e9 comme un endroit moins id\u00e9al pour le retour de Martin apr\u00e8s une longue blessure.<\/p>\n<p>celi\u00e8re : la course du circuit du Sachsenring a une zone de chauffage dure et une disposition \u00e9troite et alambiqu\u00e9e.<\/p>\n<p>The English, Chinese, Japanese, Arabic, and French versions are automatically generated by the AI. So there may still be inaccuracies in translating, please always see Indonesian as our main language.<br \/>\n                                    (system supported by DigitalSiber.id)<\/p>\n","protected":false},"excerpt":{"rendered":"ARTA &#8211; Le coureur d\u2019Aprilia, Jorge Martin, est d\u00e9termin\u00e9 \u00e0 pouvoir retourner en MotoGP 2025 apr\u00e8s avoir subi&hellip;\n","protected":false},"author":2,"featured_media":205389,"comment_status":"","ping_status":"","sticky":false,"template":"","format":"standard","meta":{"footnotes":""},"categories":[1413],"tags":[5828,1011,27,1466,1457,1456,1458,34423,60],"class_list":{"0":"post-205388","1":"post","2":"type-post","3":"status-publish","4":"format-standard","5":"has-post-thumbnail","7":"category-moto","8":"tag-aprilia","9":"tag-fr","10":"tag-france","11":"tag-jorge-martin","12":"tag-moto","13":"tag-motocycle","14":"tag-motogp","15":"tag-motogp-2022","16":"tag-sports"},"share_on_mastodon":{"url":"https:\/\/pubeurope.com\/@fr\/114748812368846542","error":""},"_links":{"self":[{"href":"https:\/\/www.europesays.com\/fr\/wp-json\/wp\/v2\/posts\/205388","targetHints":{"allow":["GET"]}}],"collection":[{"href":"https:\/\/www.europesays.com\/fr\/wp-json\/wp\/v2\/posts"}],"about":[{"href":"https:\/\/www.europesays.com\/fr\/wp-json\/wp\/v2\/types\/post"}],"author":[{"embeddable":true,"href":"https:\/\/www.europesays.com\/fr\/wp-json\/wp\/v2\/users\/2"}],"replies":[{"embeddable":true,"href":"https:\/\/www.europesays.com\/fr\/wp-json\/wp\/v2\/comments?post=205388"}],"version-history":[{"count":0,"href":"https:\/\/www.europesays.com\/fr\/wp-json\/wp\/v2\/posts\/205388\/revisions"}],"wp:featuredmedia":[{"embeddable":true,"href":"https:\/\/www.europesays.com\/fr\/wp-json\/wp\/v2\/media\/205389"}],"wp:attachment":[{"href":"https:\/\/www.europesays.com\/fr\/wp-json\/wp\/v2\/media?parent=205388"}],"wp:term":[{"taxonomy":"category","embeddable":true,"href":"https:\/\/www.europesays.com\/fr\/wp-json\/wp\/v2\/categories?post=205388"},{"taxonomy":"post_tag","embeddable":true,"href":"https:\/\/www.europesays.com\/fr\/wp-json\/wp\/v2\/tags?post=205388"}],"curies":[{"name":"wp","href":"https:\/\/api.w.org\/{rel}","templated":true}]}}