{"id":205411,"date":"2025-06-26T09:02:08","date_gmt":"2025-06-26T09:02:08","guid":{"rendered":"https:\/\/www.europesays.com\/fr\/205411\/"},"modified":"2025-06-26T09:02:08","modified_gmt":"2025-06-26T09:02:08","slug":"mercato-deja-promu-a-france-inter-benjamin-duhamel-quitte-finalement-bfmtv","status":"publish","type":"post","link":"https:\/\/www.europesays.com\/fr\/205411\/","title":{"rendered":"Mercato\u00a0: d\u00e9j\u00e0 promu \u00e0 France Inter, Benjamin Duhamel quitte finalement BFMTV"},"content":{"rendered":"<p class=\"paragraph text_align_left lp-f-body-02\"><a href=\"https:\/\/www.leparisien.fr\/culture-loisirs\/tv\/lea-salame-prend-le-20-heures-de-france-2-et-quitte-la-matinale-de-france-inter-19-06-2025-EHS6ND3YDVHAPEOVGO2TGU5LI4.php\" target=\"_blank\" rel=\"noreferrer nofollow noopener\">L\u2019arriv\u00e9e de L\u00e9a Salam\u00e9 au 20 Heures de France 2<\/a> provoque des changements en cascades. Dans le service public d\u2019abord mais aussi \u00e0 BFMTV. Suite au d\u00e9part de la matinale de la journaliste, France Inter a d\u00fb se r\u00e9organiser. Selon nos informations, Benjamin Duhamel est appel\u00e9 \u00e0 prendre du galon le matin. <a href=\"https:\/\/www.leparisien.fr\/culture-loisirs\/tv\/benjamin-duhamel-rejoint-la-matinale-de-france-inter-mais-restera-aussi-sur-bfmtv-02-06-2025-KQRFO3CPMZHOFN25RLUWQZVPSI.php\" target=\"_blank\" rel=\"noreferrer nofollow noopener\">Recrut\u00e9 il y a moins de trois semaines pour reprendre l\u2019interview tr\u00e8s politique de 7h50<\/a> \u00e0 la rentr\u00e9e prochaine, le journaliste de 30 ans aura finalement un r\u00f4le \u00e9tendu dans la premi\u00e8re matinale de France.<\/p>\n<p class=\"paragraph text_align_left lp-f-body-02\">Une promotion qui complique son maintien \u00e0 BFMTV en termes de charge de travail. La direction de la cha\u00eene info s\u2019est pourtant battue pour garder son \u00e9toile montante, qui assure une tranche quotidienne de 19 heures \u00e0 20 heures, avec son \u00e9mission \u00ab Tout le monde veut savoir \u00bb. Elle avait notamment accept\u00e9 que Benjamin Duhamel puisse \u00eatre pr\u00e9sent sur les deux antennes la saison prochaine. Un cumul des mandats <a href=\"https:\/\/www.leparisien.fr\/culture-loisirs\/tv\/ce-nest-pas-possible-a-france-inter-larrivee-de-benjamin-duhamel-cree-des-remous-05-06-2025-GYO72D3YEVCLPAG2XN2O3YXQ6M.php\" target=\"_blank\" rel=\"noreferrer nofollow noopener\">mal vu \u00e0 Radio France<\/a>, o\u00f9 on lui a demand\u00e9 de \u00ab renoncer \u00e0 travailler \u00bb pour BFMTV, ce qu\u2019il a finalement accept\u00e9.<\/p>\n<p>\u00ab Il ne part pas f\u00e2ch\u00e9 de BFM \u00bb<\/p>\n<p class=\"paragraph text_align_left lp-f-body-02\">Benjamin Duhamel aurait \u00e9galement \u00e9t\u00e9 un brin agac\u00e9 de r\u00e9aliser que, tout en faisant tout pour le garder sur son antenne, la direction de la cha\u00eene info n\u00e9gociait en coulisses avec L\u00e9a Salam\u00e9 une tranche le concernant directement. <\/p>\n<p class=\"paragraph text_align_left lp-f-body-02\">Leur projet : <a href=\"https:\/\/www.leparisien.fr\/culture-loisirs\/tv\/elle-nen-dort-pas-la-nuit-bfmtv-ou-france-2-que-va-faire-lea-salame-a-la-rentree-14-06-2025-66RATZGD45BX5DWOMPX5DMF744.php\" target=\"_blank\" rel=\"noreferrer nofollow noopener\">confier \u00e0 celle-ci un talk-show quotidien pendant trois heures en fin de journ\u00e9e<\/a>, fa\u00e7on \u00ab Grand Journal \u00bb p\u00e9riode Michel Denisot. Bref, lui confier une case en partie occup\u00e9e aujourd\u2019hui par Benjamin Duhamel\u2026 \u00ab Il ne part pas f\u00e2ch\u00e9 de BFM. Il n\u2019y a pas de tension au sujet de Salam\u00e9 \u00bb, tient toutefois \u00e0 pr\u00e9ciser l\u2019un de ses ex-coll\u00e8gues.<\/p>\n","protected":false},"excerpt":{"rendered":"L\u2019arriv\u00e9e de L\u00e9a Salam\u00e9 au 20 Heures de France 2 provoque des changements en cascades. Dans le service&hellip;\n","protected":false},"author":2,"featured_media":205412,"comment_status":"","ping_status":"","sticky":false,"template":"","format":"standard","meta":{"footnotes":""},"categories":[8],"tags":[872,58,59,1011,27,2205],"class_list":{"0":"post-205411","1":"post","2":"type-post","3":"status-publish","4":"format-standard","5":"has-post-thumbnail","7":"category-divertissement","8":"tag-culture-et-loisirs","9":"tag-divertissement","10":"tag-entertainment","11":"tag-fr","12":"tag-france","13":"tag-television-medias"},"share_on_mastodon":{"url":"https:\/\/pubeurope.com\/@fr\/114748859644155784","error":""},"_links":{"self":[{"href":"https:\/\/www.europesays.com\/fr\/wp-json\/wp\/v2\/posts\/205411","targetHints":{"allow":["GET"]}}],"collection":[{"href":"https:\/\/www.europesays.com\/fr\/wp-json\/wp\/v2\/posts"}],"about":[{"href":"https:\/\/www.europesays.com\/fr\/wp-json\/wp\/v2\/types\/post"}],"author":[{"embeddable":true,"href":"https:\/\/www.europesays.com\/fr\/wp-json\/wp\/v2\/users\/2"}],"replies":[{"embeddable":true,"href":"https:\/\/www.europesays.com\/fr\/wp-json\/wp\/v2\/comments?post=205411"}],"version-history":[{"count":0,"href":"https:\/\/www.europesays.com\/fr\/wp-json\/wp\/v2\/posts\/205411\/revisions"}],"wp:featuredmedia":[{"embeddable":true,"href":"https:\/\/www.europesays.com\/fr\/wp-json\/wp\/v2\/media\/205412"}],"wp:attachment":[{"href":"https:\/\/www.europesays.com\/fr\/wp-json\/wp\/v2\/media?parent=205411"}],"wp:term":[{"taxonomy":"category","embeddable":true,"href":"https:\/\/www.europesays.com\/fr\/wp-json\/wp\/v2\/categories?post=205411"},{"taxonomy":"post_tag","embeddable":true,"href":"https:\/\/www.europesays.com\/fr\/wp-json\/wp\/v2\/tags?post=205411"}],"curies":[{"name":"wp","href":"https:\/\/api.w.org\/{rel}","templated":true}]}}