{"id":205426,"date":"2025-06-26T09:11:37","date_gmt":"2025-06-26T09:11:37","guid":{"rendered":"https:\/\/www.europesays.com\/fr\/205426\/"},"modified":"2025-06-26T09:11:37","modified_gmt":"2025-06-26T09:11:37","slug":"un-precieux-diplome-pour-gaston-curbelo","status":"publish","type":"post","link":"https:\/\/www.europesays.com\/fr\/205426\/","title":{"rendered":"un pr\u00e9cieux dipl\u00f4me pour Gaston Curbelo"},"content":{"rendered":"<p>En 2024, Gaston Curbelo avait r\u00e9ussi l\u2019exploit d\u2019emmener les gamins de l\u2019ASNL <a href=\"https:\/\/www.estrepublicain.fr\/sport\/2024\/05\/25\/coupe-gambardella-suivez-la-finale-entre-l-as-nancy-lorraine-et-l-olympique-de-marseille-avec-nous\" target=\"_blank\" rel=\"noopener\">en finale de la Coupe Gambardella contre l\u2019OM<\/a>. Le genre d\u2019\u00e9pop\u00e9e qui marque une vie et une carri\u00e8re. Membre de la derni\u00e8re g\u00e9n\u00e9ration dor\u00e9e de l\u2019ASNL, <a href=\"https:\/\/www.estrepublicain.fr\/sport\/2020\/04\/23\/finale-de-2006-les-plus-belles-images-de-supporters\" target=\"_blank\" rel=\"noopener\">vainqueur de la Coupe de la Ligue 2006 notamment<\/a> , l\u2019ancien attaquant Gaston Curbelo se souviendra aussi de cette ann\u00e9e 2025 comme d\u2019un grand cru. Il vient, en effet, de d\u00e9crocher le pr\u00e9cieux BEFF (Brevet d\u2019Entra\u00eeneur Formateur de Football). Le dipl\u00f4me supr\u00eame en France en mati\u00e8re de formation.<\/p>\n<p>Gaston Curbelo devient le deuxi\u00e8me entra\u00eeneur de l\u2019ASNL, apr\u00e8s le directeur du centre Nicolas Florentin, \u00e0 poss\u00e9der le BEFF. Dans la promotion dipl\u00f4m\u00e9e en 2025, on retrouve d\u2019autres anciens footballeurs pros de renom, comme Henri Bedimo, David Ducourtioux, Quentin Othon ou encore C\u00e9dric Varrault.<\/p>\n","protected":false},"excerpt":{"rendered":"En 2024, Gaston Curbelo avait r\u00e9ussi l\u2019exploit d\u2019emmener les gamins de l\u2019ASNL en finale de la Coupe Gambardella&hellip;\n","protected":false},"author":2,"featured_media":205427,"comment_status":"","ping_status":"","sticky":false,"template":"","format":"standard","meta":{"footnotes":""},"categories":[9635],"tags":[1111,11,3703,1707,1704,1706,1705,1777,674,107,1701,63,1011,27,775,1702,1703,12,25,517,1700],"class_list":{"0":"post-205426","1":"post","2":"type-post","3":"status-publish","4":"format-standard","5":"has-post-thumbnail","7":"category-nancy","8":"tag-actu","9":"tag-actualites","10":"tag-asnl","11":"tag-edition-luneville","12":"tag-edition-nancy-et-agglomeration","13":"tag-edition-pont-a-mousson","14":"tag-edition-toul","15":"tag-eu","16":"tag-europe","17":"tag-fil-info","18":"tag-fil-info-sport","19":"tag-football","20":"tag-fr","21":"tag-france","22":"tag-grand-est","23":"tag-nancy","24":"tag-nancy-ville-54b","25":"tag-news","26":"tag-republique-francaise","27":"tag-sport","28":"tag-sport-lorrain"},"share_on_mastodon":{"url":"https:\/\/pubeurope.com\/@fr\/114748894927952072","error":""},"_links":{"self":[{"href":"https:\/\/www.europesays.com\/fr\/wp-json\/wp\/v2\/posts\/205426","targetHints":{"allow":["GET"]}}],"collection":[{"href":"https:\/\/www.europesays.com\/fr\/wp-json\/wp\/v2\/posts"}],"about":[{"href":"https:\/\/www.europesays.com\/fr\/wp-json\/wp\/v2\/types\/post"}],"author":[{"embeddable":true,"href":"https:\/\/www.europesays.com\/fr\/wp-json\/wp\/v2\/users\/2"}],"replies":[{"embeddable":true,"href":"https:\/\/www.europesays.com\/fr\/wp-json\/wp\/v2\/comments?post=205426"}],"version-history":[{"count":0,"href":"https:\/\/www.europesays.com\/fr\/wp-json\/wp\/v2\/posts\/205426\/revisions"}],"wp:featuredmedia":[{"embeddable":true,"href":"https:\/\/www.europesays.com\/fr\/wp-json\/wp\/v2\/media\/205427"}],"wp:attachment":[{"href":"https:\/\/www.europesays.com\/fr\/wp-json\/wp\/v2\/media?parent=205426"}],"wp:term":[{"taxonomy":"category","embeddable":true,"href":"https:\/\/www.europesays.com\/fr\/wp-json\/wp\/v2\/categories?post=205426"},{"taxonomy":"post_tag","embeddable":true,"href":"https:\/\/www.europesays.com\/fr\/wp-json\/wp\/v2\/tags?post=205426"}],"curies":[{"name":"wp","href":"https:\/\/api.w.org\/{rel}","templated":true}]}}