{"id":205430,"date":"2025-06-26T09:13:11","date_gmt":"2025-06-26T09:13:11","guid":{"rendered":"https:\/\/www.europesays.com\/fr\/205430\/"},"modified":"2025-06-26T09:13:11","modified_gmt":"2025-06-26T09:13:11","slug":"la-sante-financiere-de-toulon-na-pas-fait-debat-au-conseil-municipal","status":"publish","type":"post","link":"https:\/\/www.europesays.com\/fr\/205430\/","title":{"rendered":"La sant\u00e9 financi\u00e8re de Toulon n\u2019a pas fait d\u00e9bat au conseil municipal"},"content":{"rendered":"\n<p>\u00c0 l\u2019occasion de l\u2019approbation du compte financier de l\u2019exercice 2024, la maire (SE) de Toulon, Jos\u00e9e Massi, a mis en avant l\u2019analyse qui en ressort, avec en premier lieu \u00ab\u00a0la pr\u00e9servation de la sant\u00e9 financi\u00e8re assur\u00e9e par une gestion rigoureuse des d\u00e9penses\u00a0\u00bb. Mais aussi, tout aussi important au moment o\u00f9 les contraintes budg\u00e9taires am\u00e8nent beaucoup de collectivit\u00e9s \u00e0 revoir leurs subventions \u00e0 la baisse, \u00ab\u00a0un soutien renforc\u00e9 au tissu associatif pour un montant de 5,7\u00a0millions, avec une hausse sup\u00e9rieure de 7% \u00e0 l\u2019inflation\u00a0\u00bb. Tout cela en maintenant \u00ab\u00a0un gel du taux de la fiscalit\u00e9 depuis 2001\u00a0\u00bb et des d\u00e9penses d\u2019\u00e9quipements de 41\u00a0millions, dont 7\u00a0millions pour la r\u00e9novation des b\u00e2timents solaires.<\/p>\n<p>L\u2019adjoint aux finances, Robert Cavanna, a compl\u00e9t\u00e9 le tableau en pointant un taux d\u2019\u00e9pargne brute de 16%. \u00ab\u00a0Il est consid\u00e9r\u00e9 comme tr\u00e8s bon \u00e0 partir de 12%\u00a0\u00bb, insiste-t-il. Selon lui, \u00ab\u00a0entre 2001 et 2024, l\u2019engagement de la Ville est pass\u00e9 de 214\u00a0millions \u00e0 50\u00a0millions d\u2019euros, ce qui fait de nous la deuxi\u00e8me ville la moins endett\u00e9e de France pour notre strate.\u00a0\u00bb<\/p>\n<p>De bons r\u00e9sultats qui n\u2019ont pas \u00e9t\u00e9 contest\u00e9s par l\u2019opposition, qui a plut\u00f4t fait valoir ses diff\u00e9rences dans l\u2019approche strat\u00e9gique de gestion. L\u2019extr\u00eame droite r\u00e9clamant moins d\u2019imp\u00f4ts et la gauche pr\u00f4nant plus d\u2019investissements pour r\u00e9pondre aux besoins en augmentation.<\/p>\n<p>Le conseiller municipal RN Amaury Navaranne, qui avait rev\u00eatu pour cette s\u00e9ance publique ses atours d\u2019opposant constructif, sans d\u00e9bordements ni d\u00e9rapages (la cam\u00e9ra d\u2019ICI Provence peut-\u00eatre ?), a d\u00e9plor\u00e9 que les bons \u00e9quilibres financiers n\u2019aient pas donn\u00e9 lieu \u00e0 \u00ab\u00a0une fiscalit\u00e9 un peu plus all\u00e9g\u00e9e\u00a0\u00bb, alors que, selon lui, ils le permettaient. Et de conclure, penaud\u00a0: \u00ab\u00a0Nous trouvons que pour 60 ou 70% de ce que vous nous proposez, \u00e7a va dans le bon sens.\u00a0\u00bb<\/p>\n<p> Diff\u00e9rences politiques\n              <\/p>\n<p>Andr\u00e9 De Ubeda (PCF), pour Toulon en Commun, a soulign\u00e9, lui, un \u00ab\u00a0d\u00e9saccord avec l\u2019orientation m\u00eame du budget\u00a0\u00bb qui am\u00e8ne le groupe \u00e0 s\u2019abstenir sur cette d\u00e9lib\u00e9ration. \u00ab\u00a0Nous notons une baisse des d\u00e9penses de fonctionnement qui ne nous r\u00e9jouit pas, a-t-il martel\u00e9. Nous ne sommes pas partisans, en effet, de l\u2019aust\u00e9rit\u00e9 salariale ni de la baisse de l\u2019emploi public, notamment dans une ville qui compte plus d\u2019habitants et plus de besoins au vu de la crise sociale.\u00a0\u00bb Une critique dont Robert Cavanna s\u2019est d\u00e9fendu, assurant qu\u2019il n\u2019y avait pas eu de baisse des d\u00e9penses, mais au contraire une augmentation de 6%. D\u00e8s lors, les ingr\u00e9dients pour une bataille de chiffres \u00e9taient r\u00e9unis. Et la bataile a eu lieu, mais \u00e0 y perdre ses petits. Parce que Robert Cavanna raisonnait en valeur absolue alors qu\u2019Andr\u00e9 De Ueda le faisait en pourcentage des recettes. Une fois leurs instruments accord\u00e9s, Andr\u00e9 De Ubeda en a d\u00e9duit qu\u2019il y avait bien de la marge pour en faire plus.<\/p>\n<p>Il y en a un, en revanche, pour qui d\u00e9cid\u00e9ment rien ne va, c\u2019est le docteur Depallens, candidat (Modem) d\u00e9clar\u00e9 \u00e0 la prochaine municipale. Qui a d\u00e9nonc\u00e9 tout \u00e0 la fois le trop d\u2019imp\u00f4ts, le pas assez d\u2019investissements et m\u00eame \u00ab\u00a0le manque d\u2019inventivit\u00e9\u00a0\u00bb. La maire l\u2019a renvoy\u00e9 illico \u00e0 ses ch\u00e8res \u00e9tudes\u00a0: \u00ab\u00a0avec votre vision catastrophique de la ville de Toulon, je me demande pourquoi les Toulonnais, depuis 2001, nous r\u00e9\u00e9lisent \u00e0 la t\u00eate de la ville.\u00a0\u00bb<\/p>\n<p>La campagne a bel et bien commenc\u00e9.<\/p>\n","protected":false},"excerpt":{"rendered":"\u00c0 l\u2019occasion de l\u2019approbation du compte financier de l\u2019exercice 2024, la maire (SE) de Toulon, Jos\u00e9e Massi, a&hellip;\n","protected":false},"author":2,"featured_media":205431,"comment_status":"","ping_status":"","sticky":false,"template":"","format":"standard","meta":{"footnotes":""},"categories":[9619],"tags":[1111,11,4188,1777,674,1011,27,12,882,25,2310],"class_list":{"0":"post-205430","1":"post","2":"type-post","3":"status-publish","4":"format-standard","5":"has-post-thumbnail","7":"category-toulon","8":"tag-actu","9":"tag-actualites","10":"tag-elections-municipales","11":"tag-eu","12":"tag-europe","13":"tag-fr","14":"tag-france","15":"tag-news","16":"tag-provence-alpes-cote-dazur","17":"tag-republique-francaise","18":"tag-toulon"},"share_on_mastodon":{"url":"https:\/\/pubeurope.com\/@fr\/114748902833616569","error":""},"_links":{"self":[{"href":"https:\/\/www.europesays.com\/fr\/wp-json\/wp\/v2\/posts\/205430","targetHints":{"allow":["GET"]}}],"collection":[{"href":"https:\/\/www.europesays.com\/fr\/wp-json\/wp\/v2\/posts"}],"about":[{"href":"https:\/\/www.europesays.com\/fr\/wp-json\/wp\/v2\/types\/post"}],"author":[{"embeddable":true,"href":"https:\/\/www.europesays.com\/fr\/wp-json\/wp\/v2\/users\/2"}],"replies":[{"embeddable":true,"href":"https:\/\/www.europesays.com\/fr\/wp-json\/wp\/v2\/comments?post=205430"}],"version-history":[{"count":0,"href":"https:\/\/www.europesays.com\/fr\/wp-json\/wp\/v2\/posts\/205430\/revisions"}],"wp:featuredmedia":[{"embeddable":true,"href":"https:\/\/www.europesays.com\/fr\/wp-json\/wp\/v2\/media\/205431"}],"wp:attachment":[{"href":"https:\/\/www.europesays.com\/fr\/wp-json\/wp\/v2\/media?parent=205430"}],"wp:term":[{"taxonomy":"category","embeddable":true,"href":"https:\/\/www.europesays.com\/fr\/wp-json\/wp\/v2\/categories?post=205430"},{"taxonomy":"post_tag","embeddable":true,"href":"https:\/\/www.europesays.com\/fr\/wp-json\/wp\/v2\/tags?post=205430"}],"curies":[{"name":"wp","href":"https:\/\/api.w.org\/{rel}","templated":true}]}}