{"id":205436,"date":"2025-06-26T09:16:16","date_gmt":"2025-06-26T09:16:16","guid":{"rendered":"https:\/\/www.europesays.com\/fr\/205436\/"},"modified":"2025-06-26T09:16:16","modified_gmt":"2025-06-26T09:16:16","slug":"une-eglise-dun-petit-village-de-normandie-a-ete-eventree-par-un-violent-orage","status":"publish","type":"post","link":"https:\/\/www.europesays.com\/fr\/205436\/","title":{"rendered":"une \u00e9glise d\u2019un petit village de Normandie a \u00e9t\u00e9 \u00e9ventr\u00e9e par un violent orage"},"content":{"rendered":"<p>La maire de Valailles, dans l\u2019Eure, explique que l\u2019\u00e9glise de sa commune est \u00abd\u00e9vast\u00e9e\u00bb apr\u00e8s le passage d\u2019un violent orage. \u00abLe clocher est tomb\u00e9, la moiti\u00e9 de la charpente s\u2019est retrouv\u00e9e \u00e0 l\u2019int\u00e9rieur de l\u2019\u00e9glise\u00bb, d\u00e9plore-t-elle, tr\u00e8s \u00e9mue, aupr\u00e8s de BFMTV.<\/p>\n<p class=\"fig-paragraph\">Des images terribles. Les violents orages qui ont frapp\u00e9 la France ce mercredi 25 juin\u00a0<a href=\"http:\/\/www.lefigaro.fr\/meteo\/rafales-a-plus-de-120-km-h-pluies-torrentielles-sur-paris-grelons-les-images-impressionnantes-des-orages-qui-ont-frappe-la-france-20250625\" target=\"_blank\" data-fig-type=\"NewsFlash\" rel=\"noopener\" data-gtm-custom-categorie=\"navigation\" data-gtm-custom-action=\"crossclick\" data-gtm-custom-label=\"Contextuel\" data-gtm-event=\"customEventSPE\" data-fig-domain=\"LEFIGARO\">ont tu\u00e9 au moins deux personnes<\/a>\u00a0et ont caus\u00e9 de nombreux d\u00e9g\u00e2ts mat\u00e9riels, plusieurs milliers de personnes \u00e9tant toujours priv\u00e9es d\u2019\u00e9lectricit\u00e9 ce jeudi matin. \u00c0 Valailles, dans l\u2019Eure, en Normandie, l\u2019\u00e9glise du village de 409 habitants a \u00e9t\u00e9 \u00e9ventr\u00e9e, ont constat\u00e9 les journalistes de\u00a0<a href=\"https:\/\/www.bfmtv.com\/normandie\/c-est-epouvantable-l-eglise-d-un-village-de-l-eure-eventree-par-les-violents-orages_AV-202506260161.html\" target=\"_blank\" rel=\"nofollow noopener\" data-gtm-custom-categorie=\"navigation\" data-gtm-custom-action=\"crossclick\" data-gtm-custom-label=\"Contextuel\" data-gtm-event=\"customEventSPE\">BFMTV<\/a>.<\/p>\n<p class=\"fig-paragraph\">\u00abL\u2019\u00e9glise est d\u00e9vast\u00e9e, le clocher est tomb\u00e9, la moiti\u00e9 de la charpente s\u2019est retrouv\u00e9e \u00e0 l\u2019int\u00e9rieur de l\u2019\u00e9glise, la cloche est dans le cimeti\u00e8re, il y a des tombes qui sont ab\u00eem\u00e9es. (&#8230;) C\u2019est une catastrophe\u00bb, d\u00e9plore la maire (SE) Claudine Dodelande aupr\u00e8s de la cha\u00eene de t\u00e9l\u00e9vision.\u00a0<a href=\"https:\/\/www.francebleu.fr\/infos\/meteo\/les-pompiers-de-la-seine-maritime-et-de-l-eure-mobilises-apres-les-violents-orages-7608207\" target=\"_blank\" rel=\"nofollow noopener\" data-gtm-custom-categorie=\"navigation\" data-gtm-custom-action=\"crossclick\" data-gtm-custom-label=\"Contextuel\" data-gtm-event=\"customEventSPE\">Selon ICI<\/a>, le clocher s\u2019est effondr\u00e9 \u00abapr\u00e8s avoir \u00e9t\u00e9 frapp\u00e9 par la foudre\u00bb.<\/p>\n<p class=\"fig-paragraph\">\u00abNotre \u00e9glise, on a pris 35 ans \u00e0 la restaurer, et il n\u2019y a plus rien. C\u2019est ce qui me d\u00e9sole le plus\u00bb, lance Claudine Dodelande, tr\u00e8s \u00e9mue. \u00abC\u2019est \u00e9pouvantable\u00bb.<\/p>\n<p class=\"fig-body-link\">\n            \u00c0 lire aussi<br \/>\n        <a class=\"fig-body-link__link\" href=\"http:\/\/www.lefigaro.fr\/meteo\/violents-orages-en-france-eclairs-arbres-couches-inondations-les-images-spectaculaires-des-degats-20250626\" target=\"_blank\" data-fig-type=\"Article\" rel=\"noopener\" data-gtm-custom-categorie=\"navigation\" data-gtm-custom-action=\"crossclick\" data-gtm-custom-label=\"Contextuel\" data-gtm-event=\"customEventSPE\" data-fig-domain=\"LEFIGARO\">Violents orages en France\u00a0: \u00e9clairs, arbres couch\u00e9s, inondations&#8230; les images spectaculaires des d\u00e9g\u00e2ts<br \/>\n    <\/a>\n<\/p>\n<p>\u00abEn huit minutes, \u00e7a a \u00e9t\u00e9 d\u00e9vast\u00e9\u00bb<\/p>\n<p class=\"fig-paragraph\">L\u2019\u00e9dile \u00e9tait en plein conseil municipal quand le ciel s\u2019est noirci et que les \u00e9l\u00e9ments se sont d\u00e9cha\u00een\u00e9s sur sa commune. \u00abOn a vu le vent monter. En huit minutes de temps, \u00e7a a \u00e9t\u00e9 d\u00e9vast\u00e9. (&#8230;) Un b\u00e2timent s\u2019est effondr\u00e9 devant l\u2019\u00e9glise\u00bb, raconte-t-elle.<\/p>\n<p class=\"fig-paragraph\">En plus de l\u2019\u00e9difice religieux, deux maisons ont \u00e9t\u00e9 touch\u00e9es, explique l\u2019\u00e9dile. \u00abLes gens qui sont partis hier soir, deux familles, vont \u00eatre relog\u00e9s\u00bb, d\u00e9clare Claudine Dodelande.<\/p>\n<p class=\"fig-paragraph\">Interrog\u00e9e sur la future reconstruction de l\u2019\u00e9glise, l\u2019\u00e9dile explique que, malgr\u00e9 les assurances, \u00abla mairie ne peut pas se permettre de prendre tous les travaux \u00e0 charge\u00bb. \u00abIl va falloir nous aider\u00bb \u00e0 reconstruire, poursuit Claudine Dodelande, \u00e9voquant un possible appel aux dons.<\/p>\n<p class=\"fig-paragraph\">Dans le d\u00e9partement de l\u2019Eure, \u00ables pompiers ont re\u00e7u plus de 700 appels et sont intervenus 212 fois, et deux personnes ont \u00e9t\u00e9 l\u00e9g\u00e8rement bless\u00e9es\u00bb, rapportent nos confr\u00e8res d\u2019ICI, citant la pr\u00e9fecture.<\/p>\n","protected":false},"excerpt":{"rendered":"La maire de Valailles, dans l\u2019Eure, explique que l\u2019\u00e9glise de sa commune est \u00abd\u00e9vast\u00e9e\u00bb apr\u00e8s le passage d\u2019un&hellip;\n","protected":false},"author":2,"featured_media":205437,"comment_status":"","ping_status":"","sticky":false,"template":"","format":"standard","meta":{"footnotes":""},"categories":[9587],"tags":[1111,11,1777,674,1011,27,2487,7750,7752,7751,7749,2357,12,5161,4594,7748,25,9590],"class_list":{"0":"post-205436","1":"post","2":"type-post","3":"status-publish","4":"format-standard","5":"has-post-thumbnail","7":"category-rouen","8":"tag-actu","9":"tag-actualites","10":"tag-eu","11":"tag-europe","12":"tag-fr","13":"tag-france","14":"tag-meteo","15":"tag-meteo-aujourdhui","16":"tag-meteo-demain","17":"tag-meteo-du-jour","18":"tag-meteo-paris","19":"tag-meteo-france","20":"tag-news","21":"tag-normandie","22":"tag-orages","23":"tag-prevision-meteo","24":"tag-republique-francaise","25":"tag-rouen"},"share_on_mastodon":{"url":"https:\/\/pubeurope.com\/@fr\/114748914710128492","error":""},"_links":{"self":[{"href":"https:\/\/www.europesays.com\/fr\/wp-json\/wp\/v2\/posts\/205436","targetHints":{"allow":["GET"]}}],"collection":[{"href":"https:\/\/www.europesays.com\/fr\/wp-json\/wp\/v2\/posts"}],"about":[{"href":"https:\/\/www.europesays.com\/fr\/wp-json\/wp\/v2\/types\/post"}],"author":[{"embeddable":true,"href":"https:\/\/www.europesays.com\/fr\/wp-json\/wp\/v2\/users\/2"}],"replies":[{"embeddable":true,"href":"https:\/\/www.europesays.com\/fr\/wp-json\/wp\/v2\/comments?post=205436"}],"version-history":[{"count":0,"href":"https:\/\/www.europesays.com\/fr\/wp-json\/wp\/v2\/posts\/205436\/revisions"}],"wp:featuredmedia":[{"embeddable":true,"href":"https:\/\/www.europesays.com\/fr\/wp-json\/wp\/v2\/media\/205437"}],"wp:attachment":[{"href":"https:\/\/www.europesays.com\/fr\/wp-json\/wp\/v2\/media?parent=205436"}],"wp:term":[{"taxonomy":"category","embeddable":true,"href":"https:\/\/www.europesays.com\/fr\/wp-json\/wp\/v2\/categories?post=205436"},{"taxonomy":"post_tag","embeddable":true,"href":"https:\/\/www.europesays.com\/fr\/wp-json\/wp\/v2\/tags?post=205436"}],"curies":[{"name":"wp","href":"https:\/\/api.w.org\/{rel}","templated":true}]}}