{"id":205450,"date":"2025-06-26T09:23:09","date_gmt":"2025-06-26T09:23:09","guid":{"rendered":"https:\/\/www.europesays.com\/fr\/205450\/"},"modified":"2025-06-26T09:23:09","modified_gmt":"2025-06-26T09:23:09","slug":"toute-lactu-top-music-leurometropole-de-strasbourg-facilite-lacces-au-centre-ville-de-strasbourg","status":"publish","type":"post","link":"https:\/\/www.europesays.com\/fr\/205450\/","title":{"rendered":"Toute l&rsquo;actu Top Music &#8211; L\u2019Eurom\u00e9tropole de Strasbourg facilite l\u2019acc\u00e8s au centre-ville de Strasbourg"},"content":{"rendered":"\n<p>\u00c0 compter du <strong>samedi 28 juin<\/strong>, et <strong>chaque samedi jusqu\u2019au 15 novembre 2025<\/strong>, les automobilistes pourront <strong>stationner gratuitement dans les parkings-relais<\/strong> (P+R) aux abords de la ville, \u00e0 condition de pr\u00e9senter une <strong>preuve d\u2019achat d\u2019au moins 20 euros<\/strong> r\u00e9alis\u00e9e le jour m\u00eame dans un commerce, un restaurant ou un lieu culturel du centre-ville.<\/p>\n<p>Trois <strong>points de distribution<\/strong> ont \u00e9t\u00e9 mis en place pour retirer les <strong>contremarques<\/strong> permettant cette gratuit\u00e9 :<\/p>\n<ul>\n<li><strong>Centre commercial Place des Halles<\/strong>, accueil du 1er \u00e9tage<\/li>\n<li><strong>Galeries Lafayette<\/strong>, accueil du rez-de-chauss\u00e9e<\/li>\n<li><strong>Office de Tourisme de Strasbourg<\/strong>, place de la Cath\u00e9drale<\/li>\n<\/ul>\n<p><strong>R\u00e9ponse \u00e0 une accessibilit\u00e9 contrainte par les chantiers<\/strong><\/p>\n<p>Cette mesure intervient alors que plusieurs <strong>travaux majeurs<\/strong> men\u00e9s par la Ville et l\u2019Eurom\u00e9tropole compliquent actuellement l\u2019acc\u00e8s au centre de Strasbourg, notamment pour les automobilistes venus de la premi\u00e8re et de la deuxi\u00e8me couronne. Parmi les chantiers en cours figurent le <strong>r\u00e9am\u00e9nagement du quartier des Halles<\/strong>, le <strong>prolongement du tramway vers l\u2019ouest de l\u2019agglom\u00e9ration<\/strong> et la <strong>cr\u00e9ation de la piste cyclable La Colmarienne<\/strong>, qui reliera le Baggersee au c\u0153ur de la ville.<\/p>\n<p>L\u2019objectif affich\u00e9 par les partenaires de l\u2019op\u00e9ration est double : <strong>soutenir l\u2019activit\u00e9 des commer\u00e7ants<\/strong> du centre-ville pendant cette p\u00e9riode sensible et <strong>offrir une alternative pratique et incitative \u00e0 la voiture en centre-ville<\/strong>, gr\u00e2ce \u00e0 un acc\u00e8s facilit\u00e9 via le tramway. La gratuit\u00e9 du stationnement en parking-relais sera maintenue jusqu\u2019\u00e0 <strong>mi-novembre 2025<\/strong>, date qui co\u00efncidera avec la fin pr\u00e9vue de ces grands chantiers.\u00a0<\/p>\n","protected":false},"excerpt":{"rendered":"\u00c0 compter du samedi 28 juin, et chaque samedi jusqu\u2019au 15 novembre 2025, les automobilistes pourront stationner gratuitement&hellip;\n","protected":false},"author":2,"featured_media":205451,"comment_status":"","ping_status":"","sticky":false,"template":"","format":"standard","meta":{"footnotes":""},"categories":[2820],"tags":[15718,1111,11,3335,34425,1777,674,29606,1011,27,775,18358,12,16025,25153,25,11772,6173,640,2086,4824],"class_list":{"0":"post-205450","1":"post","2":"type-post","3":"status-publish","4":"format-standard","5":"has-post-thumbnail","7":"category-strasbourg","8":"tag-achat","9":"tag-actu","10":"tag-actualites","11":"tag-centre","12":"tag-contremarques","13":"tag-eu","14":"tag-europe","15":"tag-facilite","16":"tag-fr","17":"tag-france","18":"tag-grand-est","19":"tag-magasin","20":"tag-news","21":"tag-parking","22":"tag-relais","23":"tag-republique-francaise","24":"tag-soldes","25":"tag-stationnement","26":"tag-strasbourg","27":"tag-travaux","28":"tag-ville"},"share_on_mastodon":{"url":"https:\/\/pubeurope.com\/@fr\/114748942150033471","error":""},"_links":{"self":[{"href":"https:\/\/www.europesays.com\/fr\/wp-json\/wp\/v2\/posts\/205450","targetHints":{"allow":["GET"]}}],"collection":[{"href":"https:\/\/www.europesays.com\/fr\/wp-json\/wp\/v2\/posts"}],"about":[{"href":"https:\/\/www.europesays.com\/fr\/wp-json\/wp\/v2\/types\/post"}],"author":[{"embeddable":true,"href":"https:\/\/www.europesays.com\/fr\/wp-json\/wp\/v2\/users\/2"}],"replies":[{"embeddable":true,"href":"https:\/\/www.europesays.com\/fr\/wp-json\/wp\/v2\/comments?post=205450"}],"version-history":[{"count":0,"href":"https:\/\/www.europesays.com\/fr\/wp-json\/wp\/v2\/posts\/205450\/revisions"}],"wp:featuredmedia":[{"embeddable":true,"href":"https:\/\/www.europesays.com\/fr\/wp-json\/wp\/v2\/media\/205451"}],"wp:attachment":[{"href":"https:\/\/www.europesays.com\/fr\/wp-json\/wp\/v2\/media?parent=205450"}],"wp:term":[{"taxonomy":"category","embeddable":true,"href":"https:\/\/www.europesays.com\/fr\/wp-json\/wp\/v2\/categories?post=205450"},{"taxonomy":"post_tag","embeddable":true,"href":"https:\/\/www.europesays.com\/fr\/wp-json\/wp\/v2\/tags?post=205450"}],"curies":[{"name":"wp","href":"https:\/\/api.w.org\/{rel}","templated":true}]}}