{"id":205453,"date":"2025-06-26T09:25:09","date_gmt":"2025-06-26T09:25:09","guid":{"rendered":"https:\/\/www.europesays.com\/fr\/205453\/"},"modified":"2025-06-26T09:25:09","modified_gmt":"2025-06-26T09:25:09","slug":"la-justice-donne-cinq-jours-a-christian-estrosi-pour-les-decrocher-liberation","status":"publish","type":"post","link":"https:\/\/www.europesays.com\/fr\/205453\/","title":{"rendered":"la justice donne cinq jours \u00e0 Christian Estrosi pour les d\u00e9crocher \u2013 Lib\u00e9ration"},"content":{"rendered":"<p class=\"sc-ksZaOG ehjQrN text-element\">Les drapeaux isra\u00e9liens qui flottent sur le fronton de la mairie de Nice depuis 21 mois devront \u00eatre d\u00e9croch\u00e9s. Mardi 24 juin, au regard de \u00abl\u2019aggravation du conflit\u00bb au Proche-Orient, dix citoyens <a href=\"https:\/\/www.liberation.fr\/societe\/police-justice\/il-y-a-urgence-a-deconnecter-nice-du-conflit-mondial-les-drapeaux-israeliens-chers-a-christian-estrosi-au-coeur-dun-debat-judiciaire-20250624_M7TE6LT3SBF3THI7I3ONSAVGK4\/\" target=\"_blank\" rel=\"noopener\" title=\"https:\/\/www.liberation.fr\/societe\/police-justice\/il-y-a-urgence-a-deconnecter-nice-du-conflit-mondial-les-drapeaux-israeliens-chers-a-christian-estrosi-au-coeur-dun-debat-judiciaire-20250624_M7TE6LT3SBF3THI7I3ONSAVGK4\/\">portaient un recours en r\u00e9f\u00e9r\u00e9 suspension<\/a> devant le tribunal administratif de Nice (Alpes-Maritimes) contre ce choix de pavoisement du maire Christian Estrosi (Horizons). Ce jeudi matin, la juge \u00abenjoint au maire de Nice de retirer les drapeaux isra\u00e9liens hiss\u00e9s sur le fronton de la mairie de Nice dans un d\u00e9lai de cinq jours\u00bb. Nice est la derni\u00e8re commune de France \u00e0 continuer d\u2019afficher les couleurs d\u2019Isra\u00ebl aux c\u00f4t\u00e9s des \u00e9tendards ni\u00e7ois, fran\u00e7ais et europ\u00e9ens.<\/p>\n<p class=\"sc-ksZaOG ehjQrN text-element\">L\u2019\u00e9toile de David est d\u00e9ploy\u00e9e sur deux fa\u00e7ades de la mairie de Nice depuis le 9 octobre 2023, au surlendemain de l\u2019attaque terroriste du Hamas. Depuis, Christian Estrosi ignore toutes les tentatives de d\u00e9crochage. L\u2019association Les Amis de la Palestine 06 a manifest\u00e9, les proc\u00e9dures devant le tribunal administratif se sont multipli\u00e9es, le pr\u00e9fet des Alpes-Maritimes a envoy\u00e9 une missive pointant le principe de neutralit\u00e9 des services publics dans une circulaire. \u00abTant qu\u2019Isra\u00ebl n\u2019aura pas gagn\u00e9 cette guerre, le drapeau isra\u00e9lien flottera sur le fronton de notre mairie\u00bb, affirmait l\u2019ann\u00e9e derni\u00e8re le maire de Nice.<\/p>\n<p class=\"sc-ksZaOG ehjQrN text-element\">Ce jeudi matin, \u00able tribunal administratif a retenu la situation d\u2019urgence au regard de l\u2019aspect international \u00e0 l\u2019audience, se r\u00e9jouit Me Mireille Damiano, avocate de sept requ\u00e9rants, aupr\u00e8s de Lib\u00e9ration. On ne peut pas consid\u00e9rer que l\u2019affichage d\u2019un drapeau dans de telles conditions soit seulement un soutien aux otages. \u00c7a ne peut pas \u00eatre un simple symbole de soutien \u00e0 la soci\u00e9t\u00e9 civile.\u00bb<\/p>\n<p class=\"sc-ksZaOG ehjQrN text-element\">A l\u2019audience mardi, la ville de Nice avait soutenu que la persistance du pavoisement rel\u00e8ve de la \u00absensibilit\u00e9 particuli\u00e8re [de Nice] aux actes de terrorisme\u00bb et du jumelage avec la ville de Netanya en Isra\u00ebl. \u00abLe pavoisement est exclusivement une marque de soutien aux victimes de terrorisme, avait d\u00e9fendu l\u2019avocate de mairie, Me Pauline De Fay. Il n\u2019y a aucune revendication politique ou religieuse. Le seul message, c\u2019est les otages. Tant qu\u2019il restera des otages, nous laisserons notre marque de soutien visible.\u00bb<\/p>\n<p class=\"sc-ksZaOG ehjQrN text-element\">C\u2019est la question du trouble \u00e0 l\u2019ordre public et \u00e0 la neutralit\u00e9 d\u2019un b\u00e2timent public qui \u00e9tait discut\u00e9e. \u00abL\u2019apposition des drapeaux isra\u00e9liens sur le fronton de la mairie de Nice doit donc \u00eatre consid\u00e9r\u00e9e comme symbolisant la revendication d\u2019une opinion politique. Dans ces conditions, au regard du contexte international et de l\u2019intensification du conflit au Moyen-Orient, les requ\u00e9rants sont fond\u00e9s \u00e0 soutenir qu\u2019il y a urgence \u00e0 suspendre la d\u00e9cision contest\u00e9e\u00bb, \u00e9crit le tribunal administratif dans son ordonnance. Christian Estrosi peut encore se porter devant le conseil d\u2019\u00c9tat. Dans l\u2019attente de l\u2019appel, les drapeaux devront \u00eatre descendus.<\/p>\n","protected":false},"excerpt":{"rendered":"Les drapeaux isra\u00e9liens qui flottent sur le fronton de la mairie de Nice depuis 21 mois devront \u00eatre&hellip;\n","protected":false},"author":2,"featured_media":205454,"comment_status":"","ping_status":"","sticky":false,"template":"","format":"standard","meta":{"footnotes":""},"categories":[2819],"tags":[1111,11,2397,1777,674,1011,27,3517,664,3523,12,2401,882,25],"class_list":{"0":"post-205453","1":"post","2":"type-post","3":"status-publish","4":"format-standard","5":"has-post-thumbnail","7":"category-nice","8":"tag-actu","9":"tag-actualites","10":"tag-christian-estrosi","11":"tag-eu","12":"tag-europe","13":"tag-fr","14":"tag-france","15":"tag-gaza-l-escalade","16":"tag-israel","17":"tag-israel-palestine-conflit","18":"tag-news","19":"tag-nice","20":"tag-provence-alpes-cote-dazur","21":"tag-republique-francaise"},"share_on_mastodon":{"url":"https:\/\/pubeurope.com\/@fr\/114748950080985462","error":""},"_links":{"self":[{"href":"https:\/\/www.europesays.com\/fr\/wp-json\/wp\/v2\/posts\/205453","targetHints":{"allow":["GET"]}}],"collection":[{"href":"https:\/\/www.europesays.com\/fr\/wp-json\/wp\/v2\/posts"}],"about":[{"href":"https:\/\/www.europesays.com\/fr\/wp-json\/wp\/v2\/types\/post"}],"author":[{"embeddable":true,"href":"https:\/\/www.europesays.com\/fr\/wp-json\/wp\/v2\/users\/2"}],"replies":[{"embeddable":true,"href":"https:\/\/www.europesays.com\/fr\/wp-json\/wp\/v2\/comments?post=205453"}],"version-history":[{"count":0,"href":"https:\/\/www.europesays.com\/fr\/wp-json\/wp\/v2\/posts\/205453\/revisions"}],"wp:featuredmedia":[{"embeddable":true,"href":"https:\/\/www.europesays.com\/fr\/wp-json\/wp\/v2\/media\/205454"}],"wp:attachment":[{"href":"https:\/\/www.europesays.com\/fr\/wp-json\/wp\/v2\/media?parent=205453"}],"wp:term":[{"taxonomy":"category","embeddable":true,"href":"https:\/\/www.europesays.com\/fr\/wp-json\/wp\/v2\/categories?post=205453"},{"taxonomy":"post_tag","embeddable":true,"href":"https:\/\/www.europesays.com\/fr\/wp-json\/wp\/v2\/tags?post=205453"}],"curies":[{"name":"wp","href":"https:\/\/api.w.org\/{rel}","templated":true}]}}