{"id":205467,"date":"2025-06-26T09:32:11","date_gmt":"2025-06-26T09:32:11","guid":{"rendered":"https:\/\/www.europesays.com\/fr\/205467\/"},"modified":"2025-06-26T09:32:11","modified_gmt":"2025-06-26T09:32:11","slug":"cet-ete-les-prj-reviennent-dans-la-rue","status":"publish","type":"post","link":"https:\/\/www.europesays.com\/fr\/205467\/","title":{"rendered":"Cet \u00e9t\u00e9, les PRJ reviennent dans la rue !"},"content":{"rendered":"<ul class=\"post-meta\">\n<li class=\"post-meta-item\">Jeunesse<\/li>\n<li class=\"post-meta-item\"> | Tous les articles<\/li>\n<\/ul>\n<p class=\"news-single-date\"> Publi\u00e9 le 26 juin 2025|  Coup<b>s<\/b> de c\u0153ur0<\/p>\n<p> <img decoding=\"async\" src=\"https:\/\/www.europesays.com\/fr\/wp-content\/uploads\/2025\/06\/2024_0807_ag_prjdanslarue_alma-13-703x395.jpg\" class=\"post-single-picture\" alt=\"\"\/><\/p>\n<p class=\"introduction\">Le projet \u00ab Les PRJ dans la rue \u00bb est une initiative des P\u00f4les Ressources Jeunesse (PRJ) de la Ville de Roubaix, destin\u00e9e \u00e0 rapprocher les jeunes et les habitants autour d\u2019animations participatives, culturelles et sportives en plein c\u0153ur de leurs quartiers. Ce rendez-vous populaire revient cet \u00e9t\u00e9 2025 et c\u2019est toujours gratuit et ouvert \u00e0 tous, sans inscription pr\u00e9alable. Voici le programme.<\/p>\n<ol>\n<li><strong>Square Catteau<\/strong> \u2013 Dimanche 6 juillet, 10\u202fh\u201318\u202fh<br \/>Animations Afro\u2011Carib\u00e9ennes, capoeira, percussions, danse, jiu jitsu, ateliers cr\u00e9atifs (masques, maracas), arts du cirque, et com\u00e9diennes d\u00e9ambulatoires. <strong><strong><a href=\"https:\/\/www.ville-roubaix.fr\/agenda\/les-prj-dans-la-rue-ete-2025-catteau\" target=\"_blank\" rel=\"noopener\">&gt; + d\u2019infos<\/a><\/strong><\/strong>\u00a0<\/li>\n<li><strong>Quartier Brossolette<\/strong> (parking du stade Roubaisien) \u2013 Jeudi 10 juillet, 16\u202fh\u201322\u202fh<br \/>Fiesta interculturelle : ateliers photo, collage, peinture v\u00e9g\u00e9tale, fresque collaborative, chorale d\u2019\u00e9l\u00e8ves, magie interactive et go\u00fbter interg\u00e9n\u00e9rationnel. <strong><strong><a href=\"https:\/\/www.ville-roubaix.fr\/agenda\/les-prj-dans-la-rue-ete-2025-brossolette\" target=\"_blank\" rel=\"noopener\">&gt; + d\u2019infos<\/a><\/strong><\/strong>\u00a0<\/li>\n<li><strong>Quartier Alma<\/strong> (rue de Toulouse) \u2013 Jeudi 17 juillet, 16\u202fh\u201322\u202fh<br \/>Sport et culture : initiations sportives (boxe, jiu jitsu), fabrication de masques &amp; maracas, studio photo, exposition et ateliers jeunes. <strong><strong><a href=\"https:\/\/www.ville-roubaix.fr\/agenda\/les-prj-dans-la-rue-ete-2025-alma\" target=\"_blank\" rel=\"noopener\">&gt; + d\u2019infos<\/a><\/strong><\/strong>\u00a0<\/li>\n<li><strong>Place du March\u00e9 de l\u2019\u00c9peule<\/strong> \u2013 Jeudi 24 juillet, 16\u202fh\u201322\u202fh<br \/>F\u00eate des Mots : concours de clash, boxe de mots, performances urbaines, DJ set, lectures &amp; slam autour de la langue. <a href=\"https:\/\/www.ville-roubaix.fr\/agenda\/les-prj-dans-la-rue-ete-2025-epeule\" target=\"_blank\" rel=\"noopener\">&gt; + <strong>d\u2019infos<\/strong><\/a><\/li>\n<li><strong>Place du Progr\u00e8s<\/strong> \u2013 Jeudi 6 ao\u00fbt, 16\u202fh\u201322\u202fh<br \/>Fiesta interculturelle : guinguette du monde, fresque participative, expos, peinture v\u00e9g\u00e9tale, studio photo, concours de cuisine. <strong><strong><a href=\"https:\/\/www.ville-roubaix.fr\/agenda\/les-prj-dans-la-rue-ete-2025-place-du-progres\" target=\"_blank\" rel=\"noopener\">&gt; + d\u2019infos<\/a><\/strong><\/strong>\u00a0<\/li>\n<li><strong>City\u2011stade Edgar\u2011Degas<\/strong> \u2013 Jeudi 21 ao\u00fbt, 16\u202fh\u201322\u202fh<br \/>F\u00eate des Mots version sportive : battle, studio photo, fresque, DJ set + initiations et d\u00e9monstrations sportives sur le city\u2011stade. <strong><a href=\"https:\/\/www.ville-roubaix.fr\/agenda\/les-prj-dans-la-rue-ete-2025-city-stade-degas\" target=\"_blank\" rel=\"noopener\">&gt; + d\u2019infos<\/a><\/strong><\/li>\n<\/ol>\n<p>Cr\u00e9dit Photo : Ana\u00efs Gadeau, service Communication, ville de Roubaix<\/p>\n","protected":false},"excerpt":{"rendered":"Jeunesse | Tous les articles Publi\u00e9 le 26 juin 2025| Coups de c\u0153ur0 Le projet \u00ab Les PRJ&hellip;\n","protected":false},"author":2,"featured_media":205468,"comment_status":"","ping_status":"","sticky":false,"template":"","format":"standard","meta":{"footnotes":""},"categories":[2815],"tags":[1111,11,17545,1777,674,1011,27,811,1307,12,34426,34427,25],"class_list":{"0":"post-205467","1":"post","2":"type-post","3":"status-publish","4":"format-standard","5":"has-post-thumbnail","7":"category-lille","8":"tag-actu","9":"tag-actualites","10":"tag-ete-2025","11":"tag-eu","12":"tag-europe","13":"tag-fr","14":"tag-france","15":"tag-hauts-de-france","16":"tag-lille","17":"tag-news","18":"tag-pole-ressources-jeunesse","19":"tag-prj","20":"tag-republique-francaise"},"share_on_mastodon":{"url":"https:\/\/pubeurope.com\/@fr\/114748977660871671","error":""},"_links":{"self":[{"href":"https:\/\/www.europesays.com\/fr\/wp-json\/wp\/v2\/posts\/205467","targetHints":{"allow":["GET"]}}],"collection":[{"href":"https:\/\/www.europesays.com\/fr\/wp-json\/wp\/v2\/posts"}],"about":[{"href":"https:\/\/www.europesays.com\/fr\/wp-json\/wp\/v2\/types\/post"}],"author":[{"embeddable":true,"href":"https:\/\/www.europesays.com\/fr\/wp-json\/wp\/v2\/users\/2"}],"replies":[{"embeddable":true,"href":"https:\/\/www.europesays.com\/fr\/wp-json\/wp\/v2\/comments?post=205467"}],"version-history":[{"count":0,"href":"https:\/\/www.europesays.com\/fr\/wp-json\/wp\/v2\/posts\/205467\/revisions"}],"wp:featuredmedia":[{"embeddable":true,"href":"https:\/\/www.europesays.com\/fr\/wp-json\/wp\/v2\/media\/205468"}],"wp:attachment":[{"href":"https:\/\/www.europesays.com\/fr\/wp-json\/wp\/v2\/media?parent=205467"}],"wp:term":[{"taxonomy":"category","embeddable":true,"href":"https:\/\/www.europesays.com\/fr\/wp-json\/wp\/v2\/categories?post=205467"},{"taxonomy":"post_tag","embeddable":true,"href":"https:\/\/www.europesays.com\/fr\/wp-json\/wp\/v2\/tags?post=205467"}],"curies":[{"name":"wp","href":"https:\/\/api.w.org\/{rel}","templated":true}]}}