{"id":205469,"date":"2025-06-26T09:33:11","date_gmt":"2025-06-26T09:33:11","guid":{"rendered":"https:\/\/www.europesays.com\/fr\/205469\/"},"modified":"2025-06-26T09:33:11","modified_gmt":"2025-06-26T09:33:11","slug":"ilevia-explique-ce-quest-un-defaut-sur-le-pilote-automatique","status":"publish","type":"post","link":"https:\/\/www.europesays.com\/fr\/205469\/","title":{"rendered":"Il\u00e9via explique ce qu&rsquo;est un \u00ab\u00a0d\u00e9faut sur le pilote automatique\u00a0\u00bb"},"content":{"rendered":"<p>            Par<br \/>\n        <strong><br \/>\n            <a href=\"https:\/\/actu.fr\/auteur\/margot-nicodeme\" title=\"Consulter tous les articles de Margot Nicod\u00e8me\" rel=\"nofollow noopener\" target=\"_blank\">Margot Nicod\u00e8me<\/a><br \/>\n        <\/strong><\/p>\n<p>        Publi\u00e9 le<\/p>\n<p>            26 juin 2025 \u00e0 10h56        <\/p>\n<p>C\u2019\u00e9tait tout bonnement une journ\u00e9e (et une soir\u00e9e) noire, <b>sur la ligne 1 du m\u00e9tro<\/b> de <a href=\"https:\/\/actu.fr\/hauts-de-france\/lille_59350\" rel=\"nofollow noopener\" target=\"_blank\">Lille<\/a> (Nord), le mardi 24 juin 2025. De l\u2019heure du d\u00e9jeuner jusqu\u2019\u00e0 la fin de service, dans la nuit suivante, <a href=\"https:\/\/actu.fr\/hauts-de-france\/lille_59350\/ilevia-panne-sur-un-troncon-la-ligne-1-du-metro-a-lille-ce-mardi-des-bus-relais-mis-en-place_62817080.html\" rel=\"nofollow noopener\" target=\"_blank\">le trafic a \u00e9t\u00e9 paralys\u00e9<\/a>, avec des tentatives de remise en route qui sont rest\u00e9es infructueuses. Cette grosse panne de plusieurs heures \u00e9tait due \u00ab\u00a0<b>un d\u00e9faut sur le nouveau pilote automatique<\/b>\u00ab\u00a0, a rapidement indiqu\u00e9 <a href=\"https:\/\/actu.fr\/tag\/ilevia\" rel=\"nofollow noopener\" target=\"_blank\">Il\u00e9via<\/a>. Aujourd\u2019hui, l\u2019exploitant explique que cela signifie pr\u00e9cis\u00e9ment.<\/p>\n<p>Une \u00ab\u00a0r\u00e9initialisation compl\u00e8te\u00a0\u00bb d\u2019une partie des voies, impos\u00e9e par le nouveau pilote automatique<\/p>\n<p class=\" wall-content\">La ligne 1 a \u00e9t\u00e9 \u00ab\u00a0perturb\u00e9e par une succession d\u2019incidents techniques impliquant le nouveau syst\u00e8me de pilote automatique\u00a0\u00bb, resitue Il\u00e9via. Concr\u00e8tement, il y a eu des \u00ab\u00a0<b>pertes de communication entre les rames et le syst\u00e8me du pilote<\/b>\u00ab\u00a0, qui ont engendr\u00e9 \u00e0 leur tour des \u00ab\u00a0mises en s\u00e9curit\u00e9 automatiques du r\u00e9seau\u00a0\u00bb.<\/p>\n<p class=\" wall-content\"><b>Une intervention humaine est alors n\u00e9cessaire<\/b> pour commencer \u00e0 solutionner le probl\u00e8me.<\/p>\n<p class=\" wall-content\">Pour d\u00e9bloquer les rames, des agents Il\u00e9via ont alors proc\u00e9d\u00e9 \u00e0 des \u00ab\u00a0interventions en conduite manuelle\u00a0\u00bb. S\u2019en est suivie une \u00ab\u00a0r\u00e9initialisation compl\u00e8te d\u2019une partie des voies, impos\u00e9e par le nouveau pilote automatique d\u2019Alstom\u00a0\u00bb, avant de r\u00e9tablir la circulation sur les tron\u00e7ons impact\u00e9s.\u00a0<\/p>\n<blockquote class=\"ac-article-quote wall-content\">\n<p>\u00ab\u00a0Ces \u00e9tapes complexes de relance du trafic demandent un temps d\u2019intervention important, mais n\u00e9cessaire, afin de permettre aux \u00e9quipes Il\u00e9via le trafic de la ligne 1 en toute s\u00e9curit\u00e9.\u00a0\u00bb<\/p>\n<p>Il\u00e9via, au sujet de la grosse panne de m\u00e9tro du 24 juin.<\/p><\/blockquote>\n<p>Vid\u00e9os : en ce moment sur Actu<\/p>\n<p class=\" wall-content\">Dans le respect de sa mission de maintien du service, le prestataire rappelle qu\u2019il a mis en place<b> 18 bus relais<\/b>. Il\u00e9via ne n\u00e9glige pas pour autant les \u00ab\u00a0impacts de ces perturbations in\u00e9dites sur le quotidien des voyageurs, tant par leur dur\u00e9e que par leur caract\u00e8re r\u00e9p\u00e9titif\u00a0\u00bb, et pr\u00e9sente ses excuses.<\/p>\n<p class=\" wall-content\">Suivez toute l\u2019actualit\u00e9 de vos villes et m\u00e9dias favoris en vous inscrivant \u00e0 <a href=\"https:\/\/moncompte.actu.fr\" title=\"D\u00e9couvez Mon Actu\" rel=\"nofollow noopener\" data-trk=\"{&quot;cta&quot;:{&quot;action&quot;:&quot;https:\\\/\\\/moncompte.actu.fr&quot;,&quot;category&quot;:&quot;mon compte&quot;,&quot;from&quot;:&quot;article footer&quot;,&quot;name&quot;:&quot;Mon actu&quot;,&quot;type&quot;:&quot;cta&quot;}}\" target=\"_blank\">Mon Actu<\/a>.<\/p>\n","protected":false},"excerpt":{"rendered":"Par Margot Nicod\u00e8me Publi\u00e9 le 26 juin 2025 \u00e0 10h56 C\u2019\u00e9tait tout bonnement une journ\u00e9e (et une soir\u00e9e)&hellip;\n","protected":false},"author":2,"featured_media":205470,"comment_status":"","ping_status":"","sticky":false,"template":"","format":"standard","meta":{"footnotes":""},"categories":[2815],"tags":[1111,11,1777,674,1011,27,811,4288,1307,12,10899,25,104],"class_list":{"0":"post-205469","1":"post","2":"type-post","3":"status-publish","4":"format-standard","5":"has-post-thumbnail","7":"category-lille","8":"tag-actu","9":"tag-actualites","10":"tag-eu","11":"tag-europe","12":"tag-fr","13":"tag-france","14":"tag-hauts-de-france","15":"tag-ilevia","16":"tag-lille","17":"tag-news","18":"tag-panne","19":"tag-republique-francaise","20":"tag-societe"},"share_on_mastodon":{"url":"https:\/\/pubeurope.com\/@fr\/114748981533868989","error":""},"_links":{"self":[{"href":"https:\/\/www.europesays.com\/fr\/wp-json\/wp\/v2\/posts\/205469","targetHints":{"allow":["GET"]}}],"collection":[{"href":"https:\/\/www.europesays.com\/fr\/wp-json\/wp\/v2\/posts"}],"about":[{"href":"https:\/\/www.europesays.com\/fr\/wp-json\/wp\/v2\/types\/post"}],"author":[{"embeddable":true,"href":"https:\/\/www.europesays.com\/fr\/wp-json\/wp\/v2\/users\/2"}],"replies":[{"embeddable":true,"href":"https:\/\/www.europesays.com\/fr\/wp-json\/wp\/v2\/comments?post=205469"}],"version-history":[{"count":0,"href":"https:\/\/www.europesays.com\/fr\/wp-json\/wp\/v2\/posts\/205469\/revisions"}],"wp:featuredmedia":[{"embeddable":true,"href":"https:\/\/www.europesays.com\/fr\/wp-json\/wp\/v2\/media\/205470"}],"wp:attachment":[{"href":"https:\/\/www.europesays.com\/fr\/wp-json\/wp\/v2\/media?parent=205469"}],"wp:term":[{"taxonomy":"category","embeddable":true,"href":"https:\/\/www.europesays.com\/fr\/wp-json\/wp\/v2\/categories?post=205469"},{"taxonomy":"post_tag","embeddable":true,"href":"https:\/\/www.europesays.com\/fr\/wp-json\/wp\/v2\/tags?post=205469"}],"curies":[{"name":"wp","href":"https:\/\/api.w.org\/{rel}","templated":true}]}}