{"id":205473,"date":"2025-06-26T09:35:10","date_gmt":"2025-06-26T09:35:10","guid":{"rendered":"https:\/\/www.europesays.com\/fr\/205473\/"},"modified":"2025-06-26T09:35:10","modified_gmt":"2025-06-26T09:35:10","slug":"la-reservation-pour-acceder-aux-calanques-devient-obligatoire-a-partir-de-samedi","status":"publish","type":"post","link":"https:\/\/www.europesays.com\/fr\/205473\/","title":{"rendered":"La r\u00e9servation pour acc\u00e9der aux calanques devient obligatoire \u00e0 partir de samedi"},"content":{"rendered":"<p><strong>Tourisme &#8211; Jusqu\u2019au 31 ao\u00fbt, la r\u00e9servation est obligatoire tous les jours pour acc\u00e9der aux calanques de Sugiton et des Pierres Tomb\u00e9es. La jauge est limit\u00e9e \u00e0 400 personnes par jour<\/strong><\/p>\n<p>Maillot de bain, cr\u00e8me solaire et QR code. A partir de samedi, et jusqu\u2019au 31 ao\u00fbt, la <a href=\"https:\/\/www.20minutes.fr\/societe\/4012557-20221130-marseille-acces-reservation-calanque-sugiton-prolonge-cinq?at_medium=RSS%20feed&amp;at_campaign=ynews&amp;utm_source=yahoo&amp;utm_medium=rss&amp;utm_campaign=news_feed&amp;utm_content=in_article_link\" rel=\"nofollow noopener\" target=\"_blank\" data-ylk=\"slk:r\u00e9servation sera obligatoire;elm:context_link;itc:0;sec:content-canvas\" class=\"link \">r\u00e9servation sera obligatoire<\/a> tous les jours pour acc\u00e9der aux <a href=\"https:\/\/www.20minutes.fr\/dossier\/calanques?at_medium=RSS%20feed&amp;at_campaign=ynews&amp;utm_source=yahoo&amp;utm_medium=rss&amp;utm_campaign=news_feed&amp;utm_content=in_article_link\" rel=\"nofollow noopener\" target=\"_blank\" data-ylk=\"slk:calanques;elm:context_link;itc:0;sec:content-canvas\" class=\"link \">calanques<\/a> de Sugiton et des Pierres Tomb\u00e9es, \u00e0 <a href=\"https:\/\/www.20minutes.fr\/marseille\/?at_medium=RSS%20feed&amp;at_campaign=ynews&amp;utm_source=yahoo&amp;utm_medium=rss&amp;utm_campaign=news_feed&amp;utm_content=in_article_link\" rel=\"nofollow noopener\" target=\"_blank\" data-ylk=\"slk:Marseille;elm:context_link;itc:0;sec:content-canvas\" class=\"link \">Marseille<\/a>. Le dispositif, d\u00e9j\u00e0 en vigueur sur le week-end dernier, permet de limiter l\u2019acc\u00e8s \u00e0 400 personnes par jour dans cet espace naturel.<\/p>\n<p>La r\u00e9servation pour la journ\u00e9e, possible jusqu\u2019\u00e0 cinq personnes, est gratuite et s\u2019effectue en ligne. \u00ab Il est possible de r\u00e9server 3 jours avant le jour de sa visite et jusqu\u2019\u00e0 18 heures la veille du jour de la visite \u00bb, pr\u00e9cise le Parc national des calanques sur son site Internet.<\/p>\n<p>Il faut cependant \u00eatre vif : en haute saison, les places partent vite, notamment celles pour le week-end. Les heureux \u00e9lus recevront un QR code \u00e0 pr\u00e9senter en fond de calanque pour y acc\u00e9der. Sans ce s\u00e9same, pas de rando ni de baignade.<\/p>\n<p>Prot\u00e9ger la pin\u00e8de<\/p>\n<p>La <a href=\"https:\/\/www.20minutes.fr\/planete\/3315623-20220626-marseille-calme-visiteurs-redecouvrent-calanque-sugiton-sous-quota?at_medium=RSS%20feed&amp;at_campaign=ynews&amp;utm_source=yahoo&amp;utm_medium=rss&amp;utm_campaign=news_feed&amp;utm_content=in_article_link\" rel=\"nofollow noopener\" target=\"_blank\" data-ylk=\"slk:jauge a \u00e9t\u00e9 mise en place en 2022;elm:context_link;itc:0;sec:content-canvas\" class=\"link \">jauge a \u00e9t\u00e9 mise en place en 2022 <\/a>pour prot\u00e9ger l\u2019espace naturel de la surfr\u00e9quentation. Avant cette d\u00e9cision, des pics jusqu\u2019\u00e0 2.500 visiteurs par jour ont \u00e9t\u00e9 observ\u00e9s, rappelle le Parc national des calanques sur son site Internet, acc\u00e9l\u00e9rant l\u2019\u00e9rosion et mena\u00e7ant la pin\u00e8de.<\/p>\n<p>La mesure a \u00e9t\u00e9 reconduite jusqu\u2019en 2027, tandis que ses b\u00e9n\u00e9fices sont \u00e9valu\u00e9s par des scientifiques.<\/p>\n<p><a href=\"https:\/\/www.20minutes.fr\/marseille\/4160499-20250626-marseille-reservation-acceder-calanques-devient-obligatoire-partir-samedi?at_medium=RSS%20feed&amp;at_campaign=ynews&amp;utm_source=yahoo&amp;utm_medium=rss&amp;utm_campaign=news_feed&amp;utm_content=read_more_link\" rel=\"nofollow noopener\" target=\"_blank\" data-ylk=\"slk:Lire la suite sur 20minutes;elm:context_link;itc:0;sec:content-canvas\" class=\"link \">Lire la suite sur 20minutes<\/a><\/p>\n<p>\u00c0 lire aussi :<br \/><a href=\"https:\/\/www.20minutes.fr\/tempo\/escapade\/4075913-20240212-trois-plages-francaises-top-100-plus-belles-plages-monde?at_medium=RSS%20feed&amp;at_campaign=ynews&amp;utm_source=yahoo&amp;utm_medium=rss&amp;utm_campaign=news_feed&amp;utm_content=related_content_link\" rel=\"nofollow noopener\" target=\"_blank\" data-ylk=\"slk:Trois plages fran\u00e7aises dans le top 100 des plus belles plages du monde;elm:context_link;itc:0;sec:content-canvas\" class=\"link \">Trois plages fran\u00e7aises dans le top 100 des plus belles plages du monde<\/a><br \/><a href=\"https:\/\/www.20minutes.fr\/planete\/environnement\/4035550-20230506-marseille-touristes-evidemment-bienvenus-calanques-assure-nouvelle-directrice-parc?at_medium=RSS%20feed&amp;at_campaign=ynews&amp;utm_source=yahoo&amp;utm_medium=rss&amp;utm_campaign=news_feed&amp;utm_content=related_content_link\" rel=\"nofollow noopener\" target=\"_blank\" data-ylk=\"slk:Marseille : \u00ab Les touristes sont \u00e9videmment les bienvenus dans les calanques \u00bb, assure la nouvelle directrice du parc;elm:context_link;itc:0;sec:content-canvas\" class=\"link \">Marseille : \u00ab Les touristes sont \u00e9videmment les bienvenus dans les calanques \u00bb, assure la nouvelle directrice du parc<\/a><\/p>\n","protected":false},"excerpt":{"rendered":"Tourisme &#8211; Jusqu\u2019au 31 ao\u00fbt, la r\u00e9servation est obligatoire tous les jours pour acc\u00e9der aux calanques de Sugiton&hellip;\n","protected":false},"author":2,"featured_media":205474,"comment_status":"","ping_status":"","sticky":false,"template":"","format":"standard","meta":{"footnotes":""},"categories":[2814],"tags":[1111,11,1777,674,1011,27,24404,884,12,34429,34430,882,25,34431,34428],"class_list":{"0":"post-205473","1":"post","2":"type-post","3":"status-publish","4":"format-standard","5":"has-post-thumbnail","7":"category-marseille","8":"tag-actu","9":"tag-actualites","10":"tag-eu","11":"tag-europe","12":"tag-fr","13":"tag-france","14":"tag-maillot-de-bain","15":"tag-marseille","16":"tag-news","17":"tag-pierres-tombees","18":"tag-plus-belles-plages-du-monde","19":"tag-provence-alpes-cote-dazur","20":"tag-republique-francaise","21":"tag-reservation","22":"tag-sugiton"},"share_on_mastodon":{"url":"https:\/\/pubeurope.com\/@fr\/114748989404060088","error":""},"_links":{"self":[{"href":"https:\/\/www.europesays.com\/fr\/wp-json\/wp\/v2\/posts\/205473","targetHints":{"allow":["GET"]}}],"collection":[{"href":"https:\/\/www.europesays.com\/fr\/wp-json\/wp\/v2\/posts"}],"about":[{"href":"https:\/\/www.europesays.com\/fr\/wp-json\/wp\/v2\/types\/post"}],"author":[{"embeddable":true,"href":"https:\/\/www.europesays.com\/fr\/wp-json\/wp\/v2\/users\/2"}],"replies":[{"embeddable":true,"href":"https:\/\/www.europesays.com\/fr\/wp-json\/wp\/v2\/comments?post=205473"}],"version-history":[{"count":0,"href":"https:\/\/www.europesays.com\/fr\/wp-json\/wp\/v2\/posts\/205473\/revisions"}],"wp:featuredmedia":[{"embeddable":true,"href":"https:\/\/www.europesays.com\/fr\/wp-json\/wp\/v2\/media\/205474"}],"wp:attachment":[{"href":"https:\/\/www.europesays.com\/fr\/wp-json\/wp\/v2\/media?parent=205473"}],"wp:term":[{"taxonomy":"category","embeddable":true,"href":"https:\/\/www.europesays.com\/fr\/wp-json\/wp\/v2\/categories?post=205473"},{"taxonomy":"post_tag","embeddable":true,"href":"https:\/\/www.europesays.com\/fr\/wp-json\/wp\/v2\/tags?post=205473"}],"curies":[{"name":"wp","href":"https:\/\/api.w.org\/{rel}","templated":true}]}}