{"id":205475,"date":"2025-06-26T09:36:16","date_gmt":"2025-06-26T09:36:16","guid":{"rendered":"https:\/\/www.europesays.com\/fr\/205475\/"},"modified":"2025-06-26T09:36:16","modified_gmt":"2025-06-26T09:36:16","slug":"lyon-gregory-doucet-annonce-un-jumelage-avec-une-ville-palestinienne-sans-parler-de-la-ville-israelienne-jumelee-avec-lyon-touchee-par-liran","status":"publish","type":"post","link":"https:\/\/www.europesays.com\/fr\/205475\/","title":{"rendered":"Lyon. Gr\u00e9gory Doucet annonce un jumelage avec une ville palestinienne\u2026 sans parler de la ville isra\u00e9lienne jumel\u00e9e avec Lyon touch\u00e9e par l&rsquo;Iran"},"content":{"rendered":"<p class=\"insetTitle\">Le maire de Lyon  a \u00e9crit \u00e0 son homologue de Beersheva pour lui exprimer son soutien<\/p>\n<p>Gr\u00e9gory Doucet aurait pu, pour r\u00e9pondre aux critiques de Charles-Franck L\u00e9vy (Pour Lyon) l\u2019accusant d\u2019un deux poids deux mesures dans le conflit au Proche-Orient, \u00e9voquer le courrier qu\u2019il a adress\u00e9 \u00e0 son homologue, le maire de Beersheva, ville jumel\u00e9e avec Lyon. Il a \u00e9t\u00e9 envoy\u00e9 le 25 juin, une semaine apr\u00e8s les frappes sur le centre hospitalier Soroka et sur des immeubles r\u00e9sidentiels de Beer-Sheva, qui ont caus\u00e9 plusieurs morts et des dizaines de bless\u00e9s.<\/p>\n<p>Le Progr\u00e8s a pu le lire. Le maire fait part de sa grande tristesse et exprime ses condol\u00e9ances, son soutien sinc\u00e8re et sa solidarit\u00e9 envers les victimes, les familles touch\u00e9es, ainsi qu&rsquo;envers l&rsquo;ensemble des habitants. Il appelle \u00e0 la paix\u00a0: \u00ab\u00a0Que le respect de la vie et des lois internationales guide le retour \u00e0 la s\u00e9r\u00e9nit\u00e9, pour le bien de tous.\u00a0\u00bb<\/p>\n<p>Et \u00e9crit\u00a0: \u00ab\u00a0L&rsquo;h\u00f4pital repr\u00e9sente l&rsquo;un des piliers de la protection civile dans le cadre du droit international humanitaire. C&rsquo;est pourquoi toute attaque affectant une infrastructure m\u00e9dicale est, en droit, condamnable, et moralement inacceptable. Il est temps de r\u00e9affirmer notre attachement aux principes de la Convention de Gen\u00e8ve : le ciblage de civils, de patients ou d&rsquo;infrastructures de sant\u00e9 constitue une violation grave.\u00a0\u00bb<\/p>\n","protected":false},"excerpt":{"rendered":"Le maire de Lyon a \u00e9crit \u00e0 son homologue de Beersheva pour lui exprimer son soutien Gr\u00e9gory Doucet&hellip;\n","protected":false},"author":2,"featured_media":205476,"comment_status":"","ping_status":"","sticky":false,"template":"","format":"standard","meta":{"footnotes":""},"categories":[1889],"tags":[1111,11,2430,1984,2757,1777,674,107,1011,27,2428,2756,12,316,25,2429],"class_list":{"0":"post-205475","1":"post","2":"type-post","3":"status-publish","4":"format-standard","5":"has-post-thumbnail","7":"category-lyon","8":"tag-actu","9":"tag-actualites","10":"tag-auvergne-rhone-alpes","11":"tag-conseil-municipal","12":"tag-edition-lyon-villeurbanne","13":"tag-eu","14":"tag-europe","15":"tag-fil-info","16":"tag-fr","17":"tag-france","18":"tag-lyon","19":"tag-lyon-bassin","20":"tag-news","21":"tag-politique","22":"tag-republique-francaise","23":"tag-rhone"},"share_on_mastodon":{"url":"https:\/\/pubeurope.com\/@fr\/114748993328267660","error":""},"_links":{"self":[{"href":"https:\/\/www.europesays.com\/fr\/wp-json\/wp\/v2\/posts\/205475","targetHints":{"allow":["GET"]}}],"collection":[{"href":"https:\/\/www.europesays.com\/fr\/wp-json\/wp\/v2\/posts"}],"about":[{"href":"https:\/\/www.europesays.com\/fr\/wp-json\/wp\/v2\/types\/post"}],"author":[{"embeddable":true,"href":"https:\/\/www.europesays.com\/fr\/wp-json\/wp\/v2\/users\/2"}],"replies":[{"embeddable":true,"href":"https:\/\/www.europesays.com\/fr\/wp-json\/wp\/v2\/comments?post=205475"}],"version-history":[{"count":0,"href":"https:\/\/www.europesays.com\/fr\/wp-json\/wp\/v2\/posts\/205475\/revisions"}],"wp:featuredmedia":[{"embeddable":true,"href":"https:\/\/www.europesays.com\/fr\/wp-json\/wp\/v2\/media\/205476"}],"wp:attachment":[{"href":"https:\/\/www.europesays.com\/fr\/wp-json\/wp\/v2\/media?parent=205475"}],"wp:term":[{"taxonomy":"category","embeddable":true,"href":"https:\/\/www.europesays.com\/fr\/wp-json\/wp\/v2\/categories?post=205475"},{"taxonomy":"post_tag","embeddable":true,"href":"https:\/\/www.europesays.com\/fr\/wp-json\/wp\/v2\/tags?post=205475"}],"curies":[{"name":"wp","href":"https:\/\/api.w.org\/{rel}","templated":true}]}}