{"id":205501,"date":"2025-06-26T09:50:10","date_gmt":"2025-06-26T09:50:10","guid":{"rendered":"https:\/\/www.europesays.com\/fr\/205501\/"},"modified":"2025-06-26T09:50:10","modified_gmt":"2025-06-26T09:50:10","slug":"le-danemark-veut-profiter-de-sa-presidence-de-lue-pour-renforcer-sa-ligne-dure-sur-les-migrations","status":"publish","type":"post","link":"https:\/\/www.europesays.com\/fr\/205501\/","title":{"rendered":"Le Danemark veut profiter de sa pr\u00e9sidence de l\u2019UE pour renforcer sa ligne dure sur les migrations"},"content":{"rendered":"<p>Le Danemark, qui depuis plusieurs ann\u00e9es d\u00e9fend politique migratoire plus stricte, entend utiliser sa pr\u00e9sidence de l\u2019Union europ\u00e9enne (UE), \u00e0 compter du 1er\u00a0juillet, pour durcir encore le traitement des demandeurs d\u2019asile et les recours en justice. La politique migratoire \u00ab\u00a0est li\u00e9e \u00e0 la s\u00e9curit\u00e9 [\u2026] Nous devons avoir une Europe plus s\u00fbre, stable et robuste, et cela n\u2019est pas vraiment le cas si nous ne contr\u00f4lons pas les flux vers l\u2019Europe\u00a0\u00bb, a d\u00e9clar\u00e9 la ministre danoise des Affaires europ\u00e9ennes Marie Bjerre, le 19\u00a0juin, lors de la pr\u00e9sentation des priorit\u00e9s de la future pr\u00e9sidence.<\/p>\n<p>La premi\u00e8re ministre danoise Mette Frederiksen a annonc\u00e9 la couleur lors d\u2019un d\u00e9placement \u00e0 Berlin, le 11\u00a0juin, et entend s\u2019activer sur deux fronts\u00a0: l\u2019externalisation des demandes d\u2019asile et la restriction de la port\u00e9e des arr\u00eats de la <a target=\"_self\" href=\"https:\/\/www.lanouvellerepublique.fr\/a-la-une\/controles-d-identite-au-facies-la-cedh-condamne-la-france-pour-un-controle-d-identite-discriminatoire-1750929323\" rel=\"nofollow noopener\">Cour europ\u00e9enne des droits de l\u2019homme<\/a> (CEDH). \u00ab\u00a0Nous avons besoin de nouvelles solutions pour r\u00e9duire l\u2019afflux en Europe et pour renvoyer efficacement ceux qui n\u2019ont pas le droit de rester dans nos pays\u00a0\u00bb, a-t-elle dit face au chancelier allemand Friedrich Merz, qui vantait le \u00ab\u00a0mod\u00e8le\u00a0\u00bb danois.<\/p>\n<p>Le Danemark, o\u00f9 la part de personnes d\u2019origine \u00e9trang\u00e8re est pass\u00e9e de 3,3\u00a0% \u00e0 16,3\u00a0% entre\u00a01985 et\u00a02025, justifie sa volont\u00e9 de limiter l\u2019accueil des migrants par le maintien d\u2019un \u00c9tat providence g\u00e9n\u00e9reux. En parall\u00e8le, son besoin de main-d\u2019\u0153uvre \u00e9trang\u00e8re a bondi, le nombre de permis de travail accord\u00e9s doublant en moins de dix ans, mais ceux-ci peuvent aussi \u00eatre rapidement r\u00e9voqu\u00e9s.<\/p>\n<p>Une situation \u00ab\u00a0schizophr\u00e9nique\u00a0\u00bb<\/p>\n<p>Au Danemark, les r\u00e9fugi\u00e9s obtiennent un permis de s\u00e9jour d\u2019un an renouvelable et sont encourag\u00e9s \u00e0 prendre le chemin du retour d\u00e8s que les autorit\u00e9s estiment que le besoin de protection a disparu. \u00ab\u00a0Les r\u00e9fugi\u00e9s sont cens\u00e9s s\u2019int\u00e9grer tout en \u00e9tant pr\u00eats \u00e0 partir \u00e0 tout moment [\u2026], une situation d\u2019un genre plut\u00f4t contradictoire ou schizophr\u00e8ne\u00a0\u00bb, explique la chercheuse Marie Sandberg, directrice du Centre sur les recherches migratoires (AMIS) de l\u2019Universit\u00e9 de Copenhague.<\/p>\n<p>\u00ab\u00a0La recherche a r\u00e9cemment montr\u00e9 que l\u2019accent accru mis sur les politiques de retour et la protection temporaire, ainsi que les exigences \u00e9lev\u00e9es pour obtenir un permis de s\u00e9jour permanent, cr\u00e9ent un paysage d\u2019int\u00e9gration tr\u00e8s, tr\u00e8s difficile pour les nouveaux arrivants dans la soci\u00e9t\u00e9 danoise\u00a0\u00bb, poursuit-elle. \u00c0 l\u2019\u00e9t\u00e9 2020, 200 Syriens se sont ainsi vus priver de leur permis de s\u00e9jour au motif\u00a0que \u00ab\u00a0la situation actuelle \u00e0\u00a0Damas\u00a0n\u2019est plus de nature \u00e0 justifier un permis de s\u00e9jour ou son extension\u00a0\u00bb.<\/p>\n<p>Depuis qu\u2019elle a pris la t\u00eate du parti social-d\u00e9mocrate danois en 2015, Mette Frederiksen, premi\u00e8re ministre du Danemark depuis 2019, a chang\u00e9 le discours de son parti en mati\u00e8re d\u2019immigration, dans la lign\u00e9e des gouvernements de droite, soutenus par l\u2019extr\u00eame droite, qui l\u2019ont pr\u00e9c\u00e9d\u00e9e au pouvoir. Elle a qualifi\u00e9 \u00e0 plusieurs reprises l\u2019immigration non-occidentale de \u00ab\u00a0plus grand d\u00e9fi\u00a0\u00bb pour le Danemark.<\/p>\n<p>En 2024, Mette Frederiksen avait soutenu un d\u00e9put\u00e9 Frederik Vad qui avait affirm\u00e9 que certains immigr\u00e9s bien int\u00e9gr\u00e9s \u00ab\u00a0sapaient\u00a0\u00bb parfois la soci\u00e9t\u00e9 danoise de l\u2019int\u00e9rieur. \u00ab\u00a0Culturellement, on est un pays sociable et d\u00e9tendu et pour une raison quelconque, les musulmans ont \u00e9t\u00e9, et sont toujours, per\u00e7us comme une sorte de menace \u00e0 cette culture lib\u00e9rale\u00a0\u00bb, regrette Michala Bendixen, pr\u00e9sidente de l\u2019ONG Refugees Welcome.<\/p>\n<p>Tentative d\u2019externalisation des demandes d\u2019asile<\/p>\n<p>Chantre de l\u2019accueil de \u00ab\u00a0z\u00e9ro\u00a0\u00bb r\u00e9fugi\u00e9, le Danemark a accept\u00e9 860 demandes d\u2019asile en 2024, soit pr\u00e8s de 13 fois moins qu\u2019en 2015, et Mette Frederiksen d\u00e9fend l\u2019externalisation des demandes d\u2019asile et de leurs demandeurs. Il y a deux ans, son gouvernement avait suspendu son projet de transf\u00e9rer les demandeurs d\u2019asiles danois hors d\u2019Europe, possiblement au Rwanda, pour essayer de trouver une solution commune avec l\u2019Union europ\u00e9enne pour organiser ce transfert.<\/p>\n<p>Bien que les essais d\u2019externalisation par des \u00c9tats europ\u00e9ens aient tous \u00e9chou\u00e9, \u00ab\u00a0il va y avoir une tentative europ\u00e9enne de faire quelque chose sur le sujet\u00a0\u00bb pendant la pr\u00e9sidence danoise, estime Michala Bendixen, la pr\u00e9sidente de Refugees Welcome. Sur un autre front, le Danemark s\u2019est associ\u00e9 \u00e0 l\u2019Italie et sept autres pays pour demander une r\u00e9interpr\u00e9tation de la Convention europ\u00e9enne des droits de l\u2019Homme sur les migrations, arguant qu\u2019elle prot\u00e8ge parfois \u00ab\u00a0les mauvaises personnes\u00a0\u00bb.<\/p>\n<p>\u00ab\u00a0Nous \u00e9tions fiers d\u2019\u00eatre parmi les premiers pays \u00e0 signer la Convention des Nations unies sur les r\u00e9fugi\u00e9s de 1951 et nous avons \u00e9galement fait partie du programme de r\u00e9installation du HCR [le Haut-commissariat aux r\u00e9fugi\u00e9s] depuis la fin des ann\u00e9es 1980.\u00a0Cependant [\u2026], le Danemark semble pr\u00eat \u00e0 tester les limites des conventions\u00a0\u00bb, insiste la chercheuse Marie Sandberg. Pour Michala Bendixen, ce positionnement \u00ab\u00a0fragilise toute la mentalit\u00e9 de l\u2019Europe\u00a0\u00bb.<\/p>\n","protected":false},"excerpt":{"rendered":"Le Danemark, qui depuis plusieurs ann\u00e9es d\u00e9fend politique migratoire plus stricte, entend utiliser sa pr\u00e9sidence de l\u2019Union europ\u00e9enne&hellip;\n","protected":false},"author":2,"featured_media":205502,"comment_status":"","ping_status":"","sticky":false,"template":"","format":"standard","meta":{"footnotes":""},"categories":[1586],"tags":[328,11,1777,674,1779,1011,27,329,74,12,316,25,1778,364],"class_list":{"0":"post-205501","1":"post","2":"type-post","3":"status-publish","4":"format-standard","5":"has-post-thumbnail","7":"category-europe","8":"tag-a-la-une","9":"tag-actualites","10":"tag-eu","11":"tag-europe","12":"tag-european-union","13":"tag-fr","14":"tag-france","15":"tag-france-monde","16":"tag-monde","17":"tag-news","18":"tag-politique","19":"tag-republique-francaise","20":"tag-ue","21":"tag-union-europeenne"},"share_on_mastodon":{"url":"https:\/\/pubeurope.com\/@fr\/114749048321839383","error":""},"_links":{"self":[{"href":"https:\/\/www.europesays.com\/fr\/wp-json\/wp\/v2\/posts\/205501","targetHints":{"allow":["GET"]}}],"collection":[{"href":"https:\/\/www.europesays.com\/fr\/wp-json\/wp\/v2\/posts"}],"about":[{"href":"https:\/\/www.europesays.com\/fr\/wp-json\/wp\/v2\/types\/post"}],"author":[{"embeddable":true,"href":"https:\/\/www.europesays.com\/fr\/wp-json\/wp\/v2\/users\/2"}],"replies":[{"embeddable":true,"href":"https:\/\/www.europesays.com\/fr\/wp-json\/wp\/v2\/comments?post=205501"}],"version-history":[{"count":0,"href":"https:\/\/www.europesays.com\/fr\/wp-json\/wp\/v2\/posts\/205501\/revisions"}],"wp:featuredmedia":[{"embeddable":true,"href":"https:\/\/www.europesays.com\/fr\/wp-json\/wp\/v2\/media\/205502"}],"wp:attachment":[{"href":"https:\/\/www.europesays.com\/fr\/wp-json\/wp\/v2\/media?parent=205501"}],"wp:term":[{"taxonomy":"category","embeddable":true,"href":"https:\/\/www.europesays.com\/fr\/wp-json\/wp\/v2\/categories?post=205501"},{"taxonomy":"post_tag","embeddable":true,"href":"https:\/\/www.europesays.com\/fr\/wp-json\/wp\/v2\/tags?post=205501"}],"curies":[{"name":"wp","href":"https:\/\/api.w.org\/{rel}","templated":true}]}}