{"id":205510,"date":"2025-06-26T09:56:09","date_gmt":"2025-06-26T09:56:09","guid":{"rendered":"https:\/\/www.europesays.com\/fr\/205510\/"},"modified":"2025-06-26T09:56:09","modified_gmt":"2025-06-26T09:56:09","slug":"jetais-dans-loptique-de-rejouer-au-rugby-alix-broncan-du-combat-contre-la-maladie-au-stade-de-france","status":"publish","type":"post","link":"https:\/\/www.europesays.com\/fr\/205510\/","title":{"rendered":"\u00ab\u00a0J\u2019\u00e9tais dans l\u2019optique de rejouer au rugby\u00a0\u00bb : Alix Broncan, du combat contre la maladie au Stade de France"},"content":{"rendered":"<p>\n                Le rugby, plus qu\u2019un sport, une v\u00e9ritable histoire de famille, de transmission et de r\u00e9silience. Alix Broncan, fils de Pierre-Henry (actuel directeur du rugby de Brive) et petit-fils d\u2019Henry &#8211; qui sont des figures bien connues de ce sport -, en est un exemple bouleversant. Le 12 janvier 2024, la vie de la famille Broncan a compl\u00e8tement bascul\u00e9. Le jour de ses quinze ans, Alix a appris qu\u2019il \u00e9tait atteint d\u2019un lymphome, \u00e0 savoir un cancer du syst\u00e8me lymphatique, qui affecte les cellules charg\u00e9es de d\u00e9fendre l\u2019organisme. Une terrible nouvelle pour ce jeune cadet du Stade toulousain, oblig\u00e9 de d\u00e9laisser les terrains pour l\u2019h\u00f4pital. Mais, en presque un an, apr\u00e8s des mois de lutte acharn\u00e9e, il a fait son retour sur les terrains d\u2019Ernest-Wallon. Samedi apr\u00e8s-midi, il sera m\u00eame pr\u00e9sent avec son \u00e9quipe au Stade de France pour la finale du championnat Cadet Alamercery, contre Montpellier, en lever de rideau de celle du Top 14. Une revanche sur la maladie, mais surtout une belle le\u00e7on de courage. Le jeune homme a accept\u00e9 de revenir, dans nos colonnes, sur son histoire.\n            <\/p>\n<p><strong>Quel a \u00e9t\u00e9 votre premier ressenti en apprenant votre maladie ?<\/strong><\/p>\n<p>J\u2019\u00e9tais un peu pr\u00e9par\u00e9 \u00e0 entendre que j\u2019\u00e9tais malade, je me suis dit qu\u2019il fallait combattre et ne pas l\u00e2cher car un lymphome est cens\u00e9 se soigner plus facilement que les autres cancers.<\/p>\n<p><strong>Qu\u2019est-ce qui vous a le plus aid\u00e9 <a href=\"https:\/\/www.rugbyrama.fr\/2024\/06\/21\/faits-divers-pierre-henry-broncan-brive-annonce-la-guerison-de-son-fils-12031660.php\" target=\"_self\" rel=\"nofollow noopener\">pendant le traitement<\/a> ?<\/strong><\/p>\n<p>Je n\u2019ai pas arr\u00eat\u00e9 le sport. M\u00eame \u00e0 l\u2019h\u00f4pital, je continuais \u00e0 rester en bonne condition physique malgr\u00e9 la fatigue. Souvent, les jeunes atteints de maladie de ce type perdent beaucoup de poids puisqu\u2019ils ne mangent plus trop et moins bien. Moi, j\u2019ai r\u00e9ussi \u00e0 garder une bonne alimentation et, au lieu de perdre du poids, j\u2019en ai pris&#8230; Et puis, le plus important, c\u2019\u00e9tait mon entourage qui est rest\u00e9 tr\u00e8s proche de moi, que ce soit mes parents, mon fr\u00e8re, mes grands-parents ou mes amis.<\/p>\n<p><strong>Justement, quel r\u00f4le votre famille, vos amis et votre club ont-ils jou\u00e9 pendant cette p\u00e9riode ?<\/strong><\/p>\n<p>Ils ont \u00e9t\u00e9 tr\u00e8s pr\u00e9sents et tous pr\u00e9sents. Mes amis venaient souvent me voir, m\u00eame s\u2019ils habitaient loin. Le groupe du Stade toulousain ne m\u2019a jamais mis \u00e0 l\u2019\u00e9cart. Au contraire, je recevais des messages tr\u00e8s r\u00e9guli\u00e8rement. Ma famille \u00e9tait tout le temps avec moi \u00e0 l\u2019h\u00f4pital. \u00c0 tour de r\u00f4le, ils dormaient sur place ou passaient la journ\u00e9e avec moi pour ne pas que je me sente seul.<\/p>\n<p><strong>Vous \u00eates donc rest\u00e9 en contact avec votre \u00e9quipe pendant le traitement&#8230;<\/strong><\/p>\n<p>Bien s\u00fbr ! \u00c9videmment que j\u2019\u00e9tais plus proche de certains joueurs qui venaient me voir presque tous les jours, apr\u00e8s les entra\u00eenements, apr\u00e8s les matchs. Mais franchement, toute l\u2019\u00e9quipe a \u00e9t\u00e9 hyper pr\u00e9sente durant cette p\u00e9riode.<\/p>\n<p><strong>Avez-vous eu peur de ne jamais rejouer au rugby ?<\/strong><\/p>\n<p>Non, pas vraiment. J\u2019\u00e9tais tout le temps dans l\u2019optique de m\u2019en sortir et de revenir jouer au rugby. Apr\u00e8s, forc\u00e9ment, j\u2019avais la crainte de ne pas bien revenir physiquement et de ne pas retrouver mon niveau d\u2019avant.<\/p>\n<p><strong>Le rugby a-t-il servi de moteur pour vous battre ?<\/strong><\/p>\n<p>Oui. Je me rappelle que, lorsque je faisais de la pr\u00e9paration physique avec des co\u00e9quipiers ou tout seul et que j\u2019\u00e9tais dans le dur, que j\u2019\u00e9tais derri\u00e8re les autres, je me regardais et me disais que j\u2019avais travers\u00e9 des choses difficiles, que c\u2019\u00e9tait donc beau d\u2019en \u00eatre l\u00e0 en si peu de temps.<\/p>\n<p><strong>A<\/strong><strong>vez-vous r<\/strong><strong>e\u00e7u des messages marquants de soutien, de joueurs du club ou d\u2019ailleurs,\u00a0<\/strong><strong>de\u00a0<\/strong><strong>pro<\/strong><strong>fessionnels<\/strong><strong>\u00a0ou amateurs, de jeunes ?<\/strong><\/p>\n<p>Gr\u00e2ce \u00e0 mon papa qui est pr\u00e9sent dans ce monde du rugby, plusieurs joueurs professionnels m\u2019ont envoy\u00e9 des messages. L\u2019\u00e9quipe de Mirande avait fait un maillot d\u2019avant-match avec mon nom inscrit dessus. Les supporters de Brive\u00a0(club actuel de Pierre-Henry Broncan,\u00a0NDLR)\u00a0avaient aussi fait une affiche \u00e0 mon nom. J\u2019ai re\u00e7u des maillots d\u00e9dicac\u00e9s de la part de plusieurs \u00e9quipes professionnelles et amateures (Nevers, Colomiers, Auch, Lombez-Samatan). Mais la chose qui m\u2019a le plus marqu\u00e9, c\u2019est lorsque j\u2019ai re\u00e7u un maillot d\u00e9dicac\u00e9 et une lettre de Bundee Aki\u00a0(international irlandais,\u00a0NDLR). J\u2019\u00e9tais vraiment surpris car il ne conna\u00eet pas mon p\u00e8re et, personnellement, cela m\u2019a touch\u00e9 forc\u00e9ment.<\/p>\n<p><strong>Comment s\u2019est pass\u00e9 le retour \u00e0 l\u2019entra\u00eenement ? Aviez-vous des appr\u00e9hensions physiques ou mentales ?<\/strong><\/p>\n<p>Avant de reprendre, j\u2019ai d\u00fb subir une petite op\u00e9ration au pectoral droit pour enlever mon port-\u00e0-cath\u00a0(une chambre \u00e0 cath\u00e9ter implantable utilis\u00e9e pour la chimioth\u00e9rapie, NDLR). Donc, au moment de mon retour, j\u2019avais une petite appr\u00e9hension lors du premier plaquage. Mais elle est vite partie. J\u2019avais aussi peur d\u2019\u00eatre moins bon, cette peur de d\u00e9cevoir. Mais, franchement, il n\u2019y a eu aucun jugement. Tout le monde \u00e0 \u00e9t\u00e9 super cool lors de mon retour.<\/p>\n<p><strong>Avez-vous une routine depuis votre retour avant un match ?<\/strong><\/p>\n<p>Non, pas vraiment. Mais, avant mon match de retour avec le Stade toulousain contre Pau, je ne me trouvais pas trop motiv\u00e9&#8230; Donc, dans le bus, j\u2019ai regard\u00e9 des photos de moi un an auparavant \u00e0 l\u2019h\u00f4pital et j\u2019ai eu un regain d\u2019\u00e9nergie pour le match.<\/p>\n<p><strong>Quels sont vos projets ou vos r\u00eaves rugbystiques ?<\/strong><\/p>\n<p>A court terme, mon objectif est de revenir \u00e0 un bon niveau et de d\u00e9crocher ma place en Crabos puisqu&rsquo;on sait que c\u2019est compliqu\u00e9 pour un \u00ab\u00a0premi\u00e8re ann\u00e9e\u00a0\u00bb de se faire une place dans l\u2019effectif\u00a0(le championnat Crabos se d\u00e9roule sur deux ans,\u00a0NDLR). Puis, en tant que passionn\u00e9 et comp\u00e9titeur, mon r\u00eave est de finir joueur professionnel.<\/p>\n<p><strong>Quelle est votre plus grande fiert\u00e9 aujourd\u2019hui ?<\/strong><\/p>\n<p>Ma fiert\u00e9 ? C\u2019est celle d\u2019avoir en grande partie battu la maladie, de m\u2019en \u00eatre bien sorti car les personnes sortent souvent de ces p\u00e9riodes traumatis\u00e9es. Pour moi, c\u2019est l\u2019inverse. J\u2019en suis sorti en me disant que c\u2019est une \u00e9tape de ma vie.<\/p>\n<p><strong>Et si vous deviez r\u00e9sumer votre parcours en une phrase ?<\/strong><\/p>\n<p>Ne jamais baisser les bras, \u00eatre positif m\u00eame si ce n\u2019est pas facile. Et combattre avec courage. Avec tout cela, vous allez y arriver.<\/p>\n<p><strong>Comment\u00a0<\/strong><strong>appr\u00e9hendez-vous\u00a0<\/strong><strong>la finale de samedi ?<\/strong><\/p>\n<p>Le groupe est concentr\u00e9, tous les joueurs sont impliqu\u00e9s pour s\u2019entraider. Chacun a conscience de l\u2019enjeu qui nous attend samedi, surtout qu\u2019on a d\u00e9j\u00e0 laiss\u00e9 passer le Bouclier l\u2019an dernier en finale. Donc, notre objectif n\u2019est pas d\u2019\u00eatre juste au Stade de France mais bien de soulever le bouclier samedi apr\u00e8s-midi.<\/p>\n","protected":false},"excerpt":{"rendered":"Le rugby, plus qu\u2019un sport, une v\u00e9ritable histoire de famille, de transmission et de r\u00e9silience. Alix Broncan, fils&hellip;\n","protected":false},"author":2,"featured_media":205511,"comment_status":"","ping_status":"","sticky":false,"template":"","format":"standard","meta":{"footnotes":""},"categories":[1416],"tags":[1011,27,479,1468,60],"class_list":{"0":"post-205510","1":"post","2":"type-post","3":"status-publish","4":"format-standard","5":"has-post-thumbnail","7":"category-rugby","8":"tag-fr","9":"tag-france","10":"tag-rugby","11":"tag-rugby-football","12":"tag-sports"},"share_on_mastodon":{"url":"https:\/\/pubeurope.com\/@fr\/114749071922886300","error":""},"_links":{"self":[{"href":"https:\/\/www.europesays.com\/fr\/wp-json\/wp\/v2\/posts\/205510","targetHints":{"allow":["GET"]}}],"collection":[{"href":"https:\/\/www.europesays.com\/fr\/wp-json\/wp\/v2\/posts"}],"about":[{"href":"https:\/\/www.europesays.com\/fr\/wp-json\/wp\/v2\/types\/post"}],"author":[{"embeddable":true,"href":"https:\/\/www.europesays.com\/fr\/wp-json\/wp\/v2\/users\/2"}],"replies":[{"embeddable":true,"href":"https:\/\/www.europesays.com\/fr\/wp-json\/wp\/v2\/comments?post=205510"}],"version-history":[{"count":0,"href":"https:\/\/www.europesays.com\/fr\/wp-json\/wp\/v2\/posts\/205510\/revisions"}],"wp:featuredmedia":[{"embeddable":true,"href":"https:\/\/www.europesays.com\/fr\/wp-json\/wp\/v2\/media\/205511"}],"wp:attachment":[{"href":"https:\/\/www.europesays.com\/fr\/wp-json\/wp\/v2\/media?parent=205510"}],"wp:term":[{"taxonomy":"category","embeddable":true,"href":"https:\/\/www.europesays.com\/fr\/wp-json\/wp\/v2\/categories?post=205510"},{"taxonomy":"post_tag","embeddable":true,"href":"https:\/\/www.europesays.com\/fr\/wp-json\/wp\/v2\/tags?post=205510"}],"curies":[{"name":"wp","href":"https:\/\/api.w.org\/{rel}","templated":true}]}}