{"id":205515,"date":"2025-06-26T09:59:12","date_gmt":"2025-06-26T09:59:12","guid":{"rendered":"https:\/\/www.europesays.com\/fr\/205515\/"},"modified":"2025-06-26T09:59:12","modified_gmt":"2025-06-26T09:59:12","slug":"alex-marquez-sait-le-titre-dur-a-atteindre","status":"publish","type":"post","link":"https:\/\/www.europesays.com\/fr\/205515\/","title":{"rendered":"\u00c1lex M\u00e1rquez sait le titre dur \u00e0 atteindre"},"content":{"rendered":"<p>Ses chances de titre\u00a0?\u00a0<a href=\"https:\/\/fr.motorsport.com\/driver\/alex-marquez\/96324\/\" target=\"_blank\" rel=\"noopener\">\u00c1lex M\u00e1rquez<\/a> continue \u00e0 les minimiser, et ce pour une raison simple. Le pilote consid\u00e8re en effet que son fr\u00e8re et leader du championnat, <a href=\"https:\/\/fr.motorsport.com\/driver\/marc-marquez\/92646\/\" target=\"_blank\" rel=\"noopener\">Marc M\u00e1rquez<\/a>, est un cran au-dessus. Non seulement celui-ci a retrouv\u00e9 son meilleur niveau de pilote, mais il fait aussi la diff\u00e9rence gr\u00e2ce \u00e0 une moto plus aboutie que celle dont son cadet b\u00e9n\u00e9ficie chez Gresini.<\/p>\n<p>M\u00eame si les similarit\u00e9s entre la GP24 d&rsquo;\u00c1lex M\u00e1rquez et la GP25 de Marc M\u00e1rquez et <a href=\"https:\/\/fr.motorsport.com\/driver\/pecco-bagnaia\/109394\/\" target=\"_blank\" rel=\"noopener\">Pecco Bagnaia<\/a> ne cessent de faire d\u00e9bat depuis le d\u00e9but du championnat, avec chez les uns et les autres tout un \u00e9ventail de qualificatifs pour signifier que les motos seraient plus ou moins proches dans leur conception de base, un constat s&rsquo;impose\u00a0:\u00a0celle de l&rsquo;\u00e9quipe d&rsquo;usine est vou\u00e9e \u00e0 \u00e9voluer au cours de la saison, l\u00e0 o\u00f9 le team Gresini devra chercher \u00e0 maximiser jusqu&rsquo;au dernier Grand Prix un package qui restera inchang\u00e9.<\/p>\n<p>\u00ab\u00a0\u00c7a va \u00eatre difficile pour nous de nous battre\u00a0\u00bb, estime donc le deuxi\u00e8me du <a href=\"https:\/\/fr.motorsport.com\/motogp\/news\/championnat-marquez-relegue-bagnaia-mugello\/10735173\/\" target=\"_self\" rel=\"noopener\">championnat<\/a>. \u00ab\u00a0Il ne faut pas oublier qu&rsquo;on est un team ind\u00e9pendant, avec la moto de l&rsquo;ann\u00e9e derni\u00e8re. Ils ont quelque chose de plus que nous, ils ont certaines choses, certains d\u00e9tails, et c&rsquo;est normal, c&rsquo;est l&rsquo;\u00e9quipe officielle. C&rsquo;est comme \u00e7a.\u00a0\u00bb<\/p>\n<p>\u00ab\u00a0Mais en plus de \u00e7a, c&rsquo;est Marc. Il n&rsquo;est pas huit fois champion du monde pour rien, on ne gagne pas un championnat comme dans un album Panini\u00a0!\u00a0Peut-\u00eatre que certains pensent que j&rsquo;en ai gagn\u00e9 deux dans un album Panini, mais bon\u00a0!\u00a0\u00bb, glisse \u00c1lex M\u00e1rquez, bien souvent sous-estim\u00e9 malgr\u00e9 ses victoires au championnat dans les cat\u00e9gories Moto3 et Moto2.<\/p>\n<p>Lire aussi :<\/p>\n<p>\u00ab\u00a0C&rsquo;est comme \u00e7a, c&rsquo;est toujours dur de se battre contre lui\u00a0\u00bb, reprend-il, lui qui peut tout de m\u00eame s&rsquo;enorgueillir de ses r\u00e9sultats\u00a0:\u00a0six podiums en GP dont une victoire, ainsi qu&rsquo;un autre succ\u00e8s en course sprint s&rsquo;ajoutant \u00e0 huit deuxi\u00e8mes places. Bien souvent, il est celui qui parvient \u00e0 s&rsquo;affirmer comme le meilleur des autres derri\u00e8re la Ducati #93.<\/p>\n<p>Gigi Dall&rsquo;Igna ne s&rsquo;y trompe pas lorsqu&rsquo;il fait son \u00e9loge. \u00ab\u00a0Il ne faut jamais oublier qu&rsquo;\u00eatre constamment au sommet dans la cat\u00e9gorie reine est non seulement difficile d&rsquo;un point de vue technique, mais que cela demande aussi une maturit\u00e9 qu&rsquo;il faut du temps pour acqu\u00e9rir. Lui, il g\u00e8re tout comme un v\u00e9t\u00e9ran, et on serait presque un peu trop habitu\u00e9s \u00e0 ses r\u00e9sultats constants et \u00e0 la grande vitesse qu&rsquo;il affiche sur tous les circuits\u00a0\u00bb, observe le grand patron de Ducati Corse.<\/p>\n<p>\u00ab\u00a0Mon plus gros point fort est d&rsquo;\u00eatre constant et de ne pas faire d&rsquo;erreurs. Quand j&rsquo;ai l&rsquo;opportunit\u00e9 de le battre, j&rsquo;essaye, et je tente ma chance \u00e0 chaque course\u00a0\u00bb, promet \u00c1lex M\u00e1rquez. \u00ab\u00a0Les gens disent que je ne l&rsquo;attaque pas de la m\u00eame mani\u00e8re [que les autres], mais quand il est le plus rapide on ne peut tout simplement pas. On attaque le pilote qui est devant s&rsquo;il est plus lent\u00a0;\u00a0s&rsquo;il est plus rapide, on n&rsquo;a pas l&rsquo;opportunit\u00e9 de le d\u00e9passer. Donc je vais faire de mon mieux, essayer de faire mon championnat et apr\u00e8s on verra.\u00a0\u00bb<\/p>\n<p>   <img decoding=\"async\" draggable=\"false\" src=\"https:\/\/www.europesays.com\/fr\/wp-content\/uploads\/2025\/06\/1750931952_143_alex-marquez-gresini-racing.jpg\" alt=\"\u00c1lex M\u00e1rquez a remport\u00e9 sa premi\u00e8re victoire MotoGP cette ann\u00e9e.\" width=\"1200\" height=\"800\" loading=\"lazy\"\/> <\/p>\n<p class=\"title\">\u00c1lex M\u00e1rquez a remport\u00e9 sa premi\u00e8re victoire MotoGP cette ann\u00e9e.<\/p>\n<p class=\"photographer\">Photo de: Javier Soriano &#8211; AFP &#8211; Getty Images<\/p>\n<p>Fier de ce qu&rsquo;il a r\u00e9alis\u00e9 jusqu&rsquo;\u00e0 pr\u00e9sent, le pilote Gresini vient encore de consolider sa deuxi\u00e8me place au championnat face \u00e0 Pecco Bagnaia. \u00ab\u00a0On devance deux Ducati officielles et on peut en \u00eatre fiers\u00a0\u00bb, fait-il remarquer, lui qui a battu les GP25 de Bagnaia et Di Giannantonio au Mugello. \u00ab\u00a0Il faut continuer comme \u00e7a. Avec notre position au championnat, il ne faut pas qu&rsquo;on regarde uniquement le leader, mais aussi un peu derri\u00e8re parce que, pour nous, \u00eatre deuxi\u00e8mes du championnat c&rsquo;est d\u00e9j\u00e0 incroyable. Il faut qu&rsquo;on continue comme \u00e7a, qu&rsquo;on soit r\u00e9alistes par rapport \u00e0 nos possibilit\u00e9s et qu&rsquo;on continue \u00e0 avancer.\u00a0\u00bb<\/p>\n<p>Marc voit en\u00a0\u00c1lex un de ses plus grands adversaires<\/p>\n<p>\u00ab\u00a0J&rsquo;essaye de travailler, de tr\u00e8s bien faire les choses et j&rsquo;ai un bon package. Tous les ingr\u00e9dients sont donc r\u00e9unis pour faire une bonne saison\u00a0\u00bb, ajoute \u00c1lex M\u00e1rquez, avec un certain sens de l&rsquo;euph\u00e9misme tant ses prestations jusqu&rsquo;\u00e0 pr\u00e9sent ont \u00e9t\u00e9 remarquables. Et Marc M\u00e1rquez lui-m\u00eame ne s&rsquo;y trompe pas\u00a0:\u00a0lui qui se fait tr\u00e8s souvent l&rsquo;avocat de son fr\u00e8re et rappelle incessamment qu&rsquo;il est son premier rival au championnat, il est m\u00eame all\u00e9 jusqu&rsquo;\u00e0 l&rsquo;\u00e9riger parmi les plus grands adversaires qu&rsquo;il ait pu affronter dans sa carri\u00e8re.<\/p>\n<p>\u00ab\u00a0Quand on est pilote d&rsquo;usine, on a la pression de devoir se battre pour le titre, et particuli\u00e8rement quand on est chez Ducati parce que c&rsquo;est la meilleure moto de la grille. Alex pilote le mod\u00e8le pr\u00e9c\u00e9dent et dans l&rsquo;\u00e9quipe Ducati officielle on essaye d&rsquo;introduire de nouvelles pi\u00e8ces afin d&rsquo;augmenter notre avantage\u00a0\u00bb, rappelle d&rsquo;abord l&rsquo;octuple champion du monde.<\/p>\n<p>\u00ab\u00a0Mais m\u00eame comme \u00e7a, \u00c1lex est super rapide et je dois dire que, certes, \u00e7a n&rsquo;est que la neuvi\u00e8me course du championnat, mais je suis dans un des meilleurs moments de ma carri\u00e8re et \u00c1lex est bien l\u00e0. \u00c7a veut donc dire que, m\u00eame si c&rsquo;est mon fr\u00e8re, il est l&rsquo;un des adversaires les plus rudes que j&rsquo;ai eus dans ma carri\u00e8re car il est super constant, super rapide et il s&rsquo;\u00e9quilibre tr\u00e8s bien sur tous les circuits. Je savoure ce beau moment pour la famille M\u00e1rquez.\u00a0\u00bb<\/p>\n<p>Lire aussi :<\/p>\n<p>Dans cet article<\/p>\n<p>    L\u00e9na Buffa\n<\/p>\n<p>    MotoGP\n<\/p>\n<p>    Marc M\u00e1rquez\n<\/p>\n<p>    \u00c1lex M\u00e1rquez\n<\/p>\n<p>    Ducati Team\n<\/p>\n<p>    Gresini Racing\n<\/p>\n<p>Soyez le premier inform\u00e9 et souscrivez aux alertes mails pour recevoir les infos en temps r\u00e9el<\/p>\n<p>    S&rsquo;abonner aux alertes de news<\/p>\n","protected":false},"excerpt":{"rendered":"Ses chances de titre\u00a0?\u00a0\u00c1lex M\u00e1rquez continue \u00e0 les minimiser, et ce pour une raison simple. Le pilote consid\u00e8re&hellip;\n","protected":false},"author":2,"featured_media":205516,"comment_status":"","ping_status":"","sticky":false,"template":"","format":"standard","meta":{"footnotes":""},"categories":[1413],"tags":[4950,1011,27,3452,5038,1457,1456,1458,60,7896],"class_list":{"0":"post-205515","1":"post","2":"type-post","3":"status-publish","4":"format-standard","5":"has-post-thumbnail","7":"category-moto","8":"tag-ducati-team","9":"tag-fr","10":"tag-france","11":"tag-gresini-racing","12":"tag-marc-mu00e1rquez","13":"tag-moto","14":"tag-motocycle","15":"tag-motogp","16":"tag-sports","17":"tag-u00c1lex-mu00e1rquez"},"share_on_mastodon":{"url":"https:\/\/pubeurope.com\/@fr\/114749084096661337","error":""},"_links":{"self":[{"href":"https:\/\/www.europesays.com\/fr\/wp-json\/wp\/v2\/posts\/205515","targetHints":{"allow":["GET"]}}],"collection":[{"href":"https:\/\/www.europesays.com\/fr\/wp-json\/wp\/v2\/posts"}],"about":[{"href":"https:\/\/www.europesays.com\/fr\/wp-json\/wp\/v2\/types\/post"}],"author":[{"embeddable":true,"href":"https:\/\/www.europesays.com\/fr\/wp-json\/wp\/v2\/users\/2"}],"replies":[{"embeddable":true,"href":"https:\/\/www.europesays.com\/fr\/wp-json\/wp\/v2\/comments?post=205515"}],"version-history":[{"count":0,"href":"https:\/\/www.europesays.com\/fr\/wp-json\/wp\/v2\/posts\/205515\/revisions"}],"wp:featuredmedia":[{"embeddable":true,"href":"https:\/\/www.europesays.com\/fr\/wp-json\/wp\/v2\/media\/205516"}],"wp:attachment":[{"href":"https:\/\/www.europesays.com\/fr\/wp-json\/wp\/v2\/media?parent=205515"}],"wp:term":[{"taxonomy":"category","embeddable":true,"href":"https:\/\/www.europesays.com\/fr\/wp-json\/wp\/v2\/categories?post=205515"},{"taxonomy":"post_tag","embeddable":true,"href":"https:\/\/www.europesays.com\/fr\/wp-json\/wp\/v2\/tags?post=205515"}],"curies":[{"name":"wp","href":"https:\/\/api.w.org\/{rel}","templated":true}]}}